{"id":9559,"date":"2021-07-06T16:20:26","date_gmt":"2021-07-06T16:20:26","guid":{"rendered":"http:\/\/www.pasadenahoy.com\/primero\/?p=9559"},"modified":"2021-07-06T16:20:29","modified_gmt":"2021-07-06T16:20:29","slug":"hombre-acusado-de-apunalar-a-un-companero-de-cuarto-en-pasadena","status":"publish","type":"post","link":"http:\/\/www.pasadenahoy.com\/primero\/la-comunidad\/hombre-acusado-de-apunalar-a-un-companero-de-cuarto-en-pasadena\/","title":{"rendered":"Hombre acusado de apu\u00f1alar a un compa\u00f1ero de cuarto en Pasadena"},"content":{"rendered":"\n<figure class=\"wp-block-image alignnone size-large\"><figure class=\"alignnone\"><img loading=\"lazy\" width=\"740\" height=\"400\" src=\"http:\/\/www.pasadenahoy.com\/primero\/wp-content\/uploads\/2021\/07\/pic4.png\" alt=\"\" class=\"wp-image-9560\" srcset=\"http:\/\/www.pasadenahoy.com\/primero\/wp-content\/uploads\/2021\/07\/pic4.png 740w, http:\/\/www.pasadenahoy.com\/primero\/wp-content\/uploads\/2021\/07\/pic4-300x162.png 300w, http:\/\/www.pasadenahoy.com\/primero\/wp-content\/uploads\/2021\/07\/pic4-241x130.png 241w, http:\/\/www.pasadenahoy.com\/primero\/wp-content\/uploads\/2021\/07\/pic4-333x180.png 333w, http:\/\/www.pasadenahoy.com\/primero\/wp-content\/uploads\/2021\/07\/pic4-700x378.png 700w, http:\/\/www.pasadenahoy.com\/primero\/wp-content\/uploads\/2021\/07\/pic4-360x195.png 360w, http:\/\/www.pasadenahoy.com\/primero\/wp-content\/uploads\/2021\/07\/pic4-720x389.png 720w\" sizes=\"100vw\" \/><figcaption><span class=\"caption-text\">\u00a9 Colaboradores de OpenStreetMap<\/span><\/figcaption><\/figure><\/figure>\n\n\n\n<p>Un hombre apu\u00f1al\u00f3 repetidamente a su compa\u00f1ero de habitaci\u00f3n con una navaja de bolsillo en una casa de Pasadena antes de ser arrestado el lunes por la noche, dijeron las autoridades.<\/p>\n\n\n\n<p>El presunto ataque tuvo lugar alrededor de las 10:10 p.m. en la cuadra 700 de Worcester Avenue, dijo el teniente de la polic\u00eda de Pasadena, Sean Dawkins.<\/p>\n\n\n\n<p>Un testigo llam\u00f3 al 911 para informar que uno de sus compa\u00f1eros de habitaci\u00f3n acababa de apu\u00f1alar a otro, seg\u00fan el teniente.<\/p>\n\n\n\n<p>Los oficiales que respondieron encontraron a la v\u00edctima, un hombre de unos 20 a\u00f1os, fuera de la casa que sufr\u00eda m\u00faltiples pu\u00f1aladas en la parte superior del torso, dijo Dawkins. Las lesiones se consideraron graves, pero no se cree que pongan en peligro la vida.<\/p>\n\n\n\n<p>Mois\u00e9s De La Paz, de 24 a\u00f1os, todav\u00eda estaba en la casa, dijo. La polic\u00eda lo arrest\u00f3 bajo sospecha de agresi\u00f3n con un arma mortal.<\/p>\n\n\n\n<p>La v\u00edctima relat\u00f3 que estaba en la cocina de la casa cuando De La Paz sali\u00f3 de su habitaci\u00f3n armado con una navaja de bolsillo de 4 pulgadas y de repente comenz\u00f3 a apu\u00f1alarlo, sin ninguna provocaci\u00f3n aparente, dijo Dawkins.<\/p>\n\n\n\n<p>El motivo del apu\u00f1alamiento no estaba claro.<\/p>\n\n\n\n<p>Seg\u00fan los registros de reserva del condado de Los \u00c1ngeles, la fianza para De La Paz se fij\u00f3 en $ 30,000 en espera de su aparici\u00f3n inicial en la sucursal de Pasadena de la corte superior del condado de Los \u00c1ngeles, programada para el mi\u00e9rcoles.<br>More about this source textSource text required for additional translation information<\/p>\n","protected":false},"excerpt":{"rendered":"<p>Un hombre apu\u00f1al\u00f3 repetidamente a su compa\u00f1ero de habitaci\u00f3n con una navaja de bolsillo en una casa de Pasadena antes de ser arrestado el lunes por la noche, dijeron las autoridades. El presunto ataque tuvo lugar alrededor de las 10:10 p.m. en la cuadra 700 de Worcester Avenue, dijo el teniente de la polic\u00eda de Pasadena, Sean Dawkins. Un testigo llam\u00f3 al 911 para informar que uno de sus compa\u00f1eros de habitaci\u00f3n acababa de apu\u00f1alar a otro, seg\u00fan el teniente. [&hellip;]<\/p>\n","protected":false},"author":4,"featured_media":0,"comment_status":"open","ping_status":"closed","sticky":false,"template":"","format":"standard","meta":[],"categories":[4],"tags":[],"acf":[],"_links":{"self":[{"href":"http:\/\/www.pasadenahoy.com\/primero\/wp-json\/wp\/v2\/posts\/9559"}],"collection":[{"href":"http:\/\/www.pasadenahoy.com\/primero\/wp-json\/wp\/v2\/posts"}],"about":[{"href":"http:\/\/www.pasadenahoy.com\/primero\/wp-json\/wp\/v2\/types\/post"}],"author":[{"embeddable":true,"href":"http:\/\/www.pasadenahoy.com\/primero\/wp-json\/wp\/v2\/users\/4"}],"replies":[{"embeddable":true,"href":"http:\/\/www.pasadenahoy.com\/primero\/wp-json\/wp\/v2\/comments?post=9559"}],"version-history":[{"count":2,"href":"http:\/\/www.pasadenahoy.com\/primero\/wp-json\/wp\/v2\/posts\/9559\/revisions"}],"predecessor-version":[{"id":9562,"href":"http:\/\/www.pasadenahoy.com\/primero\/wp-json\/wp\/v2\/posts\/9559\/revisions\/9562"}],"wp:attachment":[{"href":"http:\/\/www.pasadenahoy.com\/primero\/wp-json\/wp\/v2\/media?parent=9559"}],"wp:term":[{"taxonomy":"category","embeddable":true,"href":"http:\/\/www.pasadenahoy.com\/primero\/wp-json\/wp\/v2\/categories?post=9559"},{"taxonomy":"post_tag","embeddable":true,"href":"http:\/\/www.pasadenahoy.com\/primero\/wp-json\/wp\/v2\/tags?post=9559"}],"curies":[{"name":"wp","href":"https:\/\/api.w.org\/{rel}","templated":true}]}}