{"id":9574,"date":"2021-07-07T16:00:33","date_gmt":"2021-07-07T16:00:33","guid":{"rendered":"http:\/\/www.pasadenahoy.com\/primero\/?p=9574"},"modified":"2021-07-07T16:00:36","modified_gmt":"2021-07-07T16:00:36","slug":"el-informe-de-impacto-ambiental-del-proyecto-del-canon-de-arroyo-seco-se-presentara-al-consejo","status":"publish","type":"post","link":"http:\/\/www.pasadenahoy.com\/primero\/la-comunidad\/el-informe-de-impacto-ambiental-del-proyecto-del-canon-de-arroyo-seco-se-presentara-al-consejo\/","title":{"rendered":"El informe de impacto ambiental del proyecto del Ca\u00f1\u00f3n de Arroyo Seco se presentar\u00e1 al Consejo"},"content":{"rendered":"\n<figure class=\"wp-block-image alignnone size-large\"><figure class=\"alignnone\"><img loading=\"lazy\" width=\"740\" height=\"259\" src=\"http:\/\/www.pasadenahoy.com\/primero\/wp-content\/uploads\/2021\/07\/pic-1-3.jpg\" alt=\"\" class=\"wp-image-9575\" srcset=\"http:\/\/www.pasadenahoy.com\/primero\/wp-content\/uploads\/2021\/07\/pic-1-3.jpg 740w, http:\/\/www.pasadenahoy.com\/primero\/wp-content\/uploads\/2021\/07\/pic-1-3-300x105.jpg 300w, http:\/\/www.pasadenahoy.com\/primero\/wp-content\/uploads\/2021\/07\/pic-1-3-371x130.jpg 371w, http:\/\/www.pasadenahoy.com\/primero\/wp-content\/uploads\/2021\/07\/pic-1-3-514x180.jpg 514w, http:\/\/www.pasadenahoy.com\/primero\/wp-content\/uploads\/2021\/07\/pic-1-3-700x245.jpg 700w, http:\/\/www.pasadenahoy.com\/primero\/wp-content\/uploads\/2021\/07\/pic-1-3-360x126.jpg 360w, http:\/\/www.pasadenahoy.com\/primero\/wp-content\/uploads\/2021\/07\/pic-1-3-720x252.jpg 720w\" sizes=\"100vw\" \/><figcaption><span class=\"caption-text\">La estructura de toma y desv\u00edo existente de PWP en Arroyo Seco, construida en las d\u00e9cadas de 1920 y 1930, contin\u00faa capturando los derechos de agua de la Ciudad (arriba a la izquierda). Las instalaciones resultaron da\u00f1adas por las tormentas que siguieron al incendio de la estaci\u00f3n de 2009 (arriba a la derecha).<\/span><\/figcaption><\/figure><\/figure>\n\n\n\n<p>Mientras contin\u00faan las conversaciones sobre una propuesta que podr\u00eda resolver las preocupaciones de los conservacionistas locales sobre dos permisos de uso condicional aprobados para trabajar en el Arroyo Seco, los cr\u00edticos de los permisos est\u00e1n programados para reunirse virtualmente esta semana.<\/p>\n\n\n\n<p>&#8220;Save the Trout &#8211; Heal the Basin&#8221; est\u00e1 programado para las 7 p.m. Jueves.<\/p>\n\n\n\n<p>La semana que viene, durante su reuni\u00f3n del lunes, el Concejo Municipal est\u00e1 programado para discutir el informe de impacto ambiental (EIR) del Proyecto Arroyo Seco Canyon.<\/p>\n\n\n\n<p>Los permisos de uso condicional son necesarios para reparar y reemplazar instalaciones dentro del \u00e1rea del Ca\u00f1\u00f3n Arroyo Seco que fueron da\u00f1adas o destruidas por eventos relacionados con Station Fire en 2009.<\/p>\n\n\n\n<p>El da\u00f1o a estas estructuras, seg\u00fan los funcionarios de la ciudad, ha reducido en gran medida la capacidad de la ciudad para desviar el agua del Arroyo Seco. Las mejoras propuestas permitir\u00edan una mayor utilizaci\u00f3n de los derechos de aguas superficiales de la ciudad anteriores a 1914 del Arroyo Seco.<\/p>\n\n\n\n<p>Los conservacionistas afirman que las truchas contin\u00faan habitando los arroyos all\u00ed y que el trabajo que se propone podr\u00eda destruir los peces.<\/p>\n\n\n\n<p>\u201cDefinitivamente hay truchas en Arroyo Seco, pero \u00bfle importa a Pasadena? Lo sabremos cuando el consejo decida el 12 de julio &#8220;, public\u00f3 el grupo en su sitio web.<\/p>\n\n\n\n<p>La presencia de peces nativos en el Arroyo Seco ha sido una fuente importante de controversia durante el proceso de revisi\u00f3n ambiental. La Fundaci\u00f3n Arroyo Seco (ASF) y otros comentaristas durante la revisi\u00f3n del EIR afirmaron que los peces nativos han estado presentes en el Arroyo Seco durante dos millones de a\u00f1os o m\u00e1s.<\/p>\n\n\n\n<p>Seg\u00fan la ASF, el Departamento de Agua y Energ\u00eda de Pasadena (PWP) ha afirmado que no hay peces en el Arroyo. El Departamento de Pesca y Vida Silvestre de California traslad\u00f3 casi 500 truchas del cercano West Fork del r\u00edo San Gabriel el oto\u00f1o pasado como parte de un programa de rescate de peces despu\u00e9s del incendio Bobcat.<\/p>\n\n\n\n<p>En una propuesta de acuerdo, la ASF solicit\u00f3 el dise\u00f1o y las operaciones que permitir\u00edan el paso de los peces y garantizar\u00edan un flujo ambiental para los peces y las especies acu\u00e1ticas en el arroyo Arroyo Seco.<\/p>\n\n\n\n<p>El acuerdo tambi\u00e9n comprometer\u00eda a PWP a trabajar en cooperaci\u00f3n con ASF y los otros apelantes para evaluar la hidrolog\u00eda de la corriente de la cuenca del parque de la cuenca de Hahamongna y el desarrollo de un plan para estabilizar y reponer la cuenca de agua subterr\u00e1nea de Raymond.<\/p>\n\n\n\n<p>El Ayuntamiento ten\u00eda previsto discutir el tema a principios del mes pasado, pero el tema se pospuso. En ese momento, el director ejecutivo de ASF, Tim Brick, dijo que estaba complacido de que las dos partes estuvieran hablando. El lunes, Brick le dijo a Pasadena Now que todav\u00eda estaban &#8220;discutiendo el lenguaje&#8221;.<\/p>\n\n\n\n<p>El fallo de la Junta de Apelaciones de Zonificaci\u00f3n de la ciudad (BZA) confirm\u00f3 la decisi\u00f3n de un funcionario de audiencias de permitir la reparaci\u00f3n y reemplazo de las instalaciones de infraestructura de agua de la ciudad.<\/p>\n\n\n\n<p>La ciudad quiere aumentar la cantidad de agua que desv\u00eda del Arroyo Seco a la Cuenca Raymond en un 15%, del 35% al \u200b\u200b50% debido a los impactos de las sequ\u00edas recientes. Las sequ\u00edas, combinadas con varios otros factores, incluido el cambio clim\u00e1tico, contribuyeron a la disminuci\u00f3n de los niveles de agua subterr\u00e1nea en la cuenca de Raymond.<\/p>\n\n\n\n<p>Para mantener y aumentar los niveles de agua subterr\u00e1nea, la Junta de Administraci\u00f3n de la Cuenca de Raymond (RBMB) inici\u00f3 una reducci\u00f3n voluntaria del 30% de los derechos de producci\u00f3n de agua subterr\u00e1nea para todos los bombeadores en la sub\u00e1rea de Pasadena en 2009.<\/p>\n","protected":false},"excerpt":{"rendered":"<p>Mientras contin\u00faan las conversaciones sobre una propuesta que podr\u00eda resolver las preocupaciones de los conservacionistas locales sobre dos permisos de uso condicional aprobados para trabajar en el Arroyo Seco, los cr\u00edticos de los permisos est\u00e1n programados para reunirse virtualmente esta semana. &#8220;Save the Trout &#8211; Heal the Basin&#8221; est\u00e1 programado para las 7 p.m. Jueves. La semana que viene, durante su reuni\u00f3n del lunes, el Concejo Municipal est\u00e1 programado para discutir el informe de impacto ambiental (EIR) del Proyecto Arroyo [&hellip;]<\/p>\n","protected":false},"author":4,"featured_media":9575,"comment_status":"open","ping_status":"closed","sticky":false,"template":"","format":"standard","meta":[],"categories":[4],"tags":[],"acf":[],"_links":{"self":[{"href":"http:\/\/www.pasadenahoy.com\/primero\/wp-json\/wp\/v2\/posts\/9574"}],"collection":[{"href":"http:\/\/www.pasadenahoy.com\/primero\/wp-json\/wp\/v2\/posts"}],"about":[{"href":"http:\/\/www.pasadenahoy.com\/primero\/wp-json\/wp\/v2\/types\/post"}],"author":[{"embeddable":true,"href":"http:\/\/www.pasadenahoy.com\/primero\/wp-json\/wp\/v2\/users\/4"}],"replies":[{"embeddable":true,"href":"http:\/\/www.pasadenahoy.com\/primero\/wp-json\/wp\/v2\/comments?post=9574"}],"version-history":[{"count":2,"href":"http:\/\/www.pasadenahoy.com\/primero\/wp-json\/wp\/v2\/posts\/9574\/revisions"}],"predecessor-version":[{"id":9577,"href":"http:\/\/www.pasadenahoy.com\/primero\/wp-json\/wp\/v2\/posts\/9574\/revisions\/9577"}],"wp:featuredmedia":[{"embeddable":true,"href":"http:\/\/www.pasadenahoy.com\/primero\/wp-json\/wp\/v2\/media\/9575"}],"wp:attachment":[{"href":"http:\/\/www.pasadenahoy.com\/primero\/wp-json\/wp\/v2\/media?parent=9574"}],"wp:term":[{"taxonomy":"category","embeddable":true,"href":"http:\/\/www.pasadenahoy.com\/primero\/wp-json\/wp\/v2\/categories?post=9574"},{"taxonomy":"post_tag","embeddable":true,"href":"http:\/\/www.pasadenahoy.com\/primero\/wp-json\/wp\/v2\/tags?post=9574"}],"curies":[{"name":"wp","href":"https:\/\/api.w.org\/{rel}","templated":true}]}}