{"id":9579,"date":"2021-07-07T16:13:57","date_gmt":"2021-07-07T16:13:57","guid":{"rendered":"http:\/\/www.pasadenahoy.com\/primero\/?p=9579"},"modified":"2021-07-07T16:13:59","modified_gmt":"2021-07-07T16:13:59","slug":"pasadena-parks-recreation-and-community-services-reabre-instalaciones-interiores-cerradas-por-pandemia","status":"publish","type":"post","link":"http:\/\/www.pasadenahoy.com\/primero\/la-comunidad\/pasadena-parks-recreation-and-community-services-reabre-instalaciones-interiores-cerradas-por-pandemia\/","title":{"rendered":"Pasadena Parks, Recreation and Community Services reabre instalaciones interiores cerradas por pandemia"},"content":{"rendered":"\n<figure class=\"wp-block-image alignnone size-large\"><figure class=\"alignnone\"><img loading=\"lazy\" width=\"740\" height=\"400\" src=\"http:\/\/www.pasadenahoy.com\/primero\/wp-content\/uploads\/2021\/07\/pic2.jpg\" alt=\"\" class=\"wp-image-9580\" srcset=\"http:\/\/www.pasadenahoy.com\/primero\/wp-content\/uploads\/2021\/07\/pic2.jpg 740w, http:\/\/www.pasadenahoy.com\/primero\/wp-content\/uploads\/2021\/07\/pic2-300x162.jpg 300w, http:\/\/www.pasadenahoy.com\/primero\/wp-content\/uploads\/2021\/07\/pic2-241x130.jpg 241w, http:\/\/www.pasadenahoy.com\/primero\/wp-content\/uploads\/2021\/07\/pic2-333x180.jpg 333w, http:\/\/www.pasadenahoy.com\/primero\/wp-content\/uploads\/2021\/07\/pic2-700x378.jpg 700w, http:\/\/www.pasadenahoy.com\/primero\/wp-content\/uploads\/2021\/07\/pic2-360x195.jpg 360w, http:\/\/www.pasadenahoy.com\/primero\/wp-content\/uploads\/2021\/07\/pic2-720x389.jpg 720w\" sizes=\"100vw\" \/><\/figure><\/figure>\n\n\n\n<p>El Departamento de Parques, Recreaci\u00f3n y Servicios Comunitarios de la Ciudad de Pasadena (PRCS) dio la bienvenida a la comunidad a sus instalaciones interiores el martes. Todos los centros comunitarios y de recreaci\u00f3n reabrieron a capacidad reducida, pero el Departamento dijo que las asignaciones de capacidad aumentar\u00e1n en las pr\u00f3ximas semanas.<\/p>\n\n\n\n<p>\u201cEl Departamento de Parques, Recreaci\u00f3n y Servicios Comunitarios se complace en dar la bienvenida a la comunidad a nuestras instalaciones y reanudar los programas recreativos para residentes de todas las edades, intereses y habilidades\u201d, dijo Brenda Harvey-Williams, directora de Parques, Recreaci\u00f3n y Servicios Comunitarios.<\/p>\n\n\n\n<p>De acuerdo con la <a href=\"https:\/\/www.cityofpasadena.net\/public-health\/wp-content\/uploads\/sites\/32\/Order-Implementing-Beyond-the-Blueprint.pdf?v=1624396003377\">Orden del Oficial de Salud de Pasadena<\/a>, todas las personas mayores de 2 a\u00f1os que no est\u00e9n completamente vacunadas deben usar una m\u00e1scara cuando est\u00e9n adentro. Esto incluye a los participantes y espectadores de deportes de interior independientemente del estado de vacunaci\u00f3n. Se insta a todos, especialmente aquellos que no est\u00e1n o no pueden ser vacunados contra COVID-19, a que contin\u00faen siendo cautelosos, se queden en casa si se sienten enfermos y se adhieran a los l\u00edmites de capacidad y distancia f\u00edsica publicados.<\/p>\n\n\n\n<p>Centro Comunitario Jackie Robinson<br>1020 N. Fair Oaks Ave.<br>Horario: de lunes a jueves, de 8 a.m. a 6 p.m .; Viernes de 8 a.m. a 5 p.m.<br>Servicios comunitarios con cita previa: (626) 744-7300<\/p>\n\n\n\n<p>Centro de Educaci\u00f3n para Adolescentes La Pintoresca<br>45 E. Washington Blvd.<br>Horario: de lunes a viernes, de 12 a 18 h.<\/p>\n\n\n\n<p>La programaci\u00f3n para adolescentes de 12 a 18 a\u00f1os incluye cocina, artes y manualidades, acondicionamiento f\u00edsico y bienestar, y laboratorios de computadoras y juegos.<\/p>\n\n\n\n<p>Centro recreativo del parque Robinson<br>1081 N. Fair Oaks Ave.<br>Horario: de lunes a jueves, de 8 a.m. a 6 p.m .; Viernes, de 8 a.m. a 5 p.m .; S\u00e1bado, de 9 a.m. a 4 p.m.<br>Horario de cancha abierta del gimnasio de baloncesto, clases de acondicionamiento f\u00edsico y bienestar y de enriquecimiento<a href=\"https:\/\/pasadena.civicrec.com\/CA\/pasadena-ca\/catalog\"> (se requiere inscripci\u00f3n previa) <\/a>y gimnasio abierto para los miembros.<\/p>\n\n\n\n<p>Centro recreativo Victory Park<br>2575 Paloma St.<br>Horario: de lunes a viernes, de 8 a.m. a 6 p.m .; S\u00e1bado, de 9 a.m. a 4 p.m.<br>Horario de cancha abierta del gimnasio de baloncesto, clases de acondicionamiento f\u00edsico y bienestar y de enriquecimiento <a href=\"https:\/\/pasadena.civicrec.com\/CA\/pasadena-ca\/catalog\">(se requiere inscripci\u00f3n previa).<\/a><\/p>\n\n\n\n<p>Centro Comunitario Villa Parke<br>363 E. Villa St.<br>Horario: de lunes a viernes, de 8 a.m. a 6 p.m .; S\u00e1bado, de 9 a.m. a 4 p.m.<br>Horario de cancha abierta del gimnasio de baloncesto, centros de boxeo y fitness abiertos para los miembros, clases de acondicionamiento f\u00edsico y bienestar y de enriquecimiento <a href=\"https:\/\/pasadena.civicrec.com\/CA\/pasadena-ca\/catalog\">(se requiere inscripci\u00f3n previa),<\/a> servicios comunitarios con cita previa llamando al (626) 744-6530, sucursal de biblioteca y servicios WIC disponibles.<\/p>\n\n\n\n<p>PRCS tambi\u00e9n est\u00e1 emitiendo permisos para reservar \u00e1reas de parques e instalaciones interiores para fiestas y eventos privados. Para obtener m\u00e1s informaci\u00f3n sobre los permisos del parque, visite <a href=\"http:\/\/www.cityofpasadena.net\/parks-and-rec\">www.cityofpasadena.net\/parks-and-rec<\/a> o llame al (626) 744-7500.<\/p>\n","protected":false},"excerpt":{"rendered":"<p>El Departamento de Parques, Recreaci\u00f3n y Servicios Comunitarios de la Ciudad de Pasadena (PRCS) dio la bienvenida a la comunidad a sus instalaciones interiores el martes. Todos los centros comunitarios y de recreaci\u00f3n reabrieron a capacidad reducida, pero el Departamento dijo que las asignaciones de capacidad aumentar\u00e1n en las pr\u00f3ximas semanas. \u201cEl Departamento de Parques, Recreaci\u00f3n y Servicios Comunitarios se complace en dar la bienvenida a la comunidad a nuestras instalaciones y reanudar los programas recreativos para residentes de todas [&hellip;]<\/p>\n","protected":false},"author":4,"featured_media":9580,"comment_status":"open","ping_status":"closed","sticky":false,"template":"","format":"standard","meta":[],"categories":[4],"tags":[],"acf":[],"_links":{"self":[{"href":"http:\/\/www.pasadenahoy.com\/primero\/wp-json\/wp\/v2\/posts\/9579"}],"collection":[{"href":"http:\/\/www.pasadenahoy.com\/primero\/wp-json\/wp\/v2\/posts"}],"about":[{"href":"http:\/\/www.pasadenahoy.com\/primero\/wp-json\/wp\/v2\/types\/post"}],"author":[{"embeddable":true,"href":"http:\/\/www.pasadenahoy.com\/primero\/wp-json\/wp\/v2\/users\/4"}],"replies":[{"embeddable":true,"href":"http:\/\/www.pasadenahoy.com\/primero\/wp-json\/wp\/v2\/comments?post=9579"}],"version-history":[{"count":2,"href":"http:\/\/www.pasadenahoy.com\/primero\/wp-json\/wp\/v2\/posts\/9579\/revisions"}],"predecessor-version":[{"id":9582,"href":"http:\/\/www.pasadenahoy.com\/primero\/wp-json\/wp\/v2\/posts\/9579\/revisions\/9582"}],"wp:featuredmedia":[{"embeddable":true,"href":"http:\/\/www.pasadenahoy.com\/primero\/wp-json\/wp\/v2\/media\/9580"}],"wp:attachment":[{"href":"http:\/\/www.pasadenahoy.com\/primero\/wp-json\/wp\/v2\/media?parent=9579"}],"wp:term":[{"taxonomy":"category","embeddable":true,"href":"http:\/\/www.pasadenahoy.com\/primero\/wp-json\/wp\/v2\/categories?post=9579"},{"taxonomy":"post_tag","embeddable":true,"href":"http:\/\/www.pasadenahoy.com\/primero\/wp-json\/wp\/v2\/tags?post=9579"}],"curies":[{"name":"wp","href":"https:\/\/api.w.org\/{rel}","templated":true}]}}