{"id":9587,"date":"2021-07-07T16:23:53","date_gmt":"2021-07-07T16:23:53","guid":{"rendered":"http:\/\/www.pasadenahoy.com\/primero\/?p=9587"},"modified":"2021-07-07T16:23:55","modified_gmt":"2021-07-07T16:23:55","slug":"la-tasa-de-vacunacion-total-de-pasadena-alcanza-el-785","status":"publish","type":"post","link":"http:\/\/www.pasadenahoy.com\/primero\/la-comunidad\/la-tasa-de-vacunacion-total-de-pasadena-alcanza-el-785\/","title":{"rendered":"La tasa de vacunaci\u00f3n total de Pasadena alcanza el 78,5%"},"content":{"rendered":"\n<figure class=\"wp-block-image alignnone size-large\"><figure class=\"alignnone\"><img loading=\"lazy\" width=\"700\" height=\"378\" src=\"http:\/\/www.pasadenahoy.com\/primero\/wp-content\/uploads\/2021\/04\/Covid-Update-1-1-1-700x378-1.jpg\" alt=\"\" class=\"wp-image-7899\" srcset=\"http:\/\/www.pasadenahoy.com\/primero\/wp-content\/uploads\/2021\/04\/Covid-Update-1-1-1-700x378-1.jpg 700w, http:\/\/www.pasadenahoy.com\/primero\/wp-content\/uploads\/2021\/04\/Covid-Update-1-1-1-700x378-1-300x162.jpg 300w, http:\/\/www.pasadenahoy.com\/primero\/wp-content\/uploads\/2021\/04\/Covid-Update-1-1-1-700x378-1-241x130.jpg 241w, http:\/\/www.pasadenahoy.com\/primero\/wp-content\/uploads\/2021\/04\/Covid-Update-1-1-1-700x378-1-333x180.jpg 333w, http:\/\/www.pasadenahoy.com\/primero\/wp-content\/uploads\/2021\/04\/Covid-Update-1-1-1-700x378-1-360x194.jpg 360w\" sizes=\"100vw\" \/><\/figure><\/figure>\n\n\n\n<p>Los habitantes de Pasadena continuaron liderando la regi\u00f3n en vacunaciones COVID-19 con el 78,5% de la poblaci\u00f3n mayor de 12 a\u00f1os completamente vacunada, anunciaron las autoridades el martes.<\/p>\n\n\n\n<p>Otro 8,9% de los residentes ha recibido dosis \u00fanicas de reg\u00edmenes de vacunas de dos dosis, seg\u00fan datos del Departamento de Salud P\u00fablica de Pasadena.<\/p>\n\n\n\n<p>Mientras tanto, los funcionarios de PPHD informaron otras tres infecciones el martes, as\u00ed como una muerte adicional. Las estad\u00edsticas cubrieron el feriado del 4 de julio.<\/p>\n\n\n\n<p>La muerte ocurri\u00f3 en enero, pero reci\u00e9n se agreg\u00f3 a los datos de PPHD, dijo la portavoz de la ciudad Lisa Derderian. Fue la primera muerte incluida en el n\u00famero local de muertos desde el 3 de junio, cuando otros dos casos de meses antes se incluyeron formalmente en los registros de PPHD.<\/p>\n\n\n\n<p>En total, los funcionarios de salud de Pasadena han registrado 11,388 infecciones por COVID-19 y 350 muertes.<\/p>\n\n\n\n<p>Durante la semana anterior, la ciudad registr\u00f3 un promedio de 7.3 nuevas infecciones diarias.<\/p>\n\n\n\n<p>Los funcionarios de salud p\u00fablica del condado de Los \u00c1ngeles informaron el martes 326 nuevas infecciones y tres muertes, lo que eleva los totales del condado a 1.253.065 casos de COVID-19 y 24.507 muertes.<\/p>\n\n\n\n<p>Un poco m\u00e1s de 270 personas estaban siendo tratadas en hospitales del condado por el virus, seg\u00fan un comunicado del Departamento de Salud P\u00fablica del condado de Los \u00c1ngeles.<\/p>\n\n\n\n<p>La directora de salud p\u00fablica del condado de Los \u00c1ngeles, la Dra. Barbara Ferrer, dijo que el virus se mantiene en \u00e1reas con tasas de vacunaci\u00f3n m\u00e1s bajas.<\/p>\n\n\n\n<p>\u201cSeguimos viendo en lugares donde hay altas tasas de vacunaci\u00f3n COVID-19, la transmisi\u00f3n de COVID-19 se ha desplomado y sigue siendo baja. Si bien las tasas de vacunaci\u00f3n contin\u00faan aumentando en todo el condado de Los \u00c1ngeles, el COVID-19 y las variantes preocupantes como la variante Delta siguen siendo una amenaza para todos los que no est\u00e1n vacunados \u201d, dijo.<\/p>\n\n\n\n<p>&#8220;LA. Recientemente, el condado ha visto aumentos en los casos, las hospitalizaciones y la positividad de las pruebas diarias, y las personas que sufren abrumadoramente de COVID-19 son las personas que no est\u00e1n vacunadas. La mejor forma de proteger a los que no pueden vacunarse, incluidos los 1,3 millones de ni\u00f1os menores de 12 a\u00f1os, es rodearlos de gente vacunada \u201d, agreg\u00f3 Ferrer.<\/p>\n\n\n\n<p>\u201cCon el aumento de la transmisi\u00f3n comunitaria, ya hemos notado un aumento de los casos que ocurren incluso entre nuestros hijos m\u00e1s peque\u00f1os\u201d, dijo. \u201cSi tiene 12 a\u00f1os o m\u00e1s y est\u00e1 rodeado de ni\u00f1os m\u00e1s peque\u00f1os, t\u00f3mese un tiempo pronto para vacunarse si a\u00fan no lo ha hecho. Sigamos manteni\u00e9ndonos a salvo &#8220;.<\/p>\n\n\n\n<p>El Departamento de Salud P\u00fablica de California anunci\u00f3 5.730 nuevas infecciones y 97 muertes el martes, lo que representa el recuento del fin de semana del D\u00eda de la Independencia.<\/p>\n\n\n\n<p>En total, el estado ha documentado 3.719.674 infecciones por COVID-19 y 62.238 muertes.<\/p>\n\n\n\n<p>La tasa de positividad promedio en todo el estado contin\u00faa en aumento lento pero constante al 1.7%, seg\u00fan datos del CDPH. La tasa se registr\u00f3 en 0,7% el 6 de junio.<\/p>\n\n\n\n<p>Hasta el martes, el condado de Los \u00c1ngeles representaba el 34% de las infecciones por COVID-19 de California y el 39% de las muertes del estado.<\/p>\n","protected":false},"excerpt":{"rendered":"<p>Los habitantes de Pasadena continuaron liderando la regi\u00f3n en vacunaciones COVID-19 con el 78,5% de la poblaci\u00f3n mayor de 12 a\u00f1os completamente vacunada, anunciaron las autoridades el martes. Otro 8,9% de los residentes ha recibido dosis \u00fanicas de reg\u00edmenes de vacunas de dos dosis, seg\u00fan datos del Departamento de Salud P\u00fablica de Pasadena. Mientras tanto, los funcionarios de PPHD informaron otras tres infecciones el martes, as\u00ed como una muerte adicional. Las estad\u00edsticas cubrieron el feriado del 4 de julio. La [&hellip;]<\/p>\n","protected":false},"author":4,"featured_media":0,"comment_status":"open","ping_status":"closed","sticky":false,"template":"","format":"standard","meta":[],"categories":[4],"tags":[],"acf":[],"_links":{"self":[{"href":"http:\/\/www.pasadenahoy.com\/primero\/wp-json\/wp\/v2\/posts\/9587"}],"collection":[{"href":"http:\/\/www.pasadenahoy.com\/primero\/wp-json\/wp\/v2\/posts"}],"about":[{"href":"http:\/\/www.pasadenahoy.com\/primero\/wp-json\/wp\/v2\/types\/post"}],"author":[{"embeddable":true,"href":"http:\/\/www.pasadenahoy.com\/primero\/wp-json\/wp\/v2\/users\/4"}],"replies":[{"embeddable":true,"href":"http:\/\/www.pasadenahoy.com\/primero\/wp-json\/wp\/v2\/comments?post=9587"}],"version-history":[{"count":2,"href":"http:\/\/www.pasadenahoy.com\/primero\/wp-json\/wp\/v2\/posts\/9587\/revisions"}],"predecessor-version":[{"id":9589,"href":"http:\/\/www.pasadenahoy.com\/primero\/wp-json\/wp\/v2\/posts\/9587\/revisions\/9589"}],"wp:attachment":[{"href":"http:\/\/www.pasadenahoy.com\/primero\/wp-json\/wp\/v2\/media?parent=9587"}],"wp:term":[{"taxonomy":"category","embeddable":true,"href":"http:\/\/www.pasadenahoy.com\/primero\/wp-json\/wp\/v2\/categories?post=9587"},{"taxonomy":"post_tag","embeddable":true,"href":"http:\/\/www.pasadenahoy.com\/primero\/wp-json\/wp\/v2\/tags?post=9587"}],"curies":[{"name":"wp","href":"https:\/\/api.w.org\/{rel}","templated":true}]}}