{"id":9605,"date":"2021-07-08T16:15:22","date_gmt":"2021-07-08T16:15:22","guid":{"rendered":"http:\/\/www.pasadenahoy.com\/primero\/?p=9605"},"modified":"2021-07-08T16:15:24","modified_gmt":"2021-07-08T16:15:24","slug":"empleados-de-la-ciudad-que-regresan-al-trabajo-en-persona","status":"publish","type":"post","link":"http:\/\/www.pasadenahoy.com\/primero\/el-gobierno-local\/empleados-de-la-ciudad-que-regresan-al-trabajo-en-persona\/","title":{"rendered":"Empleados de la ciudad que regresan al trabajo en persona"},"content":{"rendered":"\n<figure class=\"wp-block-image alignnone size-large\"><figure class=\"alignnone\"><img loading=\"lazy\" width=\"740\" height=\"400\" src=\"http:\/\/www.pasadenahoy.com\/primero\/wp-content\/uploads\/2021\/07\/pic-2-3.jpg\" alt=\"\" class=\"wp-image-9606\" srcset=\"http:\/\/www.pasadenahoy.com\/primero\/wp-content\/uploads\/2021\/07\/pic-2-3.jpg 740w, http:\/\/www.pasadenahoy.com\/primero\/wp-content\/uploads\/2021\/07\/pic-2-3-300x162.jpg 300w, http:\/\/www.pasadenahoy.com\/primero\/wp-content\/uploads\/2021\/07\/pic-2-3-241x130.jpg 241w, http:\/\/www.pasadenahoy.com\/primero\/wp-content\/uploads\/2021\/07\/pic-2-3-333x180.jpg 333w, http:\/\/www.pasadenahoy.com\/primero\/wp-content\/uploads\/2021\/07\/pic-2-3-700x378.jpg 700w, http:\/\/www.pasadenahoy.com\/primero\/wp-content\/uploads\/2021\/07\/pic-2-3-360x195.jpg 360w, http:\/\/www.pasadenahoy.com\/primero\/wp-content\/uploads\/2021\/07\/pic-2-3-720x389.jpg 720w\" sizes=\"100vw\" \/><figcaption><span class=\"caption-text\">Ayuntamiento de Pasadena cortes\u00eda de Facebook de la ciudad de Pasadena<\/span><\/figcaption><\/figure><\/figure>\n\n\n\n<p>Aunque muchas empresas han decidido permitir que los empleados contin\u00faen trabajando de forma remota o han adaptado un sistema h\u00edbrido de trabajo a tiempo parcial a distancia y trabajo en persona o en la oficina a tiempo parcial, todos los empleados del gobierno local de Pasadena est\u00e1n regresando a trabajar en persona.<\/p>\n\n\n\n<p>\u201cSomos el gobierno\u201d, dijo la oficial de informaci\u00f3n p\u00fablica Lisa Derderian. &#8220;As\u00ed que la gente realmente quiere que volvamos a nuestros asientos tanto como podamos, en un entorno seguro, que es clave, siguiendo todo el protocolo adecuado, el protocolo COVID que existe&#8221;.<\/p>\n\n\n\n<p>La ciudad ha estado haciendo que la gente regrese al trabajo con algunas excepciones, seg\u00fan Derderian.<\/p>\n\n\n\n<p>&#8220;Es importante para nosotros volver a donde est\u00e1bamos antes de COVID&#8221;, dijo. \u201cHaga que las personas vuelvan a su fuerza laboral o entorno laboral, teniendo en cuenta la seguridad. Y luego, si hay excepciones en las que las personas necesitan trabajar a distancia un poco m\u00e1s y trabajar de forma remota, analizamos esos escenarios caso por caso &#8220;.<\/p>\n\n\n\n<p>Hasta el momento, no hay una fecha fija para que todos los empleados regresen al trabajo.<\/p>\n\n\n\n<p>Todos los empleados, excepto los esenciales, trabajaron en casa durante m\u00e1s de un a\u00f1o despu\u00e9s de que la pandemia golpeara y obligara al gobernador Gavin Newsom a cerrar el estado.<\/p>\n\n\n\n<p>Eso significaba que las ciudades ten\u00edan que luchar para descubrir c\u00f3mo mantener en funcionamiento los servicios esenciales.<\/p>\n\n\n\n<p>En Los \u00c1ngeles, solo 35 de los 50.000 empleados de la ciudad trabajaban desde casa antes de que llegara la pandemia. El director de informaci\u00f3n de la ciudad logr\u00f3 poner en funcionamiento a m\u00e1s de 18.000 empleados de forma remota.<\/p>\n\n\n\n<p>El director de informaci\u00f3n, Ted Ross, dijo a dot.LA que entre el 60 y el 70% de esos empleados podr\u00edan trabajar en un sistema h\u00edbrido.<\/p>\n\n\n\n<p>Algunas empresas privadas, incluidas Capital One, Amazon y Facebook, dijeron que seguir\u00edan permitiendo que los empleados trabajen desde casa.<\/p>\n\n\n\n<p>Seg\u00fan una encuesta realizada a 800 empleadores por Mercer, una firma consultora de recursos humanos y beneficios en el lugar de trabajo, la productividad era igual o m\u00e1s alta que antes de la pandemia.<\/p>\n\n\n\n<p>La ciudad tiene programadas reuniones con los distintos departamentos, grupos de trabajo y sindicatos.<\/p>\n\n\n\n<p>\u201cEl administrador de la ciudad y RR.HH. han hablado con todos ellos durante la pandemia y les han proporcionado actualizaciones continuas\u201d, dijo Derderian. \u201cRealmente han tratado de adaptarse a todas las situaciones que potencialmente han surgido en el \u00faltimo a\u00f1o con el respeto de los empleados y cualquier inquietud, ya sea en el trabajo o virtualmente, o ambos\u201d.<\/p>\n","protected":false},"excerpt":{"rendered":"<p>Aunque muchas empresas han decidido permitir que los empleados contin\u00faen trabajando de forma remota o han adaptado un sistema h\u00edbrido de trabajo a tiempo parcial a distancia y trabajo en persona o en la oficina a tiempo parcial, todos los empleados del gobierno local de Pasadena est\u00e1n regresando a trabajar en persona. \u201cSomos el gobierno\u201d, dijo la oficial de informaci\u00f3n p\u00fablica Lisa Derderian. &#8220;As\u00ed que la gente realmente quiere que volvamos a nuestros asientos tanto como podamos, en un entorno [&hellip;]<\/p>\n","protected":false},"author":4,"featured_media":9606,"comment_status":"open","ping_status":"closed","sticky":false,"template":"","format":"standard","meta":[],"categories":[6],"tags":[],"acf":[],"_links":{"self":[{"href":"http:\/\/www.pasadenahoy.com\/primero\/wp-json\/wp\/v2\/posts\/9605"}],"collection":[{"href":"http:\/\/www.pasadenahoy.com\/primero\/wp-json\/wp\/v2\/posts"}],"about":[{"href":"http:\/\/www.pasadenahoy.com\/primero\/wp-json\/wp\/v2\/types\/post"}],"author":[{"embeddable":true,"href":"http:\/\/www.pasadenahoy.com\/primero\/wp-json\/wp\/v2\/users\/4"}],"replies":[{"embeddable":true,"href":"http:\/\/www.pasadenahoy.com\/primero\/wp-json\/wp\/v2\/comments?post=9605"}],"version-history":[{"count":2,"href":"http:\/\/www.pasadenahoy.com\/primero\/wp-json\/wp\/v2\/posts\/9605\/revisions"}],"predecessor-version":[{"id":9608,"href":"http:\/\/www.pasadenahoy.com\/primero\/wp-json\/wp\/v2\/posts\/9605\/revisions\/9608"}],"wp:featuredmedia":[{"embeddable":true,"href":"http:\/\/www.pasadenahoy.com\/primero\/wp-json\/wp\/v2\/media\/9606"}],"wp:attachment":[{"href":"http:\/\/www.pasadenahoy.com\/primero\/wp-json\/wp\/v2\/media?parent=9605"}],"wp:term":[{"taxonomy":"category","embeddable":true,"href":"http:\/\/www.pasadenahoy.com\/primero\/wp-json\/wp\/v2\/categories?post=9605"},{"taxonomy":"post_tag","embeddable":true,"href":"http:\/\/www.pasadenahoy.com\/primero\/wp-json\/wp\/v2\/tags?post=9605"}],"curies":[{"name":"wp","href":"https:\/\/api.w.org\/{rel}","templated":true}]}}