{"id":9609,"date":"2021-07-08T16:20:01","date_gmt":"2021-07-08T16:20:01","guid":{"rendered":"http:\/\/www.pasadenahoy.com\/primero\/?p=9609"},"modified":"2021-07-08T16:20:03","modified_gmt":"2021-07-08T16:20:03","slug":"el-covid-19-continua-propagandose-entre-los-no-vacunados-en-pasadena-southland","status":"publish","type":"post","link":"http:\/\/www.pasadenahoy.com\/primero\/la-comunidad\/el-covid-19-continua-propagandose-entre-los-no-vacunados-en-pasadena-southland\/","title":{"rendered":"El COVID-19 contin\u00faa propag\u00e1ndose entre los no vacunados en Pasadena, Southland"},"content":{"rendered":"\n<figure class=\"wp-block-image alignnone size-large\"><figure class=\"alignnone\"><img loading=\"lazy\" width=\"700\" height=\"378\" src=\"http:\/\/www.pasadenahoy.com\/primero\/wp-content\/uploads\/2021\/04\/Covid-Update-1-1-1-700x378-1.jpg\" alt=\"\" class=\"wp-image-7899\" srcset=\"http:\/\/www.pasadenahoy.com\/primero\/wp-content\/uploads\/2021\/04\/Covid-Update-1-1-1-700x378-1.jpg 700w, http:\/\/www.pasadenahoy.com\/primero\/wp-content\/uploads\/2021\/04\/Covid-Update-1-1-1-700x378-1-300x162.jpg 300w, http:\/\/www.pasadenahoy.com\/primero\/wp-content\/uploads\/2021\/04\/Covid-Update-1-1-1-700x378-1-241x130.jpg 241w, http:\/\/www.pasadenahoy.com\/primero\/wp-content\/uploads\/2021\/04\/Covid-Update-1-1-1-700x378-1-333x180.jpg 333w, http:\/\/www.pasadenahoy.com\/primero\/wp-content\/uploads\/2021\/04\/Covid-Update-1-1-1-700x378-1-360x194.jpg 360w\" sizes=\"100vw\" \/><\/figure><\/figure>\n\n\n\n<p>Los funcionarios de salud p\u00fablica renovaron su petici\u00f3n para que los residentes del condado se vacunen el mi\u00e9rcoles, ya que la transmisi\u00f3n del virus contin\u00faa aumentando en la regi\u00f3n.<\/p>\n\n\n\n<p>Se informaron nueve nuevas infecciones en Pasadena, lo que elev\u00f3 el total de la pandemia a 11,397, seg\u00fan datos de la ciudad. El n\u00famero de muertos se situ\u00f3 en 350.<\/p>\n\n\n\n<p>Se detectaron un promedio de 7,1 casos nuevos cada d\u00eda durante la semana anterior.<\/p>\n\n\n\n<p>Los funcionarios del Huntington Hospital tambi\u00e9n documentaron un aumento en los pacientes con COVID-19 a ocho, y cuatro de ellos fueron tratados en unidades de cuidados intensivos. Hasta la semana pasada, el hospital estaba tratando a cinco pacientes, en total, con uno en una UCI.<\/p>\n\n\n\n<p>Las autoridades a nivel de condado informaron 515 nuevas infecciones y ocho muertes el mi\u00e9rcoles, elevando el total de pandemias en todo el condado a 1.253.536 infecciones y 24.514 muertes.<\/p>\n\n\n\n<p>Los hospitales del condado estaban tratando a 275 pacientes con COVID-19 hasta el mi\u00e9rcoles, y el 27% de ellos estaban alojados en UCI, seg\u00fan un comunicado del Departamento de Salud P\u00fablica del Condado de Los \u00c1ngeles.<\/p>\n\n\n\n<p>Para detener la propagaci\u00f3n del virus, el director de salud p\u00fablica del condado de Los \u00c1ngeles inst\u00f3 a quienes a\u00fan no han sido vacunados a que lo hagan.<\/p>\n\n\n\n<p>\u201cDebemos seguir trabajando juntos para mejorar la confianza y la aceptaci\u00f3n de la vacuna para que aumenten las tasas de vacunaci\u00f3n y alcancemos un nivel de inmunidad comunitaria que proteja a todos\u201d, dijo.<\/p>\n\n\n\n<p>\u201cDado que la transmisi\u00f3n de COVID-19 ha aumentado en las \u00faltimas dos semanas, es muy importante que sigamos trabajando juntos para protegernos unos a otros y asegurarnos de que las personas con preguntas sobre la vacuna tengan acceso a informaci\u00f3n sobre la seguridad y eficacia de las vacunas. de personas en las que conf\u00edan \u201d, dijo Ferrer.<\/p>\n\n\n\n<p>El Departamento de Salud P\u00fablica de California inform\u00f3 el mi\u00e9rcoles 1332 infecciones y 21 muertes en todo el estado.<\/p>\n\n\n\n<p>En total, los funcionarios estatales hab\u00edan tabulado 3.721.006 casos totales del virus y 63.529 muertes.<\/p>\n\n\n\n<p>La tasa de positividad promedio en todo el estado durante la semana anterior se registr\u00f3 en 1.9%, seg\u00fan datos del CDPH.<\/p>\n\n\n\n<p>Hasta el mi\u00e9rcoles, el condado de Los \u00c1ngeles representaba el 34% de las infecciones por COVID-19 de California y el 39% de las muertes asociadas en el estado.<\/p>\n","protected":false},"excerpt":{"rendered":"<p>Los funcionarios de salud p\u00fablica renovaron su petici\u00f3n para que los residentes del condado se vacunen el mi\u00e9rcoles, ya que la transmisi\u00f3n del virus contin\u00faa aumentando en la regi\u00f3n. Se informaron nueve nuevas infecciones en Pasadena, lo que elev\u00f3 el total de la pandemia a 11,397, seg\u00fan datos de la ciudad. El n\u00famero de muertos se situ\u00f3 en 350. Se detectaron un promedio de 7,1 casos nuevos cada d\u00eda durante la semana anterior. Los funcionarios del Huntington Hospital tambi\u00e9n documentaron [&hellip;]<\/p>\n","protected":false},"author":4,"featured_media":7899,"comment_status":"open","ping_status":"closed","sticky":false,"template":"","format":"standard","meta":[],"categories":[4],"tags":[],"acf":[],"_links":{"self":[{"href":"http:\/\/www.pasadenahoy.com\/primero\/wp-json\/wp\/v2\/posts\/9609"}],"collection":[{"href":"http:\/\/www.pasadenahoy.com\/primero\/wp-json\/wp\/v2\/posts"}],"about":[{"href":"http:\/\/www.pasadenahoy.com\/primero\/wp-json\/wp\/v2\/types\/post"}],"author":[{"embeddable":true,"href":"http:\/\/www.pasadenahoy.com\/primero\/wp-json\/wp\/v2\/users\/4"}],"replies":[{"embeddable":true,"href":"http:\/\/www.pasadenahoy.com\/primero\/wp-json\/wp\/v2\/comments?post=9609"}],"version-history":[{"count":2,"href":"http:\/\/www.pasadenahoy.com\/primero\/wp-json\/wp\/v2\/posts\/9609\/revisions"}],"predecessor-version":[{"id":9611,"href":"http:\/\/www.pasadenahoy.com\/primero\/wp-json\/wp\/v2\/posts\/9609\/revisions\/9611"}],"wp:featuredmedia":[{"embeddable":true,"href":"http:\/\/www.pasadenahoy.com\/primero\/wp-json\/wp\/v2\/media\/7899"}],"wp:attachment":[{"href":"http:\/\/www.pasadenahoy.com\/primero\/wp-json\/wp\/v2\/media?parent=9609"}],"wp:term":[{"taxonomy":"category","embeddable":true,"href":"http:\/\/www.pasadenahoy.com\/primero\/wp-json\/wp\/v2\/categories?post=9609"},{"taxonomy":"post_tag","embeddable":true,"href":"http:\/\/www.pasadenahoy.com\/primero\/wp-json\/wp\/v2\/tags?post=9609"}],"curies":[{"name":"wp","href":"https:\/\/api.w.org\/{rel}","templated":true}]}}