{"id":9612,"date":"2021-07-08T16:24:43","date_gmt":"2021-07-08T16:24:43","guid":{"rendered":"http:\/\/www.pasadenahoy.com\/primero\/?p=9612"},"modified":"2021-07-08T16:37:24","modified_gmt":"2021-07-08T16:37:24","slug":"bear-visita-el-vecindario-de-oak-knoll-en-pasadena","status":"publish","type":"post","link":"http:\/\/www.pasadenahoy.com\/primero\/la-comunidad\/bear-visita-el-vecindario-de-oak-knoll-en-pasadena\/","title":{"rendered":"Bear visita el vecindario de Oak Knoll en Pasadena"},"content":{"rendered":"\n<figure class=\"wp-block-image alignnone size-large\"><figure class=\"alignnone\"><img loading=\"lazy\" width=\"740\" height=\"400\" src=\"http:\/\/www.pasadenahoy.com\/primero\/wp-content\/uploads\/2021\/07\/pic-4-2.jpg\" alt=\"\" class=\"wp-image-9613\" srcset=\"http:\/\/www.pasadenahoy.com\/primero\/wp-content\/uploads\/2021\/07\/pic-4-2.jpg 740w, http:\/\/www.pasadenahoy.com\/primero\/wp-content\/uploads\/2021\/07\/pic-4-2-300x162.jpg 300w, http:\/\/www.pasadenahoy.com\/primero\/wp-content\/uploads\/2021\/07\/pic-4-2-241x130.jpg 241w, http:\/\/www.pasadenahoy.com\/primero\/wp-content\/uploads\/2021\/07\/pic-4-2-333x180.jpg 333w, http:\/\/www.pasadenahoy.com\/primero\/wp-content\/uploads\/2021\/07\/pic-4-2-700x378.jpg 700w, http:\/\/www.pasadenahoy.com\/primero\/wp-content\/uploads\/2021\/07\/pic-4-2-360x195.jpg 360w, http:\/\/www.pasadenahoy.com\/primero\/wp-content\/uploads\/2021\/07\/pic-4-2-720x389.jpg 720w\" sizes=\"100vw\" \/><figcaption><span class=\"caption-text\">Se ve a un oso trepando a un \u00e1rbol en el vecindario Oak Knoll de Pasadena el 7 de julio de 2021. (Cr\u00e9dito: Ciudad de Pasadena)<\/span><\/figcaption><\/figure><\/figure>\n\n\n\n<p>Un oso caus\u00f3 revuelo en el vecindario Oak Knoll de Pasadena el mi\u00e9rcoles por la tarde antes de regresar a las \u00e1reas silvestres, dijeron las autoridades.<\/p>\n\n\n\n<p>Los funcionarios de la ciudad publicaron una foto del animal a trav\u00e9s de las <a href=\"https:\/\/twitter.com\/PasadenaFD\/status\/1412962139556352003\">redes sociales<\/a>, pero se negaron a proporcionar la hora y el lugar del incidente, citando el deseo de los residentes locales de tener &#8220;privacidad&#8221;, dijo la portavoz de la ciudad Lisa Derderian.<\/p>\n\n\n\n<p>Los registros de despacho electr\u00f3nico indicaron que el Departamento de Bomberos de Pasadena respondi\u00f3 a la cuadra 600 de Woodland Road para un &#8220;rescate de animales&#8221; el mi\u00e9rcoles por la tarde, donde un residente local dijo que se hab\u00eda visto al oso merodeando desde la ma\u00f1ana.<\/p>\n\n\n\n<p>Los bomberos asistentes a los funcionarios del Departamento de Pesca y Vida Silvestre de California en el lugar, dijo Derderian.<\/p>\n\n\n\n<p>El animal fue &#8220;devuelto a salvo&#8221; a las colinas, a m\u00e1s de cinco millas al norte, agreg\u00f3. No se han proporcionado m\u00e1s detalles.<\/p>\n\n\n\n<p>No estaba claro c\u00f3mo lleg\u00f3 el oso al barrio acomodado, que est\u00e1 situado al sur de la autopista 210.<\/p>\n","protected":false},"excerpt":{"rendered":"<p>Un oso caus\u00f3 revuelo en el vecindario Oak Knoll de Pasadena el mi\u00e9rcoles por la tarde antes de regresar a las \u00e1reas silvestres, dijeron las autoridades. Los funcionarios de la ciudad publicaron una foto del animal a trav\u00e9s de las redes sociales, pero se negaron a proporcionar la hora y el lugar del incidente, citando el deseo de los residentes locales de tener &#8220;privacidad&#8221;, dijo la portavoz de la ciudad Lisa Derderian. Los registros de despacho electr\u00f3nico indicaron que el [&hellip;]<\/p>\n","protected":false},"author":4,"featured_media":0,"comment_status":"open","ping_status":"closed","sticky":false,"template":"","format":"standard","meta":[],"categories":[4],"tags":[],"acf":[],"_links":{"self":[{"href":"http:\/\/www.pasadenahoy.com\/primero\/wp-json\/wp\/v2\/posts\/9612"}],"collection":[{"href":"http:\/\/www.pasadenahoy.com\/primero\/wp-json\/wp\/v2\/posts"}],"about":[{"href":"http:\/\/www.pasadenahoy.com\/primero\/wp-json\/wp\/v2\/types\/post"}],"author":[{"embeddable":true,"href":"http:\/\/www.pasadenahoy.com\/primero\/wp-json\/wp\/v2\/users\/4"}],"replies":[{"embeddable":true,"href":"http:\/\/www.pasadenahoy.com\/primero\/wp-json\/wp\/v2\/comments?post=9612"}],"version-history":[{"count":3,"href":"http:\/\/www.pasadenahoy.com\/primero\/wp-json\/wp\/v2\/posts\/9612\/revisions"}],"predecessor-version":[{"id":9621,"href":"http:\/\/www.pasadenahoy.com\/primero\/wp-json\/wp\/v2\/posts\/9612\/revisions\/9621"}],"wp:attachment":[{"href":"http:\/\/www.pasadenahoy.com\/primero\/wp-json\/wp\/v2\/media?parent=9612"}],"wp:term":[{"taxonomy":"category","embeddable":true,"href":"http:\/\/www.pasadenahoy.com\/primero\/wp-json\/wp\/v2\/categories?post=9612"},{"taxonomy":"post_tag","embeddable":true,"href":"http:\/\/www.pasadenahoy.com\/primero\/wp-json\/wp\/v2\/tags?post=9612"}],"curies":[{"name":"wp","href":"https:\/\/api.w.org\/{rel}","templated":true}]}}