{"id":9633,"date":"2021-07-09T16:21:15","date_gmt":"2021-07-09T16:21:15","guid":{"rendered":"http:\/\/www.pasadenahoy.com\/primero\/?p=9633"},"modified":"2021-07-09T16:21:18","modified_gmt":"2021-07-09T16:21:18","slug":"california-iso-emite-una-alerta-flexible-para-el-viernes-debido-al-calor-extremo-y-la-alta-demanda","status":"publish","type":"post","link":"http:\/\/www.pasadenahoy.com\/primero\/la-comunidad\/california-iso-emite-una-alerta-flexible-para-el-viernes-debido-al-calor-extremo-y-la-alta-demanda\/","title":{"rendered":"California ISO emite una alerta flexible para el viernes debido al calor extremo y la alta demanda"},"content":{"rendered":"\n<figure class=\"wp-block-image alignnone size-large\"><figure class=\"alignnone\"><img loading=\"lazy\" width=\"740\" height=\"400\" src=\"http:\/\/www.pasadenahoy.com\/primero\/wp-content\/uploads\/2021\/07\/pic2-1.jpg\" alt=\"\" class=\"wp-image-9634\" srcset=\"http:\/\/www.pasadenahoy.com\/primero\/wp-content\/uploads\/2021\/07\/pic2-1.jpg 740w, http:\/\/www.pasadenahoy.com\/primero\/wp-content\/uploads\/2021\/07\/pic2-1-300x162.jpg 300w, http:\/\/www.pasadenahoy.com\/primero\/wp-content\/uploads\/2021\/07\/pic2-1-241x130.jpg 241w, http:\/\/www.pasadenahoy.com\/primero\/wp-content\/uploads\/2021\/07\/pic2-1-333x180.jpg 333w, http:\/\/www.pasadenahoy.com\/primero\/wp-content\/uploads\/2021\/07\/pic2-1-700x378.jpg 700w, http:\/\/www.pasadenahoy.com\/primero\/wp-content\/uploads\/2021\/07\/pic2-1-360x195.jpg 360w, http:\/\/www.pasadenahoy.com\/primero\/wp-content\/uploads\/2021\/07\/pic2-1-720x389.jpg 720w\" sizes=\"100vw\" \/><figcaption><span class=\"caption-text\">Foto cortes\u00eda de Flex Alert en Twitter<\/span><\/figcaption><\/figure><\/figure>\n\n\n\n<p>El Operador Independiente del Sistema de California (ISO) emiti\u00f3 una Alerta Flex en todo el estado para el viernes, citando temperaturas extremas en gran parte de California y un potencial d\u00e9ficit de capacidad en la red el\u00e9ctrica del estado.<\/p>\n\n\n\n<p>Como resultado de una mayor carga y el suministro que se prev\u00e9 ser\u00e1 m\u00e1s reducido de lo esperado el viernes, se les pide a los consumidores que conserven voluntariamente la electricidad a partir de las 4 p.m. a las 9 p.m. Tal conservaci\u00f3n ayudar\u00eda a aliviar la tensi\u00f3n en la red durante las horas cruciales de la tarde, cuando la energ\u00eda solar disminuye o ya no est\u00e1 disponible.<\/p>\n\n\n\n<p>Cuando se llamaron las Alertas Flex a mediados de junio y durante la ola de calor regional del verano pasado en agosto y septiembre, los consumidores respondieron la llamada y colectivamente hicieron una reducci\u00f3n significativa en su uso de energ\u00eda. Eso permiti\u00f3 a los operadores de la red evitar o limitar posibles cortes de energ\u00eda rotativos que pueden ser necesarios cuando la demanda de electricidad supera la capacidad.<\/p>\n\n\n\n<p>Durante las horas de vigencia de una alerta flexible, se recomienda encarecidamente a los consumidores que realicen estas acciones espec\u00edficas:<\/p>\n\n\n\n<p>\u2022 Ajuste los termostatos a 78 grados o m\u00e1s, si su salud lo permite<br>\u2022 Evite el uso de electrodom\u00e9sticos grandes, como lavavajillas y lavadoras y secadoras de ropa.<br>\u2022 Apague todas las luces innecesarias<\/p>\n\n\n\n<p>Tambi\u00e9n se alienta a los consumidores a usar ventiladores para enfriar y desenchufar los art\u00edculos el\u00e9ctricos no utilizados.<br>En las horas previas a que entre en vigencia una Alerta Flex, se alienta a los consumidores a tomar estos pasos para ayudar al estado a administrar el uso de energ\u00eda m\u00e1s tarde en el d\u00eda. Estos pasos tambi\u00e9n pueden ayudar a las personas a sentirse m\u00e1s c\u00f3modas al reducir su consumo de electricidad:<\/p>\n\n\n\n<p>\u2022 Pre-enfr\u00ede su casa bajando el termostato<br>\u2022 Si necesita usar sus electrodom\u00e9sticos principales, h\u00e1galo m\u00e1s temprano en el d\u00eda, cuando la energ\u00eda solar sea abundante.<br>\u2022 Cierre las cortinas de las ventanas para mantener fresco su hogar o apartamento<br>\u2022 Aprovecha la energ\u00eda solar para cargar dispositivos electr\u00f3nicos y veh\u00edculos el\u00e9ctricos para que no sea necesario hacerlo m\u00e1s tarde, cuando la energ\u00eda solar no est\u00e9 disponible.<br>More about this source textSource text required for additional translation information<\/p>\n","protected":false},"excerpt":{"rendered":"<p>El Operador Independiente del Sistema de California (ISO) emiti\u00f3 una Alerta Flex en todo el estado para el viernes, citando temperaturas extremas en gran parte de California y un potencial d\u00e9ficit de capacidad en la red el\u00e9ctrica del estado. Como resultado de una mayor carga y el suministro que se prev\u00e9 ser\u00e1 m\u00e1s reducido de lo esperado el viernes, se les pide a los consumidores que conserven voluntariamente la electricidad a partir de las 4 p.m. a las 9 p.m. [&hellip;]<\/p>\n","protected":false},"author":4,"featured_media":9634,"comment_status":"open","ping_status":"closed","sticky":false,"template":"","format":"standard","meta":[],"categories":[4],"tags":[],"acf":[],"_links":{"self":[{"href":"http:\/\/www.pasadenahoy.com\/primero\/wp-json\/wp\/v2\/posts\/9633"}],"collection":[{"href":"http:\/\/www.pasadenahoy.com\/primero\/wp-json\/wp\/v2\/posts"}],"about":[{"href":"http:\/\/www.pasadenahoy.com\/primero\/wp-json\/wp\/v2\/types\/post"}],"author":[{"embeddable":true,"href":"http:\/\/www.pasadenahoy.com\/primero\/wp-json\/wp\/v2\/users\/4"}],"replies":[{"embeddable":true,"href":"http:\/\/www.pasadenahoy.com\/primero\/wp-json\/wp\/v2\/comments?post=9633"}],"version-history":[{"count":2,"href":"http:\/\/www.pasadenahoy.com\/primero\/wp-json\/wp\/v2\/posts\/9633\/revisions"}],"predecessor-version":[{"id":9636,"href":"http:\/\/www.pasadenahoy.com\/primero\/wp-json\/wp\/v2\/posts\/9633\/revisions\/9636"}],"wp:featuredmedia":[{"embeddable":true,"href":"http:\/\/www.pasadenahoy.com\/primero\/wp-json\/wp\/v2\/media\/9634"}],"wp:attachment":[{"href":"http:\/\/www.pasadenahoy.com\/primero\/wp-json\/wp\/v2\/media?parent=9633"}],"wp:term":[{"taxonomy":"category","embeddable":true,"href":"http:\/\/www.pasadenahoy.com\/primero\/wp-json\/wp\/v2\/categories?post=9633"},{"taxonomy":"post_tag","embeddable":true,"href":"http:\/\/www.pasadenahoy.com\/primero\/wp-json\/wp\/v2\/tags?post=9633"}],"curies":[{"name":"wp","href":"https:\/\/api.w.org\/{rel}","templated":true}]}}