{"id":9637,"date":"2021-07-09T16:28:47","date_gmt":"2021-07-09T16:28:47","guid":{"rendered":"http:\/\/www.pasadenahoy.com\/primero\/?p=9637"},"modified":"2021-07-09T16:28:49","modified_gmt":"2021-07-09T16:28:49","slug":"transmision-de-covid-19-continua-aumentando-en-pasadena","status":"publish","type":"post","link":"http:\/\/www.pasadenahoy.com\/primero\/la-comunidad\/transmision-de-covid-19-continua-aumentando-en-pasadena\/","title":{"rendered":"Transmisi\u00f3n de COVID-19 contin\u00faa aumentando en Pasadena"},"content":{"rendered":"\n<figure class=\"wp-block-image alignnone size-large\"><figure class=\"alignnone\"><img loading=\"lazy\" width=\"700\" height=\"378\" src=\"http:\/\/www.pasadenahoy.com\/primero\/wp-content\/uploads\/2021\/04\/Covid-Update-1-1-1-700x378-1.jpg\" alt=\"\" class=\"wp-image-7899\" srcset=\"http:\/\/www.pasadenahoy.com\/primero\/wp-content\/uploads\/2021\/04\/Covid-Update-1-1-1-700x378-1.jpg 700w, http:\/\/www.pasadenahoy.com\/primero\/wp-content\/uploads\/2021\/04\/Covid-Update-1-1-1-700x378-1-300x162.jpg 300w, http:\/\/www.pasadenahoy.com\/primero\/wp-content\/uploads\/2021\/04\/Covid-Update-1-1-1-700x378-1-241x130.jpg 241w, http:\/\/www.pasadenahoy.com\/primero\/wp-content\/uploads\/2021\/04\/Covid-Update-1-1-1-700x378-1-333x180.jpg 333w, http:\/\/www.pasadenahoy.com\/primero\/wp-content\/uploads\/2021\/04\/Covid-Update-1-1-1-700x378-1-360x194.jpg 360w\" sizes=\"100vw\" \/><\/figure><\/figure>\n\n\n\n<p>La transmisi\u00f3n de COVID-19 contin\u00faa aumentando lentamente en Pasadena el jueves, con 16 nuevas infecciones documentadas por funcionarios de salud p\u00fablica.<\/p>\n\n\n\n<p>Sin nuevas muertes reportadas, el total de la pandemia de Pasadena fue de 11,413 infecciones confirmadas por COVID-19 y 350 muertes, seg\u00fan datos del Departamento de Salud P\u00fablica de Pasadena.<\/p>\n\n\n\n<p>El n\u00famero promedio de infecciones diarias de la ciudad durante la semana anterior aument\u00f3 a 8.4. El promedio fue menos de uno tan recientemente como el 21 de junio.<\/p>\n\n\n\n<p>El virus continuaba propag\u00e1ndose gradualmente por todo el condado de Los \u00c1ngeles, donde los funcionarios de salud p\u00fablica documentaron<\/p>\n\n\n\n<p>El Departamento de Salud P\u00fablica del Condado de Los \u00c1ngeles inform\u00f3 839 nuevas infecciones y 11 muertes el jueves, elevando los totales del condado a 254,354 infecciones y 24,525 muertes.<\/p>\n\n\n\n<p>El recuento de casos del jueves represent\u00f3 un aumento del 165% con respecto a la semana pasada, seg\u00fan un comunicado emitido por la agencia.<\/p>\n\n\n\n<p>La tasa de positividad de las pruebas del condado de Los \u00c1ngeles alcanz\u00f3 el 2,5%, m\u00e1s del doble del 1,2% de la semana pasada, dijeron las autoridades.<\/p>\n\n\n\n<p>Las autoridades agregaron que estaban monitoreando de cerca las m\u00faltiples variantes de COVID-19 que circulan en Southland, en particular, la variante Delta especialmente contagiosa y potente.<\/p>\n\n\n\n<p>\u201cLa variante Delta ha sido la variante secuenciada con m\u00e1s frecuencia en el condado de Los \u00c1ngeles desde principios de junio, y ahora representa la mayor\u00eda de las variantes de preocupaci\u00f3n identificadas por los laboratorios\u201d, seg\u00fan la declaraci\u00f3n del condado. &#8220;Desde el 20 de junio y el 26 de junio, el n\u00famero de variantes de Delta secuenciadas fue de 63, el 54% de todas las secuencias recopiladas esa semana&#8221;.<\/p>\n\n\n\n<p>Las autoridades estimaron que la mitad de las infecciones por COVID-19 en todo el pa\u00eds ahora involucran la variante Delta.<\/p>\n\n\n\n<p>\u201cDado que poco menos de 4 millones de residentes en el condado de Los \u00c1ngeles a\u00fan no est\u00e1n vacunados, el riesgo de una mayor propagaci\u00f3n sigue siendo alto\u201d, dijo el comunicado. &#8220;Los datos hasta la fecha sugieren que las personas completamente vacunadas est\u00e1n bien protegidas de infecciones graves con la variante Delta&#8221;.<\/p>\n\n\n\n<p>Mientras tanto, Pfizer anunci\u00f3 el jueves que planeaba buscar la aprobaci\u00f3n federal para la distribuci\u00f3n de terceras dosis de vacuna, diciendo que mejorar\u00eda la inmunidad y posiblemente podr\u00eda mejorar la defensa contra la variante Delta, inform\u00f3 Associated Press.<\/p>\n\n\n\n<p>Se han reportado poco m\u00e1s de 2.800 de las llamadas infecciones de avance en el condado de Los \u00c1ngeles, en el que las personas que estaban completamente vacunadas contrajeron COVID-19, informaron las autoridades. \u201cUn total de 195 personas, el 0,004% de las completamente vacunadas, fueron hospitalizadas por infecciones contra\u00eddas mientras estaban completamente vacunadas. Y 21 personas murieron por sus infecciones, 0,0004%. Estos n\u00fameros son muy similares a los de la semana pasada \u201d.<\/p>\n\n\n\n<p>Los funcionarios del condado enumeraron a 296 pacientes de COVID-19 hospitalizados en todo el condado el jueves, y el 24% de ellos fueron tratados en unidades de cuidados intensivos.<\/p>\n\n\n\n<p>La tendencia hace que la vacunaci\u00f3n sea a\u00fan m\u00e1s cr\u00edtica, dijo la directora de salud p\u00fablica del condado de Los \u00c1ngeles, Barbara Ferrer.<\/p>\n\n\n\n<p>\u201cLos datos dejan cada vez m\u00e1s claro que las vacunas siguen siendo la herramienta m\u00e1s importante que tenemos para mantener baja la transmisi\u00f3n de COVID-19 y la incubaci\u00f3n de variantes\u201d, dijo.<\/p>\n\n\n\n<p>\u201cLas tendencias generales de COVID-19 van en la direcci\u00f3n equivocada para todos y son particularmente preocupantes dada la proliferaci\u00f3n de la variante Delta\u201d, dijo Ferrer. \u201cLa forma m\u00e1s poderosa de proteger a las personas en las comunidades m\u00e1s afectadas, muchas de las cuales son trabajadores esenciales, es cerrar las brechas de vacunaci\u00f3n\u201d.<\/p>\n\n\n\n<p>A nivel estatal, los funcionarios de salud p\u00fablica anunciaron 1.416 nuevas infecciones y 58 muertes el jueves, lo que eleva el total estatal a 3.722.422 casos del virus y 63.317 muertes.<\/p>\n\n\n\n<p>La tasa de positividad promedio en todo el estado durante la semana anterior aument\u00f3 a 2.1%, frente al 1.9% del mi\u00e9rcoles, seg\u00fan datos del Departamento de Salud P\u00fablica de California.<\/p>\n\n\n\n<p>Hasta el jueves, el condado de Los \u00c1ngeles representaba el 34% de las infecciones por COVID-19 de California y el 39% de las muertes del estado.<\/p>\n","protected":false},"excerpt":{"rendered":"<p>La transmisi\u00f3n de COVID-19 contin\u00faa aumentando lentamente en Pasadena el jueves, con 16 nuevas infecciones documentadas por funcionarios de salud p\u00fablica. Sin nuevas muertes reportadas, el total de la pandemia de Pasadena fue de 11,413 infecciones confirmadas por COVID-19 y 350 muertes, seg\u00fan datos del Departamento de Salud P\u00fablica de Pasadena. El n\u00famero promedio de infecciones diarias de la ciudad durante la semana anterior aument\u00f3 a 8.4. El promedio fue menos de uno tan recientemente como el 21 de junio. [&hellip;]<\/p>\n","protected":false},"author":4,"featured_media":7899,"comment_status":"open","ping_status":"closed","sticky":false,"template":"","format":"standard","meta":[],"categories":[4],"tags":[],"acf":[],"_links":{"self":[{"href":"http:\/\/www.pasadenahoy.com\/primero\/wp-json\/wp\/v2\/posts\/9637"}],"collection":[{"href":"http:\/\/www.pasadenahoy.com\/primero\/wp-json\/wp\/v2\/posts"}],"about":[{"href":"http:\/\/www.pasadenahoy.com\/primero\/wp-json\/wp\/v2\/types\/post"}],"author":[{"embeddable":true,"href":"http:\/\/www.pasadenahoy.com\/primero\/wp-json\/wp\/v2\/users\/4"}],"replies":[{"embeddable":true,"href":"http:\/\/www.pasadenahoy.com\/primero\/wp-json\/wp\/v2\/comments?post=9637"}],"version-history":[{"count":2,"href":"http:\/\/www.pasadenahoy.com\/primero\/wp-json\/wp\/v2\/posts\/9637\/revisions"}],"predecessor-version":[{"id":9639,"href":"http:\/\/www.pasadenahoy.com\/primero\/wp-json\/wp\/v2\/posts\/9637\/revisions\/9639"}],"wp:featuredmedia":[{"embeddable":true,"href":"http:\/\/www.pasadenahoy.com\/primero\/wp-json\/wp\/v2\/media\/7899"}],"wp:attachment":[{"href":"http:\/\/www.pasadenahoy.com\/primero\/wp-json\/wp\/v2\/media?parent=9637"}],"wp:term":[{"taxonomy":"category","embeddable":true,"href":"http:\/\/www.pasadenahoy.com\/primero\/wp-json\/wp\/v2\/categories?post=9637"},{"taxonomy":"post_tag","embeddable":true,"href":"http:\/\/www.pasadenahoy.com\/primero\/wp-json\/wp\/v2\/tags?post=9637"}],"curies":[{"name":"wp","href":"https:\/\/api.w.org\/{rel}","templated":true}]}}