{"id":9644,"date":"2021-07-09T16:51:21","date_gmt":"2021-07-09T16:51:21","guid":{"rendered":"http:\/\/www.pasadenahoy.com\/primero\/?p=9644"},"modified":"2021-07-09T16:51:24","modified_gmt":"2021-07-09T16:51:24","slug":"la-biblioteca-publica-de-pasadena-elimina-las-tarifas-por-atraso","status":"publish","type":"post","link":"http:\/\/www.pasadenahoy.com\/primero\/la-comunidad\/la-biblioteca-publica-de-pasadena-elimina-las-tarifas-por-atraso\/","title":{"rendered":"La biblioteca p\u00fablica de Pasadena elimina las tarifas por atraso"},"content":{"rendered":"\n<figure class=\"wp-block-image alignnone size-large\"><figure class=\"alignnone\"><img loading=\"lazy\" width=\"740\" height=\"400\" src=\"http:\/\/www.pasadenahoy.com\/primero\/wp-content\/uploads\/2021\/07\/pic-5-4.jpg\" alt=\"\" class=\"wp-image-9645\" srcset=\"http:\/\/www.pasadenahoy.com\/primero\/wp-content\/uploads\/2021\/07\/pic-5-4.jpg 740w, http:\/\/www.pasadenahoy.com\/primero\/wp-content\/uploads\/2021\/07\/pic-5-4-300x162.jpg 300w, http:\/\/www.pasadenahoy.com\/primero\/wp-content\/uploads\/2021\/07\/pic-5-4-241x130.jpg 241w, http:\/\/www.pasadenahoy.com\/primero\/wp-content\/uploads\/2021\/07\/pic-5-4-333x180.jpg 333w, http:\/\/www.pasadenahoy.com\/primero\/wp-content\/uploads\/2021\/07\/pic-5-4-700x378.jpg 700w, http:\/\/www.pasadenahoy.com\/primero\/wp-content\/uploads\/2021\/07\/pic-5-4-360x195.jpg 360w, http:\/\/www.pasadenahoy.com\/primero\/wp-content\/uploads\/2021\/07\/pic-5-4-720x389.jpg 720w\" sizes=\"100vw\" \/><\/figure><\/figure>\n\n\n\n<p>La Biblioteca P\u00fablica de Pasadena ha anunciado que ha eliminado todas las multas vencidas.<\/p>\n\n\n\n<p>El cambio entr\u00f3 en vigor el 1 de julio, dijo la biblioteca en un <a href=\"https:\/\/www.cityofpasadena.net\/library\/wp-content\/uploads\/sites\/11\/2021-07-08-Off-the-Shelf_JULY_AUG_2021.pdf\">comunicado escrito.<\/a><\/p>\n\n\n\n<p>\u201cEsto significa que ning\u00fan material de la biblioteca acumular\u00e1 multas vencidas\u201d, seg\u00fan el comunicado.<\/p>\n\n\n\n<p>Las tarifas por mora acumuladas en el pasado tambi\u00e9n ser\u00e1n eximidas, dijo la portavoz de la biblioteca, Catherine Hany.<\/p>\n\n\n\n<p>Se seguir\u00e1n cobrando tarifas para reemplazar los materiales perdidos o da\u00f1ados, agreg\u00f3.<\/p>\n\n\n\n<p>Las multas atrasadas por materiales para ni\u00f1os y adultos j\u00f3venes se eliminaron anteriormente, dijeron las autoridades.<\/p>\n\n\n\n<p>La medida ten\u00eda la intenci\u00f3n de brindar un mejor acceso a las bibliotecas de Pasadena, independientemente de los ingresos.<\/p>\n\n\n\n<p>&#8220;La eliminaci\u00f3n de las multas atrasadas fomentar\u00e1 el uso de la biblioteca por parte de todos nuestros residentes, eliminando cualquier barrera de acceso para aquellos que se benefician m\u00e1s de los recursos bibliotecarios gratuitos, los residentes con ingresos limitados y los ni\u00f1os, proporcionando igual acceso a la informaci\u00f3n y el conocimiento para todos&#8221;, seg\u00fan a la declaraci\u00f3n.<\/p>\n\n\n\n<p>La sucursal principal de la biblioteca en 285 E. Walnut Street permanece cerrada mientras las autoridades eval\u00faan los problemas de seguridad s\u00edsmica. Las otras nueve sucursales est\u00e1n abiertas<\/p>\n\n\n\n<p>M\u00e1s informaci\u00f3n sobre la Biblioteca P\u00fablica de Pasadena, incluida una lista de ubicaciones y horarios de atenci\u00f3n, est\u00e1 disponible en l\u00ednea en <a href=\"https:\/\/www.cityofpasadena.net\/library\/\">cityofpasadena.net\/library.<\/a><\/p>\n","protected":false},"excerpt":{"rendered":"<p>La Biblioteca P\u00fablica de Pasadena ha anunciado que ha eliminado todas las multas vencidas. El cambio entr\u00f3 en vigor el 1 de julio, dijo la biblioteca en un comunicado escrito. \u201cEsto significa que ning\u00fan material de la biblioteca acumular\u00e1 multas vencidas\u201d, seg\u00fan el comunicado. Las tarifas por mora acumuladas en el pasado tambi\u00e9n ser\u00e1n eximidas, dijo la portavoz de la biblioteca, Catherine Hany. Se seguir\u00e1n cobrando tarifas para reemplazar los materiales perdidos o da\u00f1ados, agreg\u00f3. Las multas atrasadas por materiales [&hellip;]<\/p>\n","protected":false},"author":4,"featured_media":0,"comment_status":"open","ping_status":"closed","sticky":false,"template":"","format":"standard","meta":[],"categories":[4],"tags":[],"acf":[],"_links":{"self":[{"href":"http:\/\/www.pasadenahoy.com\/primero\/wp-json\/wp\/v2\/posts\/9644"}],"collection":[{"href":"http:\/\/www.pasadenahoy.com\/primero\/wp-json\/wp\/v2\/posts"}],"about":[{"href":"http:\/\/www.pasadenahoy.com\/primero\/wp-json\/wp\/v2\/types\/post"}],"author":[{"embeddable":true,"href":"http:\/\/www.pasadenahoy.com\/primero\/wp-json\/wp\/v2\/users\/4"}],"replies":[{"embeddable":true,"href":"http:\/\/www.pasadenahoy.com\/primero\/wp-json\/wp\/v2\/comments?post=9644"}],"version-history":[{"count":2,"href":"http:\/\/www.pasadenahoy.com\/primero\/wp-json\/wp\/v2\/posts\/9644\/revisions"}],"predecessor-version":[{"id":9647,"href":"http:\/\/www.pasadenahoy.com\/primero\/wp-json\/wp\/v2\/posts\/9644\/revisions\/9647"}],"wp:attachment":[{"href":"http:\/\/www.pasadenahoy.com\/primero\/wp-json\/wp\/v2\/media?parent=9644"}],"wp:term":[{"taxonomy":"category","embeddable":true,"href":"http:\/\/www.pasadenahoy.com\/primero\/wp-json\/wp\/v2\/categories?post=9644"},{"taxonomy":"post_tag","embeddable":true,"href":"http:\/\/www.pasadenahoy.com\/primero\/wp-json\/wp\/v2\/tags?post=9644"}],"curies":[{"name":"wp","href":"https:\/\/api.w.org\/{rel}","templated":true}]}}