{"id":9656,"date":"2021-07-12T16:06:42","date_gmt":"2021-07-12T16:06:42","guid":{"rendered":"http:\/\/www.pasadenahoy.com\/primero\/?p=9656"},"modified":"2021-07-12T16:06:44","modified_gmt":"2021-07-12T16:06:44","slug":"los-funcionarios-electos-tienen-la-opcion-de-asistir-a-las-reuniones-en-persona-mientras-el-ayuntamiento-vuelve-a-sus-actividades","status":"publish","type":"post","link":"http:\/\/www.pasadenahoy.com\/primero\/el-gobierno-local\/los-funcionarios-electos-tienen-la-opcion-de-asistir-a-las-reuniones-en-persona-mientras-el-ayuntamiento-vuelve-a-sus-actividades\/","title":{"rendered":"Los funcionarios electos tienen la opci\u00f3n de asistir a las reuniones en persona mientras el Ayuntamiento vuelve a sus actividades"},"content":{"rendered":"\n<figure class=\"wp-block-image alignnone size-large\"><figure class=\"alignnone\"><img loading=\"lazy\" width=\"740\" height=\"400\" src=\"http:\/\/www.pasadenahoy.com\/primero\/wp-content\/uploads\/2021\/07\/pic-1-5.jpg\" alt=\"\" class=\"wp-image-9657\" srcset=\"http:\/\/www.pasadenahoy.com\/primero\/wp-content\/uploads\/2021\/07\/pic-1-5.jpg 740w, http:\/\/www.pasadenahoy.com\/primero\/wp-content\/uploads\/2021\/07\/pic-1-5-300x162.jpg 300w, http:\/\/www.pasadenahoy.com\/primero\/wp-content\/uploads\/2021\/07\/pic-1-5-241x130.jpg 241w, http:\/\/www.pasadenahoy.com\/primero\/wp-content\/uploads\/2021\/07\/pic-1-5-333x180.jpg 333w, http:\/\/www.pasadenahoy.com\/primero\/wp-content\/uploads\/2021\/07\/pic-1-5-700x378.jpg 700w, http:\/\/www.pasadenahoy.com\/primero\/wp-content\/uploads\/2021\/07\/pic-1-5-360x195.jpg 360w, http:\/\/www.pasadenahoy.com\/primero\/wp-content\/uploads\/2021\/07\/pic-1-5-720x389.jpg 720w\" sizes=\"100vw\" \/><\/figure><\/figure>\n\n\n\n<p>Despu\u00e9s de dos semanas de descanso, el Concejo Municipal vuelve a trabajar el lunes, solo los miembros podr\u00edan regresar a un formato m\u00e1s familiar.<\/p>\n\n\n\n<p>A partir de hoy, los miembros del Ayuntamiento tienen la opci\u00f3n de deliberar de forma remota o en las c\u00e1maras del Ayuntamiento del Ayuntamiento.<\/p>\n\n\n\n<p>Seg\u00fan la oficial de informaci\u00f3n p\u00fablica Lisa Derderian, los miembros del consejo no vacunados deben usar una m\u00e1scara si asisten a una reuni\u00f3n en persona. Los miembros del consejo vacunados tienen la opci\u00f3n de usar una m\u00e1scara para una protecci\u00f3n adicional.<\/p>\n\n\n\n<p>En este momento, solo los miembros del Concejo Municipal y el personal de la ciudad pueden ingresar a las c\u00e1maras del Concejo durante las reuniones. No se sabe cu\u00e1ndo se permitir\u00e1 que el p\u00fablico en general asista a las reuniones.<\/p>\n\n\n\n<p>La \u00faltima vez que los miembros del consejo pudieron ingresar a las c\u00e1maras fue el 15 de marzo de 2020. En esa reuni\u00f3n, solo dos miembros del consejo aparecieron en las c\u00e1maras del consejo. A los miembros del p\u00fablico se les permiti\u00f3 ingresar a las c\u00e1maras del consejo que ten\u00edan un amplio suministro de desinfectante para manos y sillas colocadas a seis pies de distancia.<\/p>\n\n\n\n<p>El sargento de aArms us\u00f3 una mascarilla durante esas 2 p.m. reuni\u00f3n.<\/p>\n\n\n\n<p>Varios d\u00edas despu\u00e9s, la ciudad qued\u00f3 bloqueada bajo las \u00f3rdenes de emergencia de la ciudad y el estado que modificaban la Ley Brown del estado, que rige las reuniones abiertas.<\/p>\n\n\n\n<p>Aunque las reuniones del consejo continuaron a trav\u00e9s de Zoom, las reuniones del comit\u00e9 y la comisi\u00f3n se cerraron durante varios meses.<\/p>\n\n\n\n<p>Para ver la reuni\u00f3n a trav\u00e9s de Zoom, visite<a href=\" https:\/\/us02web.zoom.us\/j\/161482446\"> https:\/\/us02web.zoom.us\/j\/161482446<\/a> o <a href=\"http:\/\/www.pasadenamedia.org\/\">WWW.PASADENAMEDIA.ORG,<\/a><br>More about this source textSource text required for additional translation information<\/p>\n","protected":false},"excerpt":{"rendered":"<p>Despu\u00e9s de dos semanas de descanso, el Concejo Municipal vuelve a trabajar el lunes, solo los miembros podr\u00edan regresar a un formato m\u00e1s familiar. A partir de hoy, los miembros del Ayuntamiento tienen la opci\u00f3n de deliberar de forma remota o en las c\u00e1maras del Ayuntamiento del Ayuntamiento. Seg\u00fan la oficial de informaci\u00f3n p\u00fablica Lisa Derderian, los miembros del consejo no vacunados deben usar una m\u00e1scara si asisten a una reuni\u00f3n en persona. Los miembros del consejo vacunados tienen la [&hellip;]<\/p>\n","protected":false},"author":4,"featured_media":9657,"comment_status":"open","ping_status":"closed","sticky":false,"template":"","format":"standard","meta":[],"categories":[6],"tags":[],"acf":[],"_links":{"self":[{"href":"http:\/\/www.pasadenahoy.com\/primero\/wp-json\/wp\/v2\/posts\/9656"}],"collection":[{"href":"http:\/\/www.pasadenahoy.com\/primero\/wp-json\/wp\/v2\/posts"}],"about":[{"href":"http:\/\/www.pasadenahoy.com\/primero\/wp-json\/wp\/v2\/types\/post"}],"author":[{"embeddable":true,"href":"http:\/\/www.pasadenahoy.com\/primero\/wp-json\/wp\/v2\/users\/4"}],"replies":[{"embeddable":true,"href":"http:\/\/www.pasadenahoy.com\/primero\/wp-json\/wp\/v2\/comments?post=9656"}],"version-history":[{"count":2,"href":"http:\/\/www.pasadenahoy.com\/primero\/wp-json\/wp\/v2\/posts\/9656\/revisions"}],"predecessor-version":[{"id":9659,"href":"http:\/\/www.pasadenahoy.com\/primero\/wp-json\/wp\/v2\/posts\/9656\/revisions\/9659"}],"wp:featuredmedia":[{"embeddable":true,"href":"http:\/\/www.pasadenahoy.com\/primero\/wp-json\/wp\/v2\/media\/9657"}],"wp:attachment":[{"href":"http:\/\/www.pasadenahoy.com\/primero\/wp-json\/wp\/v2\/media?parent=9656"}],"wp:term":[{"taxonomy":"category","embeddable":true,"href":"http:\/\/www.pasadenahoy.com\/primero\/wp-json\/wp\/v2\/categories?post=9656"},{"taxonomy":"post_tag","embeddable":true,"href":"http:\/\/www.pasadenahoy.com\/primero\/wp-json\/wp\/v2\/tags?post=9656"}],"curies":[{"name":"wp","href":"https:\/\/api.w.org\/{rel}","templated":true}]}}