{"id":9660,"date":"2021-07-12T16:11:07","date_gmt":"2021-07-12T16:11:07","guid":{"rendered":"http:\/\/www.pasadenahoy.com\/primero\/?p=9660"},"modified":"2021-07-12T16:11:08","modified_gmt":"2021-07-12T16:11:08","slug":"pwp-los-conservacionistas-no-logran-llegar-a-un-acuerdo-sobre-el-proyecto-del-canon-del-arroyo-seco","status":"publish","type":"post","link":"http:\/\/www.pasadenahoy.com\/primero\/la-comunidad\/pwp-los-conservacionistas-no-logran-llegar-a-un-acuerdo-sobre-el-proyecto-del-canon-del-arroyo-seco\/","title":{"rendered":"PWP, los conservacionistas no logran llegar a un acuerdo sobre el proyecto del Ca\u00f1\u00f3n del Arroyo Seco"},"content":{"rendered":"\n<figure class=\"wp-block-image alignnone size-large\"><figure class=\"alignnone\"><img loading=\"lazy\" width=\"740\" height=\"400\" src=\"http:\/\/www.pasadenahoy.com\/primero\/wp-content\/uploads\/2021\/07\/pic2-2.jpg\" alt=\"\" class=\"wp-image-9661\" srcset=\"http:\/\/www.pasadenahoy.com\/primero\/wp-content\/uploads\/2021\/07\/pic2-2.jpg 740w, http:\/\/www.pasadenahoy.com\/primero\/wp-content\/uploads\/2021\/07\/pic2-2-300x162.jpg 300w, http:\/\/www.pasadenahoy.com\/primero\/wp-content\/uploads\/2021\/07\/pic2-2-241x130.jpg 241w, http:\/\/www.pasadenahoy.com\/primero\/wp-content\/uploads\/2021\/07\/pic2-2-333x180.jpg 333w, http:\/\/www.pasadenahoy.com\/primero\/wp-content\/uploads\/2021\/07\/pic2-2-700x378.jpg 700w, http:\/\/www.pasadenahoy.com\/primero\/wp-content\/uploads\/2021\/07\/pic2-2-360x195.jpg 360w, http:\/\/www.pasadenahoy.com\/primero\/wp-content\/uploads\/2021\/07\/pic2-2-720x389.jpg 720w\" sizes=\"100vw\" \/><\/figure><\/figure>\n\n\n\n<p>[ACTUALIZADO] Las negociaciones entre la ciudad y los conservacionistas locales sobre un proyecto en Arroyo Seco se han roto.<\/p>\n\n\n\n<p>En un correo electr\u00f3nico del 9 de julio, Gurcharan S. Bawa, gerente general del Departamento de Agua y Energ\u00eda de Pasadena (PWP), dijo que la empresa de servicios p\u00fablicos no aceptar\u00e1 posponer la certificaci\u00f3n del informe de impacto ambiental (EIR) y retrasar el proyecto.<\/p>\n\n\n\n<p>&#8220;Dadas nuestras conversaciones pasadas, PWP no ve un camino a seguir para resolver este asunto&#8221;, escribi\u00f3 Bawa.<\/p>\n\n\n\n<p>El tema estaba programado para ser discutido en la reuni\u00f3n del Concejo Municipal del lunes. Bawa dijo que PWP le pedir\u00e1 al consejo que contin\u00fae con una audiencia p\u00fablica hasta el 19 de julio.<\/p>\n\n\n\n<p>PWP est\u00e1 buscando dos permisos de uso condicional (CUP) para reparar y reemplazar las instalaciones dentro del \u00e1rea del Ca\u00f1\u00f3n de Arroyo Seco que fueron da\u00f1adas o destruidas por los eventos relacionados con el incendio de la estaci\u00f3n de 2009.<\/p>\n\n\n\n<p>Los conservacionistas dicen que el proyecto amenaza a las truchas que nadan en los arroyos de la zona.<\/p>\n\n\n\n<p>\u201cPasadena no ha reconocido ni acomodado a los cientos de truchas arco\u00edris ahora presentes en el arroyo Arroyo Seco y no ha alterado sus instalaciones y operaciones propuestas para protegerlas a ellas y a otras especies acu\u00e1ticas de acuerdo con los requisitos pertinentes del c\u00f3digo de Caza y Pesca de CA\u201d, escribi\u00f3 Tim Brick, director ejecutivo de la Fundaci\u00f3n Arroyo Seco luego de que las negociaciones fracasaran.<\/p>\n\n\n\n<p>La ciudad dice que los da\u00f1os a las estructuras han reducido en gran medida la capacidad de la ciudad para desviar agua del Arroyo Seco. Las mejoras propuestas permitir\u00edan una mayor utilizaci\u00f3n de los derechos de agua superficial de la ciudad anteriores a 1914 del Arroyo Seco.<\/p>\n\n\n\n<p>La ciudad quiere aumentar la cantidad de agua que desv\u00eda del Arroyo Seco a la Cuenca Raymond en un 15%, del 35% al \u200b\u200b50% debido a los impactos de las sequ\u00edas recientes. Las sequ\u00edas, combinadas con varios otros factores, incluido el cambio clim\u00e1tico, contribuyeron a la disminuci\u00f3n de los niveles de agua subterr\u00e1nea en la cuenca Raymond.<\/p>\n\n\n\n<p>Para mantener y aumentar los niveles de agua subterr\u00e1nea, la Junta de Administraci\u00f3n de la Cuenca de Raymond (RBMB) inici\u00f3 una reducci\u00f3n voluntaria del 30% de los derechos de producci\u00f3n de agua subterr\u00e1nea para todos los bombeadores en la sub\u00e1rea de Pasadena en 2009.<\/p>\n\n\n\n<p>Los conservacionistas afirman que las truchas habitan en los arroyos y que el trabajo propuesto podr\u00eda destruir los peces.<\/p>\n\n\n\n<p>La presencia de peces nativos en el Arroyo Seco ha sido un importante punto de discordia durante el proceso de revisi\u00f3n ambiental. La Fundaci\u00f3n Arroyo Seco (ASF) y otros comentaristas durante la revisi\u00f3n del EIR afirmaron que los peces nativos han estado presentes en el Arroyo Seco durante dos millones de a\u00f1os o m\u00e1s.<\/p>\n\n\n\n<p>&#8220;Pasadena se ha negado a realizar estudios para determinar cu\u00e1nta &#8216;agua nueva&#8217; ser\u00e1 producida por las operaciones de esparcimiento propuestas, as\u00ed como evaluar los cr\u00e9ditos de bombeo obtenidos de las operaciones de esparcimiento seg\u00fan una pol\u00edtica aprobada por la Junta de Administraci\u00f3n de la Cuenca Raymond&#8221;, seg\u00fan la ASF. .<\/p>\n\n\n\n<p>Seg\u00fan Bawa, PWP rechaz\u00f3 las demandas del grupo porque cualquier acuerdo con los conservacionistas podr\u00eda entrar en conflicto con los requisitos impuestos por el Departamento de Pesca y Vida Silvestre de California para completar el proyecto.<\/p>\n\n\n\n<p>La Ley de Calidad Ambiental de California, CEQA, tambi\u00e9n requiere que un an\u00e1lisis ambiental considere los cambios ambientales creados por el proyecto propuesto.<\/p>\n\n\n\n<p>A principios de este a\u00f1o, un funcionario de audiencias de la ciudad descart\u00f3 las afirmaciones de los conservacionistas locales de que no revis\u00f3 adecuadamente un EIR antes de aprobar una modificaci\u00f3n a un CUP que permitir\u00eda a la ciudad reparar y reemplazar las instalaciones de infraestructura de agua dentro de Arroyo Seco, seg\u00fan una Junta. Informe del personal de Apelaciones de zonificaci\u00f3n.<\/p>\n\n\n\n<p>\u201cPWP se compromete a mejorar y mejorar el h\u00e1bitat en Hahamongna [Watersehd Park] y proteger la cuenca de agua subterr\u00e1nea, y ha contratado a expertos t\u00e9cnicos l\u00edderes en hidrogeolog\u00eda, biolog\u00eda, pesca e ingenier\u00eda para proporcionar los mejores dise\u00f1os en captura de aguas pluviales, peces protecci\u00f3n y mejora del medio ambiente en Hahamongna \u201d, escribi\u00f3 Bawa.<\/p>\n","protected":false},"excerpt":{"rendered":"<p>[ACTUALIZADO] Las negociaciones entre la ciudad y los conservacionistas locales sobre un proyecto en Arroyo Seco se han roto. En un correo electr\u00f3nico del 9 de julio, Gurcharan S. Bawa, gerente general del Departamento de Agua y Energ\u00eda de Pasadena (PWP), dijo que la empresa de servicios p\u00fablicos no aceptar\u00e1 posponer la certificaci\u00f3n del informe de impacto ambiental (EIR) y retrasar el proyecto. &#8220;Dadas nuestras conversaciones pasadas, PWP no ve un camino a seguir para resolver este asunto&#8221;, escribi\u00f3 Bawa. [&hellip;]<\/p>\n","protected":false},"author":4,"featured_media":9661,"comment_status":"open","ping_status":"closed","sticky":false,"template":"","format":"standard","meta":[],"categories":[4],"tags":[],"acf":[],"_links":{"self":[{"href":"http:\/\/www.pasadenahoy.com\/primero\/wp-json\/wp\/v2\/posts\/9660"}],"collection":[{"href":"http:\/\/www.pasadenahoy.com\/primero\/wp-json\/wp\/v2\/posts"}],"about":[{"href":"http:\/\/www.pasadenahoy.com\/primero\/wp-json\/wp\/v2\/types\/post"}],"author":[{"embeddable":true,"href":"http:\/\/www.pasadenahoy.com\/primero\/wp-json\/wp\/v2\/users\/4"}],"replies":[{"embeddable":true,"href":"http:\/\/www.pasadenahoy.com\/primero\/wp-json\/wp\/v2\/comments?post=9660"}],"version-history":[{"count":2,"href":"http:\/\/www.pasadenahoy.com\/primero\/wp-json\/wp\/v2\/posts\/9660\/revisions"}],"predecessor-version":[{"id":9663,"href":"http:\/\/www.pasadenahoy.com\/primero\/wp-json\/wp\/v2\/posts\/9660\/revisions\/9663"}],"wp:featuredmedia":[{"embeddable":true,"href":"http:\/\/www.pasadenahoy.com\/primero\/wp-json\/wp\/v2\/media\/9661"}],"wp:attachment":[{"href":"http:\/\/www.pasadenahoy.com\/primero\/wp-json\/wp\/v2\/media?parent=9660"}],"wp:term":[{"taxonomy":"category","embeddable":true,"href":"http:\/\/www.pasadenahoy.com\/primero\/wp-json\/wp\/v2\/categories?post=9660"},{"taxonomy":"post_tag","embeddable":true,"href":"http:\/\/www.pasadenahoy.com\/primero\/wp-json\/wp\/v2\/tags?post=9660"}],"curies":[{"name":"wp","href":"https:\/\/api.w.org\/{rel}","templated":true}]}}