{"id":9676,"date":"2021-07-12T16:35:42","date_gmt":"2021-07-12T16:35:42","guid":{"rendered":"http:\/\/www.pasadenahoy.com\/primero\/?p=9676"},"modified":"2021-07-12T16:35:43","modified_gmt":"2021-07-12T16:35:43","slug":"los-retrasos-relacionados-con-la-pandemia-llevan-a-los-desarrolladores-a-solicitar-una-extension-de-tiempo-en-el-proyecto-de-la-calle-east-villa-de-16-unidades","status":"publish","type":"post","link":"http:\/\/www.pasadenahoy.com\/primero\/la-comunidad\/los-retrasos-relacionados-con-la-pandemia-llevan-a-los-desarrolladores-a-solicitar-una-extension-de-tiempo-en-el-proyecto-de-la-calle-east-villa-de-16-unidades\/","title":{"rendered":"Los retrasos relacionados con la pandemia llevan a los desarrolladores a solicitar una extensi\u00f3n de tiempo en el proyecto de la calle East Villa de 16 unidades"},"content":{"rendered":"\n<figure class=\"wp-block-image alignnone size-large\"><figure class=\"alignnone\"><img loading=\"lazy\" width=\"740\" height=\"400\" src=\"http:\/\/www.pasadenahoy.com\/primero\/wp-content\/uploads\/2021\/07\/pic6-1.png\" alt=\"\" class=\"wp-image-9677\" srcset=\"http:\/\/www.pasadenahoy.com\/primero\/wp-content\/uploads\/2021\/07\/pic6-1.png 740w, http:\/\/www.pasadenahoy.com\/primero\/wp-content\/uploads\/2021\/07\/pic6-1-300x162.png 300w, http:\/\/www.pasadenahoy.com\/primero\/wp-content\/uploads\/2021\/07\/pic6-1-241x130.png 241w, http:\/\/www.pasadenahoy.com\/primero\/wp-content\/uploads\/2021\/07\/pic6-1-333x180.png 333w, http:\/\/www.pasadenahoy.com\/primero\/wp-content\/uploads\/2021\/07\/pic6-1-700x378.png 700w, http:\/\/www.pasadenahoy.com\/primero\/wp-content\/uploads\/2021\/07\/pic6-1-360x195.png 360w, http:\/\/www.pasadenahoy.com\/primero\/wp-content\/uploads\/2021\/07\/pic6-1-720x389.png 720w\" sizes=\"100vw\" \/><\/figure><\/figure>\n\n\n\n<p>Los desarrolladores de un proyecto residencial de 16 unidades de uno a tres pisos ubicado en 1105 E. Villa St. en Pasadena est\u00e1n buscando una nueva extensi\u00f3n de tiempo de la aprobaci\u00f3n de revisi\u00f3n de dise\u00f1o final ya que no se ha comenzado a trabajar en el proyecto desde el momento de la aprobaci\u00f3n. fue concedido en 2016.<\/p>\n\n\n\n<p>La raz\u00f3n dada fue que debido a la pandemia de COVID-19, el solicitante no pudo sacar a los inquilinos de la propiedad ni formar un equipo de construcci\u00f3n.<\/p>\n\n\n\n<p>La solicitud de pr\u00f3rroga, la segunda del proyecto, ser\u00e1 presentada ante la Comisi\u00f3n de Dise\u00f1o, que se re\u00fane virtualmente a las 16:30 horas. Martes 13 de julio.<\/p>\n\n\n\n<p>Un informe del personal del Departamento de Planificaci\u00f3n y Desarrollo Comunitario dijo que la Comisi\u00f3n de Dise\u00f1o aprob\u00f3 una solicitud de Revisi\u00f3n de Dise\u00f1o Final para el proyecto el 28 de junio de 2016 y la decisi\u00f3n entr\u00f3 en vigencia el martes 12 de julio de 2016. El 28 de mayo de 2019, el La Comisi\u00f3n de Dise\u00f1o otorg\u00f3 al solicitante una extensi\u00f3n de un a\u00f1o hasta el 12 de julio de 2020.<\/p>\n\n\n\n<p>El 30 de marzo de 2020, el Ayuntamiento de Pasadena reconoci\u00f3 que las interrupciones sin precedentes del proyecto, debido a la pandemia, presentar\u00edan desaf\u00edos importantes para los desarrolladores, y aprob\u00f3 la Resoluci\u00f3n No. 9774, que permiti\u00f3 una pr\u00f3rroga autom\u00e1tica de un a\u00f1o para este tipo. de proyecto, hasta el 12 de julio de 2021.<\/p>\n\n\n\n<p>El informe del Departamento de Planificaci\u00f3n dice que el proyecto ha sido presentado para revisi\u00f3n del plan de construcci\u00f3n y que el permiso de construcci\u00f3n est\u00e1 listo para emitirse.<\/p>\n\n\n\n<p>Como la Comisi\u00f3n de Dise\u00f1o fue el organismo de decisi\u00f3n de revisi\u00f3n original, se requiere, seg\u00fan el C\u00f3digo de Zonificaci\u00f3n, celebrar una audiencia p\u00fablica antes de que se pueda otorgar la extensi\u00f3n de tiempo solicitada.<\/p>\n\n\n\n<p>Si se concede, esta extensi\u00f3n ser\u00e1 la \u00faltima de las dos extensiones disponibles para el proyecto, dijo el Departamento de Planificaci\u00f3n. El informe tambi\u00e9n dijo que el departamento recomienda la aprobaci\u00f3n de la solicitud porque el proyecto sigue siendo consistente con los requisitos del C\u00f3digo de Zonificaci\u00f3n y con las pautas de dise\u00f1o aplicables, que no han cambiado desde la aprobaci\u00f3n original del proyecto.<\/p>\n\n\n\n<p>El p\u00fablico puede acceder a las deliberaciones durante la reuni\u00f3n de la Comisi\u00f3n de Dise\u00f1o. Para acceder, visite <a href=\"https:\/\/us02web.zoom.us\/j\/81111223185 \">https:\/\/us02web.zoom.us\/j\/81111223185 <\/a>o llame al (669) 900-6833 y use el webinar ID 811 1122 3185.<\/p>\n\n\n\n<p>Los comentarios p\u00fablicos pueden enviarse con anticipaci\u00f3n a <a href=\"mtakeda@cityofpasadena.net\">mtakeda@cityofpasadena.net <\/a>o enviarse a trav\u00e9s de<a href=\"https:\/\/www.cityofpasadena.net\/planning\/public-comment\/\"> www.cityofpasadena.net\/planning\/public-comment\/.<\/a><\/p>\n","protected":false},"excerpt":{"rendered":"<p>Los desarrolladores de un proyecto residencial de 16 unidades de uno a tres pisos ubicado en 1105 E. Villa St. en Pasadena est\u00e1n buscando una nueva extensi\u00f3n de tiempo de la aprobaci\u00f3n de revisi\u00f3n de dise\u00f1o final ya que no se ha comenzado a trabajar en el proyecto desde el momento de la aprobaci\u00f3n. fue concedido en 2016. La raz\u00f3n dada fue que debido a la pandemia de COVID-19, el solicitante no pudo sacar a los inquilinos de la propiedad [&hellip;]<\/p>\n","protected":false},"author":4,"featured_media":0,"comment_status":"open","ping_status":"closed","sticky":false,"template":"","format":"standard","meta":[],"categories":[4],"tags":[],"acf":[],"_links":{"self":[{"href":"http:\/\/www.pasadenahoy.com\/primero\/wp-json\/wp\/v2\/posts\/9676"}],"collection":[{"href":"http:\/\/www.pasadenahoy.com\/primero\/wp-json\/wp\/v2\/posts"}],"about":[{"href":"http:\/\/www.pasadenahoy.com\/primero\/wp-json\/wp\/v2\/types\/post"}],"author":[{"embeddable":true,"href":"http:\/\/www.pasadenahoy.com\/primero\/wp-json\/wp\/v2\/users\/4"}],"replies":[{"embeddable":true,"href":"http:\/\/www.pasadenahoy.com\/primero\/wp-json\/wp\/v2\/comments?post=9676"}],"version-history":[{"count":2,"href":"http:\/\/www.pasadenahoy.com\/primero\/wp-json\/wp\/v2\/posts\/9676\/revisions"}],"predecessor-version":[{"id":9679,"href":"http:\/\/www.pasadenahoy.com\/primero\/wp-json\/wp\/v2\/posts\/9676\/revisions\/9679"}],"wp:attachment":[{"href":"http:\/\/www.pasadenahoy.com\/primero\/wp-json\/wp\/v2\/media?parent=9676"}],"wp:term":[{"taxonomy":"category","embeddable":true,"href":"http:\/\/www.pasadenahoy.com\/primero\/wp-json\/wp\/v2\/categories?post=9676"},{"taxonomy":"post_tag","embeddable":true,"href":"http:\/\/www.pasadenahoy.com\/primero\/wp-json\/wp\/v2\/tags?post=9676"}],"curies":[{"name":"wp","href":"https:\/\/api.w.org\/{rel}","templated":true}]}}