{"id":9680,"date":"2021-07-12T16:39:30","date_gmt":"2021-07-12T16:39:30","guid":{"rendered":"http:\/\/www.pasadenahoy.com\/primero\/?p=9680"},"modified":"2021-07-12T16:39:32","modified_gmt":"2021-07-12T16:39:32","slug":"ghost-gun-cargadores-de-gran-capacidad-incautados-despues-de-una-parada-de-trafico-en-pasadena","status":"publish","type":"post","link":"http:\/\/www.pasadenahoy.com\/primero\/la-comunidad\/ghost-gun-cargadores-de-gran-capacidad-incautados-despues-de-una-parada-de-trafico-en-pasadena\/","title":{"rendered":"&#8216;Ghost Gun&#8217;, cargadores de gran capacidad incautados despu\u00e9s de una parada de tr\u00e1fico en Pasadena"},"content":{"rendered":"\n<figure class=\"wp-block-image alignnone size-large\"><figure class=\"alignnone\"><img loading=\"lazy\" width=\"740\" height=\"400\" src=\"http:\/\/www.pasadenahoy.com\/primero\/wp-content\/uploads\/2021\/07\/pic-7.png\" alt=\"\" class=\"wp-image-9681\" srcset=\"http:\/\/www.pasadenahoy.com\/primero\/wp-content\/uploads\/2021\/07\/pic-7.png 740w, http:\/\/www.pasadenahoy.com\/primero\/wp-content\/uploads\/2021\/07\/pic-7-300x162.png 300w, http:\/\/www.pasadenahoy.com\/primero\/wp-content\/uploads\/2021\/07\/pic-7-241x130.png 241w, http:\/\/www.pasadenahoy.com\/primero\/wp-content\/uploads\/2021\/07\/pic-7-333x180.png 333w, http:\/\/www.pasadenahoy.com\/primero\/wp-content\/uploads\/2021\/07\/pic-7-700x378.png 700w, http:\/\/www.pasadenahoy.com\/primero\/wp-content\/uploads\/2021\/07\/pic-7-360x195.png 360w, http:\/\/www.pasadenahoy.com\/primero\/wp-content\/uploads\/2021\/07\/pic-7-720x389.png 720w\" sizes=\"100vw\" \/><figcaption><span class=\"caption-text\">\u00a9 Colaboradores de OpenStreetMap<\/span><\/figcaption><\/figure><\/figure>\n\n\n\n<p>La polic\u00eda arrest\u00f3 a un hombre por posesi\u00f3n de una &#8220;pistola fantasma&#8221; no serializada y cargadores de alta capacidad despu\u00e9s de detenerlo por una infracci\u00f3n de tr\u00e1nsito en Pasadena el domingo por la noche, dijeron las autoridades.<\/p>\n\n\n\n<p>Los oficiales detuvieron un autom\u00f3vil alrededor de las 9:22 p.m. en Sunset Avenue y Hammond Street por falta de una placa frontal, dijo el teniente de la polic\u00eda de Pasadena, Sean Dawkins.<\/p>\n\n\n\n<p>Inmediatamente notaron un recipiente abierto de alcohol dentro del autom\u00f3vil, dijo.<\/p>\n\n\n\n<p>Investigaciones posteriores revelaron una pistola cargada sin serializar, com\u00fanmente conocida como pistola fantasma.<\/p>\n\n\n\n<p>Herbert Smith, de 24 a\u00f1os, de Sherman Oaks fue fichado bajo sospecha de posesi\u00f3n de un arma de fuego oculta, posesi\u00f3n de un arma de fuego cargada y posesi\u00f3n de cargadores de gran capacidad.<\/p>\n\n\n\n<p>Seg\u00fan los registros de reserva del condado de Los \u00c1ngeles, fue liberado de la custodia el lunes temprano en espera de procedimientos legales despu\u00e9s de pagar una fianza de $ 35,000.<\/p>\n","protected":false},"excerpt":{"rendered":"<p>La polic\u00eda arrest\u00f3 a un hombre por posesi\u00f3n de una &#8220;pistola fantasma&#8221; no serializada y cargadores de alta capacidad despu\u00e9s de detenerlo por una infracci\u00f3n de tr\u00e1nsito en Pasadena el domingo por la noche, dijeron las autoridades. Los oficiales detuvieron un autom\u00f3vil alrededor de las 9:22 p.m. en Sunset Avenue y Hammond Street por falta de una placa frontal, dijo el teniente de la polic\u00eda de Pasadena, Sean Dawkins. Inmediatamente notaron un recipiente abierto de alcohol dentro del autom\u00f3vil, dijo. [&hellip;]<\/p>\n","protected":false},"author":4,"featured_media":0,"comment_status":"open","ping_status":"closed","sticky":false,"template":"","format":"standard","meta":[],"categories":[4],"tags":[],"acf":[],"_links":{"self":[{"href":"http:\/\/www.pasadenahoy.com\/primero\/wp-json\/wp\/v2\/posts\/9680"}],"collection":[{"href":"http:\/\/www.pasadenahoy.com\/primero\/wp-json\/wp\/v2\/posts"}],"about":[{"href":"http:\/\/www.pasadenahoy.com\/primero\/wp-json\/wp\/v2\/types\/post"}],"author":[{"embeddable":true,"href":"http:\/\/www.pasadenahoy.com\/primero\/wp-json\/wp\/v2\/users\/4"}],"replies":[{"embeddable":true,"href":"http:\/\/www.pasadenahoy.com\/primero\/wp-json\/wp\/v2\/comments?post=9680"}],"version-history":[{"count":2,"href":"http:\/\/www.pasadenahoy.com\/primero\/wp-json\/wp\/v2\/posts\/9680\/revisions"}],"predecessor-version":[{"id":9683,"href":"http:\/\/www.pasadenahoy.com\/primero\/wp-json\/wp\/v2\/posts\/9680\/revisions\/9683"}],"wp:attachment":[{"href":"http:\/\/www.pasadenahoy.com\/primero\/wp-json\/wp\/v2\/media?parent=9680"}],"wp:term":[{"taxonomy":"category","embeddable":true,"href":"http:\/\/www.pasadenahoy.com\/primero\/wp-json\/wp\/v2\/categories?post=9680"},{"taxonomy":"post_tag","embeddable":true,"href":"http:\/\/www.pasadenahoy.com\/primero\/wp-json\/wp\/v2\/tags?post=9680"}],"curies":[{"name":"wp","href":"https:\/\/api.w.org\/{rel}","templated":true}]}}