{"id":9699,"date":"2021-07-13T16:08:29","date_gmt":"2021-07-13T16:08:29","guid":{"rendered":"http:\/\/www.pasadenahoy.com\/primero\/?p=9699"},"modified":"2021-07-13T16:08:31","modified_gmt":"2021-07-13T16:08:31","slug":"cinco-concejales-regresan-al-ayuntamiento-para-reunirse","status":"publish","type":"post","link":"http:\/\/www.pasadenahoy.com\/primero\/el-gobierno-local\/cinco-concejales-regresan-al-ayuntamiento-para-reunirse\/","title":{"rendered":"Cinco concejales regresan al ayuntamiento para reunirse"},"content":{"rendered":"\n<figure class=\"wp-block-image alignnone size-large\"><figure class=\"alignnone\"><img loading=\"lazy\" width=\"800\" height=\"428\" src=\"http:\/\/www.pasadenahoy.com\/primero\/wp-content\/uploads\/2021\/07\/pic-1-6.jpg\" alt=\"\" class=\"wp-image-9700\" srcset=\"http:\/\/www.pasadenahoy.com\/primero\/wp-content\/uploads\/2021\/07\/pic-1-6.jpg 800w, http:\/\/www.pasadenahoy.com\/primero\/wp-content\/uploads\/2021\/07\/pic-1-6-300x161.jpg 300w, http:\/\/www.pasadenahoy.com\/primero\/wp-content\/uploads\/2021\/07\/pic-1-6-768x411.jpg 768w, http:\/\/www.pasadenahoy.com\/primero\/wp-content\/uploads\/2021\/07\/pic-1-6-243x130.jpg 243w, http:\/\/www.pasadenahoy.com\/primero\/wp-content\/uploads\/2021\/07\/pic-1-6-336x180.jpg 336w, http:\/\/www.pasadenahoy.com\/primero\/wp-content\/uploads\/2021\/07\/pic-1-6-780x417.jpg 780w, http:\/\/www.pasadenahoy.com\/primero\/wp-content\/uploads\/2021\/07\/pic-1-6-700x375.jpg 700w, http:\/\/www.pasadenahoy.com\/primero\/wp-content\/uploads\/2021\/07\/pic-1-6-360x193.jpg 360w, http:\/\/www.pasadenahoy.com\/primero\/wp-content\/uploads\/2021\/07\/pic-1-6-720x385.jpg 720w\" sizes=\"100vw\" \/><figcaption><span class=\"caption-text\">El alcalde de la ciudad de Pasadena, Andy Wilson, durante una reuni\u00f3n especial en persona del consejo de la ciudad, la primera reuni\u00f3n desde la pandemia del covid-19, en el Ayuntamiento de Pasadena en Pasadena el lunes 12 de julio de 2021 (Foto de James Carbone)<\/span><\/figcaption><\/figure><\/figure>\n\n\n\n<p>El alcalde Victor Gordo, el vicealcalde Andy Wilson y los concejales John Kennedy, Felicia Williams y Jess Rivas regresaron el lunes a las c\u00e1maras del consejo para deliberar por primera vez desde que la ciudad declar\u00f3 una emergencia hace 16 meses.<\/p>\n\n\n\n<p>Wilson le dijo a Pasadena Now antes de que estuviera ansioso por ver a mis colegas.<\/p>\n\n\n\n<p>\u201cEl siguiente paso ser\u00e1 llevar al p\u00fablico all\u00ed\u201d, dijo Wilson. \u201cCon suerte, la variante Delta no impactar\u00e1 demasiado las cosas. Tuve que encontrar mi vieja tarjeta de acceso al garaje, ya que no se ha utilizado desde marzo de 2020 &#8220;.<\/p>\n\n\n\n<p>&#8220;Menos mal que tengo mapas de Google para encontrar mi camino de regreso al Ayuntamiento&#8221;, dijo en broma.<\/p>\n\n\n\n<p>Williams y Rivas deliberaron por primera vez en las c\u00e1maras del consejo desde que se unieron al consejo.<\/p>\n\n\n\n<p>Rivas dijo que estaba emocionada de deliberar en las c\u00e1maras con sus colegas del consejo por primera vez.<\/p>\n\n\n\n<p>&#8220;Como todos hemos visto durante el \u00faltimo a\u00f1o, Zoom hace el trabajo, pero no es lo mismo que tener una conversaci\u00f3n en persona&#8221;, dijo Rivas.<\/p>\n\n\n\n<p>A partir del lunes, los concejales pueden asistir a las reuniones en persona o seguir asistiendo a trav\u00e9s de zoom. Los miembros no vacunados deben usar m\u00e1scaras, mientras que todos los dem\u00e1s tienen la opci\u00f3n de hacerlo.<\/p>\n\n\n\n<p>Williams dijo que era reconfortante ver a sus colegas en persona.<\/p>\n\n\n\n<p>\u201cLas comunicaciones cara a cara son importantes para las deliberaciones\u201d, dijo Williams.<\/p>\n\n\n\n<p>Los concejales Tyron Hampton, Steve Madison y Gene Masuda participaron en l\u00ednea.<\/p>\n\n\n\n<p>La opci\u00f3n de asistir a las reuniones o continuar participando a trav\u00e9s de Zoom llega despu\u00e9s de un per\u00edodo de dos semanas sin reuniones, lo que result\u00f3 en una agenda completa el lunes.<\/p>\n\n\n\n<p>El consejo consider\u00f3 14 puntos en su agenda, un llamado a revisi\u00f3n en South Lake Avenue y vot\u00f3 para mover una audiencia p\u00fablica sobre el controvertido Proyecto Arroyo Seco Canyon hasta la pr\u00f3xima semana.<\/p>\n\n\n\n<p>La \u00faltima vez que se permiti\u00f3 la entrada a los miembros del consejo en las c\u00e1maras fue el 15 de marzo de 2020. En esa reuni\u00f3n, solo dos miembros del consejo aparecieron en las c\u00e1maras del consejo. A los miembros del p\u00fablico se les permiti\u00f3 ingresar a las c\u00e1maras del consejo que ten\u00edan un amplio suministro de desinfectante de manos y sillas colocadas a seis pies de distancia.<\/p>\n\n\n\n<p>El sargento de armas us\u00f3 una mascarilla durante esas 2 p.m. reuni\u00f3n.<\/p>\n\n\n\n<p>Varios d\u00edas despu\u00e9s, la ciudad qued\u00f3 bloqueada bajo las \u00f3rdenes de emergencia de la ciudad y el estado que modificaban la Ley Brown del estado, que rige las reuniones abiertas.<\/p>\n\n\n\n<p>Aunque las reuniones del consejo continuaron a trav\u00e9s de Zoom, las reuniones del comit\u00e9 y la comisi\u00f3n se cerraron durante varios meses.<\/p>\n\n\n\n<p>M\u00e1s tarde, Gordo encabez\u00f3 la convocatoria de reuniones consistentes del gobierno de la ciudad despu\u00e9s de que la Comisi\u00f3n de Planificaci\u00f3n celebr\u00f3 una reuni\u00f3n sobre el cannabis durante la pandemia.<\/p>\n\n\n\n<p>Aunque los concejales pueden regresar a las c\u00e1maras, la emergencia local contin\u00faa y no se sabe cu\u00e1ndo se permitir\u00e1 que el p\u00fablico asista a las reuniones.<\/p>\n\n\n\n<p>\u201cEstamos emocionados de que tantos residentes, escuelas y negocios de Pasadena hayan optado por vacunarse hasta el punto en que podamos tener actividades en persona, como nuestra reuni\u00f3n del consejo; esta es nuestra primera reuni\u00f3n en persona desde que comenz\u00f3 la pandemia, pero enfatizamos la necesidad de seguir siendo cautelosos mientras observamos atentamente nuestros n\u00fameros y si vemos aumentos, debemos estar listos para ajustar si es necesario \u201d, dijo Gordo.<\/p>\n","protected":false},"excerpt":{"rendered":"<p>El alcalde Victor Gordo, el vicealcalde Andy Wilson y los concejales John Kennedy, Felicia Williams y Jess Rivas regresaron el lunes a las c\u00e1maras del consejo para deliberar por primera vez desde que la ciudad declar\u00f3 una emergencia hace 16 meses. Wilson le dijo a Pasadena Now antes de que estuviera ansioso por ver a mis colegas. \u201cEl siguiente paso ser\u00e1 llevar al p\u00fablico all\u00ed\u201d, dijo Wilson. \u201cCon suerte, la variante Delta no impactar\u00e1 demasiado las cosas. Tuve que encontrar [&hellip;]<\/p>\n","protected":false},"author":4,"featured_media":9700,"comment_status":"open","ping_status":"closed","sticky":false,"template":"","format":"standard","meta":[],"categories":[6],"tags":[],"acf":[],"_links":{"self":[{"href":"http:\/\/www.pasadenahoy.com\/primero\/wp-json\/wp\/v2\/posts\/9699"}],"collection":[{"href":"http:\/\/www.pasadenahoy.com\/primero\/wp-json\/wp\/v2\/posts"}],"about":[{"href":"http:\/\/www.pasadenahoy.com\/primero\/wp-json\/wp\/v2\/types\/post"}],"author":[{"embeddable":true,"href":"http:\/\/www.pasadenahoy.com\/primero\/wp-json\/wp\/v2\/users\/4"}],"replies":[{"embeddable":true,"href":"http:\/\/www.pasadenahoy.com\/primero\/wp-json\/wp\/v2\/comments?post=9699"}],"version-history":[{"count":2,"href":"http:\/\/www.pasadenahoy.com\/primero\/wp-json\/wp\/v2\/posts\/9699\/revisions"}],"predecessor-version":[{"id":9702,"href":"http:\/\/www.pasadenahoy.com\/primero\/wp-json\/wp\/v2\/posts\/9699\/revisions\/9702"}],"wp:featuredmedia":[{"embeddable":true,"href":"http:\/\/www.pasadenahoy.com\/primero\/wp-json\/wp\/v2\/media\/9700"}],"wp:attachment":[{"href":"http:\/\/www.pasadenahoy.com\/primero\/wp-json\/wp\/v2\/media?parent=9699"}],"wp:term":[{"taxonomy":"category","embeddable":true,"href":"http:\/\/www.pasadenahoy.com\/primero\/wp-json\/wp\/v2\/categories?post=9699"},{"taxonomy":"post_tag","embeddable":true,"href":"http:\/\/www.pasadenahoy.com\/primero\/wp-json\/wp\/v2\/tags?post=9699"}],"curies":[{"name":"wp","href":"https:\/\/api.w.org\/{rel}","templated":true}]}}