{"id":9703,"date":"2021-07-13T16:13:48","date_gmt":"2021-07-13T16:13:48","guid":{"rendered":"http:\/\/www.pasadenahoy.com\/primero\/?p=9703"},"modified":"2021-07-13T16:13:49","modified_gmt":"2021-07-13T16:13:49","slug":"el-desempleo-en-pasadena-cae-por-segundo-mes-consecutivo","status":"publish","type":"post","link":"http:\/\/www.pasadenahoy.com\/primero\/la-comunidad\/el-desempleo-en-pasadena-cae-por-segundo-mes-consecutivo\/","title":{"rendered":"El desempleo en Pasadena cae por segundo mes consecutivo"},"content":{"rendered":"\n<figure class=\"wp-block-image alignnone size-large\"><figure class=\"alignnone\"><img loading=\"lazy\" width=\"740\" height=\"400\" src=\"http:\/\/www.pasadenahoy.com\/primero\/wp-content\/uploads\/2021\/07\/pic-2-4.jpg\" alt=\"\" class=\"wp-image-9704\" srcset=\"http:\/\/www.pasadenahoy.com\/primero\/wp-content\/uploads\/2021\/07\/pic-2-4.jpg 740w, http:\/\/www.pasadenahoy.com\/primero\/wp-content\/uploads\/2021\/07\/pic-2-4-300x162.jpg 300w, http:\/\/www.pasadenahoy.com\/primero\/wp-content\/uploads\/2021\/07\/pic-2-4-241x130.jpg 241w, http:\/\/www.pasadenahoy.com\/primero\/wp-content\/uploads\/2021\/07\/pic-2-4-333x180.jpg 333w, http:\/\/www.pasadenahoy.com\/primero\/wp-content\/uploads\/2021\/07\/pic-2-4-700x378.jpg 700w, http:\/\/www.pasadenahoy.com\/primero\/wp-content\/uploads\/2021\/07\/pic-2-4-360x195.jpg 360w, http:\/\/www.pasadenahoy.com\/primero\/wp-content\/uploads\/2021\/07\/pic-2-4-720x389.jpg 720w\" sizes=\"100vw\" \/><\/figure><\/figure>\n\n\n\n<p>La tasa de desempleo en Pasadena en mayo cay\u00f3 un 0,8% a un 8,4%, lo que representa un segundo mes consecutivo de descenso, seg\u00fan estad\u00edsticas estatales y federales.<\/p>\n\n\n\n<p>La tasa de desempleo local de abril se registr\u00f3 en 9.2%, mientras que la de marzo fue de 9.3%, seg\u00fan datos de la Oficina de Estad\u00edsticas Laborales de EE. UU. La tasa se registr\u00f3 en el 10,4% en enero.<\/p>\n\n\n\n<p>Pasadena vio su nivel de desempleo m\u00e1s alto de la pandemia en mayo de 2021 con un 15,4%.<\/p>\n\n\n\n<p>La tasa de desempleo de la ciudad era significativamente m\u00e1s baja que la del condado de Los \u00c1ngeles en general, as\u00ed como la de varias ciudades vecinas, seg\u00fan los registros y el gerente del Departamento de Desarrollo Econ\u00f3mico de Pasadena, Eric Duyshart.<\/p>\n\n\n\n<p>\u201cEsto se compara favorablemente con el n\u00famero de todo el condado que es del 10,1% y algunas ciudades cercanas como Burbank, que fue del 11,2%, y Glendale, que ten\u00eda niveles de desempleo del 10,4%\u201d, dijo.<\/p>\n\n\n\n<p>Pero a nivel estatal, la tasa de desempleo en mayo fue medio por ciento m\u00e1s baja que la de Pasadena, con un 7,9%.<\/p>\n\n\n\n<p>Pasadena ha estado constantemente a la zaga de la tasa de desempleo en todo el condado en aproximadamente un 2% durante la recuperaci\u00f3n de la pandemia, dijo el consultor de mercado laboral del Departamento de Desarrollo del Empleo de California, Robert Lee.<\/p>\n\n\n\n<p>La ciudad est\u00e1 en una posici\u00f3n \u00fanica para la recuperaci\u00f3n, agreg\u00f3.<\/p>\n\n\n\n<p>&#8220;Pasadena es un centro&#8221;, dijo Lee. &#8220;Tiene Caltech, tiene educaci\u00f3n superior, PCC \u2026 tienes muchas empresas de alta tecnolog\u00eda en Pasadena&#8221;, dijo Lee. &#8220;As\u00ed que eso es un verdadero atractivo para el \u00e1rea de Pasadena&#8221;<\/p>\n\n\n\n<p>Entre los campos que parecen estar experimentando el mayor crecimiento laboral se encuentran el comercio electr\u00f3nico, la diversidad en el lugar de trabajo, la ciberseguridad, la atenci\u00f3n m\u00e9dica, el contenido digital y la inteligencia artificial, seg\u00fan el EDD.<\/p>\n\n\n\n<p>Relacionados:<\/p>\n\n\n\n<p><a href=\"https:\/\/www.pasadenanow.com\/main\/pasadenas-unemployment-rate-inches-up-to-9\/\">La tasa de desempleo de Pasadena aumenta hasta el 9%<\/a><\/p>\n","protected":false},"excerpt":{"rendered":"<p>La tasa de desempleo en Pasadena en mayo cay\u00f3 un 0,8% a un 8,4%, lo que representa un segundo mes consecutivo de descenso, seg\u00fan estad\u00edsticas estatales y federales. La tasa de desempleo local de abril se registr\u00f3 en 9.2%, mientras que la de marzo fue de 9.3%, seg\u00fan datos de la Oficina de Estad\u00edsticas Laborales de EE. UU. La tasa se registr\u00f3 en el 10,4% en enero. Pasadena vio su nivel de desempleo m\u00e1s alto de la pandemia en mayo [&hellip;]<\/p>\n","protected":false},"author":4,"featured_media":9704,"comment_status":"open","ping_status":"closed","sticky":false,"template":"","format":"standard","meta":[],"categories":[4],"tags":[],"acf":[],"_links":{"self":[{"href":"http:\/\/www.pasadenahoy.com\/primero\/wp-json\/wp\/v2\/posts\/9703"}],"collection":[{"href":"http:\/\/www.pasadenahoy.com\/primero\/wp-json\/wp\/v2\/posts"}],"about":[{"href":"http:\/\/www.pasadenahoy.com\/primero\/wp-json\/wp\/v2\/types\/post"}],"author":[{"embeddable":true,"href":"http:\/\/www.pasadenahoy.com\/primero\/wp-json\/wp\/v2\/users\/4"}],"replies":[{"embeddable":true,"href":"http:\/\/www.pasadenahoy.com\/primero\/wp-json\/wp\/v2\/comments?post=9703"}],"version-history":[{"count":2,"href":"http:\/\/www.pasadenahoy.com\/primero\/wp-json\/wp\/v2\/posts\/9703\/revisions"}],"predecessor-version":[{"id":9706,"href":"http:\/\/www.pasadenahoy.com\/primero\/wp-json\/wp\/v2\/posts\/9703\/revisions\/9706"}],"wp:featuredmedia":[{"embeddable":true,"href":"http:\/\/www.pasadenahoy.com\/primero\/wp-json\/wp\/v2\/media\/9704"}],"wp:attachment":[{"href":"http:\/\/www.pasadenahoy.com\/primero\/wp-json\/wp\/v2\/media?parent=9703"}],"wp:term":[{"taxonomy":"category","embeddable":true,"href":"http:\/\/www.pasadenahoy.com\/primero\/wp-json\/wp\/v2\/categories?post=9703"},{"taxonomy":"post_tag","embeddable":true,"href":"http:\/\/www.pasadenahoy.com\/primero\/wp-json\/wp\/v2\/tags?post=9703"}],"curies":[{"name":"wp","href":"https:\/\/api.w.org\/{rel}","templated":true}]}}