{"id":9707,"date":"2021-07-13T16:18:29","date_gmt":"2021-07-13T16:18:29","guid":{"rendered":"http:\/\/www.pasadenahoy.com\/primero\/?p=9707"},"modified":"2021-07-13T16:18:30","modified_gmt":"2021-07-13T16:18:30","slug":"el-departamento-de-salud-publica-de-pasadena-informa-la-primera-muerte-por-covid-19-en-98-dias","status":"publish","type":"post","link":"http:\/\/www.pasadenahoy.com\/primero\/la-comunidad\/el-departamento-de-salud-publica-de-pasadena-informa-la-primera-muerte-por-covid-19-en-98-dias\/","title":{"rendered":"El Departamento de Salud P\u00fablica de Pasadena informa la primera muerte por COVID-19 en 98 d\u00edas"},"content":{"rendered":"\n<figure class=\"wp-block-image alignnone size-large\"><figure class=\"alignnone\"><img loading=\"lazy\" width=\"740\" height=\"400\" src=\"http:\/\/www.pasadenahoy.com\/primero\/wp-content\/uploads\/2021\/07\/pic3-2.jpg\" alt=\"\" class=\"wp-image-9708\" srcset=\"http:\/\/www.pasadenahoy.com\/primero\/wp-content\/uploads\/2021\/07\/pic3-2.jpg 740w, http:\/\/www.pasadenahoy.com\/primero\/wp-content\/uploads\/2021\/07\/pic3-2-300x162.jpg 300w, http:\/\/www.pasadenahoy.com\/primero\/wp-content\/uploads\/2021\/07\/pic3-2-241x130.jpg 241w, http:\/\/www.pasadenahoy.com\/primero\/wp-content\/uploads\/2021\/07\/pic3-2-333x180.jpg 333w, http:\/\/www.pasadenahoy.com\/primero\/wp-content\/uploads\/2021\/07\/pic3-2-700x378.jpg 700w, http:\/\/www.pasadenahoy.com\/primero\/wp-content\/uploads\/2021\/07\/pic3-2-360x195.jpg 360w, http:\/\/www.pasadenahoy.com\/primero\/wp-content\/uploads\/2021\/07\/pic3-2-720x389.jpg 720w\" sizes=\"100vw\" \/><\/figure><\/figure>\n\n\n\n<p>El Departamento de Salud P\u00fablica de Pasadena inform\u00f3 el lunes la primera muerte por COVID-19 de un residente de Pasadena desde el 1 de abril de 2021.<\/p>\n\n\n\n<p>Un hombre de Pasadena no vacunado mayor de 65 a\u00f1os muri\u00f3 de COVID-19 el jueves 8 de julio. Este individuo ten\u00eda m\u00faltiples condiciones de salud subyacentes, y las investigaciones muestran que los miembros del hogar no vacunados eran la fuente probable de exposici\u00f3n, dijo el departamento.<\/p>\n\n\n\n<p>En un comunicado, los funcionarios de la ciudad dijeron que la muerte del hombre se produce en un momento en que &#8220;estamos viendo un aumento de los casos de COVID-19 en Pasadena, especialmente entre las personas no vacunadas&#8221;. Los habitantes de Pasadena han logrado un gran progreso en protegernos a nosotros mismos y a nuestros seres queridos del COVID-19 al vacunarnos. Todav\u00eda hay muchas personas en nuestra comunidad, y en todo el condado de Los \u00c1ngeles, que no est\u00e1n vacunadas, incluidos aproximadamente 18,000 ni\u00f1os menores de 12 a\u00f1os que a\u00fan no son elegibles para la vacuna. Las vacunas COVID-19 autorizadas para su uso en los EE. UU. Son extremadamente seguras y efectivas &#8220;.<\/p>\n\n\n\n<p>\u201cExpresamos nuestras condolencias a cualquiera que haya perdido a un ser querido durante esta pandemia\u201d, dijo el Dr. Ying-Ying Goh, Director y Funcionario de Salud del Departamento de Salud P\u00fablica de Pasadena. &#8220;El reciente aumento de casos y el predominio de la variante Delta significativamente m\u00e1s infecciosa son razones adicionales para que todos los que son elegibles para la vacunaci\u00f3n COVID-19 se vacunen lo antes posible&#8221;.<\/p>\n\n\n\n<p>El departamento inform\u00f3 14 nuevas infecciones el lunes, as\u00ed como nueve el domingo y nueve el s\u00e1bado.<\/p>\n\n\n\n<p>Desde el inicio de la pandemia, Pasadena ha registrado un total de 11,467 infecciones y 351 muertes, seg\u00fan muestran los registros.<\/p>\n\n\n\n<p>El n\u00famero medio de infecciones detectadas durante la semana anterior se elev\u00f3 a 10,3.<\/p>\n\n\n\n<p>La vacunaci\u00f3n es la mejor protecci\u00f3n contra esta enfermedad, dijeron las autoridades. Se ha demostrado que todas las vacunas son altamente efectivas para prevenir la hospitalizaci\u00f3n o la muerte por COVID-19, y las personas que est\u00e1n completamente vacunadas tambi\u00e9n tienen muchas menos probabilidades de ser contagiosas o transmitir el virus a otra persona.<\/p>\n\n\n\n<p>\u201cCuanto m\u00e1s espere para vacunarse, mayor ser\u00e1 el riesgo de contraer COVID-19 e infectar a un amigo, ser querido o compa\u00f1ero de trabajo. Cualquier persona que no est\u00e9 completamente vacunada debe tomar todas las precauciones: use una mascarilla en ambientes p\u00fablicos cerrados, lleve las actividades sociales al aire libre tanto como sea posible y lim\u00edtese a otras personas que est\u00e9n completamente vacunadas, y l\u00e1vese las manos o use desinfectante de manos con frecuencia cuando est\u00e9 fuera de su casa \u201d, el declaraci\u00f3n dijo.<\/p>\n\n\n\n<p>Las vacunas COVID-19 est\u00e1n disponibles a trav\u00e9s del Departamento de Salud P\u00fablica de Pasadena sin costo para las personas mayores de 12 a\u00f1os. Para obtener m\u00e1s informaci\u00f3n y registrarse para una cita, visite <a href=\"https:\/\/gcc02.safelinks.protection.outlook.com\/?url=http%3A%2F%2Fmyturn.ca.gov%2F&amp;data=04%7C01%7Clderderian%40cityofpasadena.net%7C3c2feb572b5a4e759cb008d9458ed1cd%7C82d9fc002c664402a28fc6bcdc32e491%7C1%7C0%7C637617301963667342%7CUnknown%7CTWFpbGZsb3d8eyJWIjoiMC4wLjAwMDAiLCJQIjoiV2luMzIiLCJBTiI6Ik1haWwiLCJXVCI6Mn0%3D%7C1000&amp;sdata=upwcgLflO5xqlaDvK0OHRkEVSzbzu1jCoF6xyup%2FyxI%3D&amp;reserved=0\">MyTurn.ca.gov.<\/a><\/p>\n","protected":false},"excerpt":{"rendered":"<p>El Departamento de Salud P\u00fablica de Pasadena inform\u00f3 el lunes la primera muerte por COVID-19 de un residente de Pasadena desde el 1 de abril de 2021. Un hombre de Pasadena no vacunado mayor de 65 a\u00f1os muri\u00f3 de COVID-19 el jueves 8 de julio. Este individuo ten\u00eda m\u00faltiples condiciones de salud subyacentes, y las investigaciones muestran que los miembros del hogar no vacunados eran la fuente probable de exposici\u00f3n, dijo el departamento. En un comunicado, los funcionarios de la [&hellip;]<\/p>\n","protected":false},"author":4,"featured_media":9708,"comment_status":"open","ping_status":"closed","sticky":false,"template":"","format":"standard","meta":[],"categories":[4],"tags":[],"acf":[],"_links":{"self":[{"href":"http:\/\/www.pasadenahoy.com\/primero\/wp-json\/wp\/v2\/posts\/9707"}],"collection":[{"href":"http:\/\/www.pasadenahoy.com\/primero\/wp-json\/wp\/v2\/posts"}],"about":[{"href":"http:\/\/www.pasadenahoy.com\/primero\/wp-json\/wp\/v2\/types\/post"}],"author":[{"embeddable":true,"href":"http:\/\/www.pasadenahoy.com\/primero\/wp-json\/wp\/v2\/users\/4"}],"replies":[{"embeddable":true,"href":"http:\/\/www.pasadenahoy.com\/primero\/wp-json\/wp\/v2\/comments?post=9707"}],"version-history":[{"count":2,"href":"http:\/\/www.pasadenahoy.com\/primero\/wp-json\/wp\/v2\/posts\/9707\/revisions"}],"predecessor-version":[{"id":9710,"href":"http:\/\/www.pasadenahoy.com\/primero\/wp-json\/wp\/v2\/posts\/9707\/revisions\/9710"}],"wp:featuredmedia":[{"embeddable":true,"href":"http:\/\/www.pasadenahoy.com\/primero\/wp-json\/wp\/v2\/media\/9708"}],"wp:attachment":[{"href":"http:\/\/www.pasadenahoy.com\/primero\/wp-json\/wp\/v2\/media?parent=9707"}],"wp:term":[{"taxonomy":"category","embeddable":true,"href":"http:\/\/www.pasadenahoy.com\/primero\/wp-json\/wp\/v2\/categories?post=9707"},{"taxonomy":"post_tag","embeddable":true,"href":"http:\/\/www.pasadenahoy.com\/primero\/wp-json\/wp\/v2\/tags?post=9707"}],"curies":[{"name":"wp","href":"https:\/\/api.w.org\/{rel}","templated":true}]}}