{"id":9711,"date":"2021-07-13T16:23:05","date_gmt":"2021-07-13T16:23:05","guid":{"rendered":"http:\/\/www.pasadenahoy.com\/primero\/?p=9711"},"modified":"2021-07-13T16:23:06","modified_gmt":"2021-07-13T16:23:06","slug":"el-consejo-vota-para-llamar-al-proyecto-south-lake-para-su-revision","status":"publish","type":"post","link":"http:\/\/www.pasadenahoy.com\/primero\/la-comunidad\/el-consejo-vota-para-llamar-al-proyecto-south-lake-para-su-revision\/","title":{"rendered":"El consejo vota para llamar al proyecto South Lake para su revisi\u00f3n"},"content":{"rendered":"\n<figure class=\"wp-block-image alignnone size-large\"><figure class=\"alignnone\"><img loading=\"lazy\" width=\"740\" height=\"400\" src=\"http:\/\/www.pasadenahoy.com\/primero\/wp-content\/uploads\/2021\/07\/pic-4-3.jpg\" alt=\"\" class=\"wp-image-9712\" srcset=\"http:\/\/www.pasadenahoy.com\/primero\/wp-content\/uploads\/2021\/07\/pic-4-3.jpg 740w, http:\/\/www.pasadenahoy.com\/primero\/wp-content\/uploads\/2021\/07\/pic-4-3-300x162.jpg 300w, http:\/\/www.pasadenahoy.com\/primero\/wp-content\/uploads\/2021\/07\/pic-4-3-241x130.jpg 241w, http:\/\/www.pasadenahoy.com\/primero\/wp-content\/uploads\/2021\/07\/pic-4-3-333x180.jpg 333w, http:\/\/www.pasadenahoy.com\/primero\/wp-content\/uploads\/2021\/07\/pic-4-3-700x378.jpg 700w, http:\/\/www.pasadenahoy.com\/primero\/wp-content\/uploads\/2021\/07\/pic-4-3-360x195.jpg 360w, http:\/\/www.pasadenahoy.com\/primero\/wp-content\/uploads\/2021\/07\/pic-4-3-720x389.jpg 720w\" sizes=\"100vw\" \/><\/figure><\/figure>\n\n\n\n<p>Un proyecto de construcci\u00f3n de South Lake Avenue que recibi\u00f3 una audiencia de apelaci\u00f3n ordenada por la corte fue convocado por unanimidad para su revisi\u00f3n por el Concejo Municipal el lunes.<\/p>\n\n\n\n<p>El mes pasado, la Junta de Apelaciones de Zonificaci\u00f3n (BZA) vot\u00f3 para revocar la determinaci\u00f3n de un administrador de zonificaci\u00f3n sobre un proyecto de uso mixto de 87 unidades en South Lake Avenue despu\u00e9s de que el administrador de zonificaci\u00f3n dictamin\u00f3 que las concesiones solo se pueden usar para est\u00e1ndares de desarrollo, como la altura del edificio.<\/p>\n\n\n\n<p>La concejal del Distrito 2, Felicia Williams, solicit\u00f3 la consideraci\u00f3n del tema por parte del Concejo Municipal.<\/p>\n\n\n\n<p>Seg\u00fan una declaraci\u00f3n del abogado local Richard McDonald, que representa a DC Properties, que est\u00e1 construyendo el proyecto, no le sorprendi\u00f3 la decisi\u00f3n de llamar al proyecto para su revisi\u00f3n.<\/p>\n\n\n\n<p>\u201cNo nos sorprende que la multitud anti-vivienda asequible se oponga al proyecto y nuestros derechos bajo la ley estatal\u201d, dijo McDonald.<\/p>\n\n\n\n<p>Seg\u00fan McDonald, durante los \u00faltimos tres a\u00f1os, varias asociaciones de vecinos, incluidas, entre otras, Pasadena Heritage, la Asociaci\u00f3n de Vecindarios de Madison Heights, la Asociaci\u00f3n de Residentes de West Pasadena y otras, se han opuesto a los proyectos de bonificaci\u00f3n de densidad y al desarrollo en toda la ciudad como un asunto. de principio en oposici\u00f3n directa a la SDBL.<\/p>\n\n\n\n<p>&#8220;Pero, la ley es lo que es y ninguna cantidad de sofisma legal por parte de la Ciudad cambiar\u00e1 eso&#8221;, dijo McDonald en un comunicado al consejo el lunes. \u201cIndependientemente de si usted llama a la proporci\u00f3n de pies cuadrados interiores una restricci\u00f3n de uso o un est\u00e1ndar de desarrollo, la ley estatal permite al solicitante obtener una concesi\u00f3n y se adelanta a cualquier opini\u00f3n local en sentido contrario \u2026 Que la Ciudad ignora deliberadamente que la realidad legal es simplemente m\u00e1s evidencia de su voluntad de violar la SDBL, Ley de Responsabilidad de Vivienda, y actuar de mala fe &#8220;.<\/p>\n\n\n\n<p>El proyecto incluir\u00eda siete unidades de muy bajos ingresos y 10,000 pies cuadrados de espacio comercial en la planta baja en 141 S. Lake Ave.<\/p>\n\n\n\n<p>La ciudad se neg\u00f3 a procesar un permiso de concesi\u00f3n de vivienda asequible con el argumento de que la vivienda no puede ocupar m\u00e1s del 50% de la superficie total del edificio en South Lake Avenue.<\/p>\n\n\n\n<p>Seg\u00fan los t\u00e9rminos de ese plan, el desarrollador solicit\u00f3 una concesi\u00f3n seg\u00fan la ley estatal que otorga bonificaciones si los desarrolladores agregan m\u00e1s de la cantidad requerida de unidades de vivienda para personas de bajos ingresos.<\/p>\n\n\n\n<p>DC Properties intent\u00f3 utilizar una concesi\u00f3n para una exenci\u00f3n a la regla de vivienda.<\/p>\n\n\n\n<p>En abril, Pasadena Now inform\u00f3 que un juez de la Corte Superior dictamin\u00f3 que la ciudad debe permitir que DC Properties apele el fallo.<\/p>\n\n\n\n<p>Seg\u00fan el juez, la negativa de la ciudad a escuchar una apelaci\u00f3n no cumpli\u00f3 con el c\u00f3digo municipal de la ciudad, que establece que \u201ccualquier persona afectada por una determinaci\u00f3n, decisi\u00f3n, acci\u00f3n dictada por el Director, Oficial de Audiencias, Junta puede presentar una apelaci\u00f3n de Apelaciones de Zonificaci\u00f3n, Administraci\u00f3n Ambiental, Comisi\u00f3n de Dise\u00f1o, Comisi\u00f3n de Arte y Cultura, Comisi\u00f3n de Preservaci\u00f3n Hist\u00f3rica, Agencia o Comisi\u00f3n Asesora \u201d.<\/p>\n","protected":false},"excerpt":{"rendered":"<p>Un proyecto de construcci\u00f3n de South Lake Avenue que recibi\u00f3 una audiencia de apelaci\u00f3n ordenada por la corte fue convocado por unanimidad para su revisi\u00f3n por el Concejo Municipal el lunes. El mes pasado, la Junta de Apelaciones de Zonificaci\u00f3n (BZA) vot\u00f3 para revocar la determinaci\u00f3n de un administrador de zonificaci\u00f3n sobre un proyecto de uso mixto de 87 unidades en South Lake Avenue despu\u00e9s de que el administrador de zonificaci\u00f3n dictamin\u00f3 que las concesiones solo se pueden usar para [&hellip;]<\/p>\n","protected":false},"author":4,"featured_media":0,"comment_status":"open","ping_status":"closed","sticky":false,"template":"","format":"standard","meta":[],"categories":[4],"tags":[],"acf":[],"_links":{"self":[{"href":"http:\/\/www.pasadenahoy.com\/primero\/wp-json\/wp\/v2\/posts\/9711"}],"collection":[{"href":"http:\/\/www.pasadenahoy.com\/primero\/wp-json\/wp\/v2\/posts"}],"about":[{"href":"http:\/\/www.pasadenahoy.com\/primero\/wp-json\/wp\/v2\/types\/post"}],"author":[{"embeddable":true,"href":"http:\/\/www.pasadenahoy.com\/primero\/wp-json\/wp\/v2\/users\/4"}],"replies":[{"embeddable":true,"href":"http:\/\/www.pasadenahoy.com\/primero\/wp-json\/wp\/v2\/comments?post=9711"}],"version-history":[{"count":2,"href":"http:\/\/www.pasadenahoy.com\/primero\/wp-json\/wp\/v2\/posts\/9711\/revisions"}],"predecessor-version":[{"id":9714,"href":"http:\/\/www.pasadenahoy.com\/primero\/wp-json\/wp\/v2\/posts\/9711\/revisions\/9714"}],"wp:attachment":[{"href":"http:\/\/www.pasadenahoy.com\/primero\/wp-json\/wp\/v2\/media?parent=9711"}],"wp:term":[{"taxonomy":"category","embeddable":true,"href":"http:\/\/www.pasadenahoy.com\/primero\/wp-json\/wp\/v2\/categories?post=9711"},{"taxonomy":"post_tag","embeddable":true,"href":"http:\/\/www.pasadenahoy.com\/primero\/wp-json\/wp\/v2\/tags?post=9711"}],"curies":[{"name":"wp","href":"https:\/\/api.w.org\/{rel}","templated":true}]}}