{"id":9730,"date":"2021-07-14T16:03:04","date_gmt":"2021-07-14T16:03:04","guid":{"rendered":"http:\/\/www.pasadenahoy.com\/primero\/?p=9730"},"modified":"2021-07-14T16:03:06","modified_gmt":"2021-07-14T16:03:06","slug":"conservacionista-historico-consultara-sobre-la-modernizacion-de-la-biblioteca","status":"publish","type":"post","link":"http:\/\/www.pasadenahoy.com\/primero\/la-comunidad\/conservacionista-historico-consultara-sobre-la-modernizacion-de-la-biblioteca\/","title":{"rendered":"Conservacionista hist\u00f3rico consultar\u00e1 sobre la modernizaci\u00f3n de la biblioteca"},"content":{"rendered":"\n<figure class=\"wp-block-image alignnone size-large\"><figure class=\"alignnone\"><img loading=\"lazy\" width=\"740\" height=\"400\" src=\"http:\/\/www.pasadenahoy.com\/primero\/wp-content\/uploads\/2021\/07\/pic-2-5.jpg\" alt=\"\" class=\"wp-image-9731\" srcset=\"http:\/\/www.pasadenahoy.com\/primero\/wp-content\/uploads\/2021\/07\/pic-2-5.jpg 740w, http:\/\/www.pasadenahoy.com\/primero\/wp-content\/uploads\/2021\/07\/pic-2-5-300x162.jpg 300w, http:\/\/www.pasadenahoy.com\/primero\/wp-content\/uploads\/2021\/07\/pic-2-5-241x130.jpg 241w, http:\/\/www.pasadenahoy.com\/primero\/wp-content\/uploads\/2021\/07\/pic-2-5-333x180.jpg 333w, http:\/\/www.pasadenahoy.com\/primero\/wp-content\/uploads\/2021\/07\/pic-2-5-700x378.jpg 700w, http:\/\/www.pasadenahoy.com\/primero\/wp-content\/uploads\/2021\/07\/pic-2-5-360x195.jpg 360w, http:\/\/www.pasadenahoy.com\/primero\/wp-content\/uploads\/2021\/07\/pic-2-5-720x389.jpg 720w\" sizes=\"100vw\" \/><\/figure><\/figure>\n\n\n\n<p>Los funcionarios de la ciudad trabajar\u00e1n con un consultor de preservaci\u00f3n hist\u00f3rica durante la fase de dise\u00f1o de la modernizaci\u00f3n s\u00edsmica de la Biblioteca Central.<\/p>\n\n\n\n<p>Las preocupaciones de seguridad con respecto a la mamposter\u00eda no reforzada obligaron a la ciudad a cerrar la estructura ic\u00f3nica el 4 de mayo.<\/p>\n\n\n\n<p>Volver a poner la biblioteca en l\u00ednea sigue siendo una alta prioridad para la ciudad, dijo Michelle Perera, directora de bibliotecas y servicios de informaci\u00f3n.<\/p>\n\n\n\n<p>\u201cEl trabajo de restauraci\u00f3n y modernizaci\u00f3n que se debe realizar es significativo. La importancia hist\u00f3rica de este edificio requerir\u00e1 una cuidadosa integraci\u00f3n del plan de rehabilitaci\u00f3n s\u00edsmica para esta instalaci\u00f3n \u201d, dijo Perera.<\/p>\n\n\n\n<p>&#8220;Con el fin de considerar adecuadamente los aspectos hist\u00f3ricos del edificio, la ciudad trabajar\u00e1 con un consultor de preservaci\u00f3n hist\u00f3rica como parte del equipo de dise\u00f1o para revisar y determinar las caracter\u00edsticas hist\u00f3ricas del edificio y evaluar el impacto de posibles esquemas de modernizaci\u00f3n&#8221;. Dijo Perera.<\/p>\n\n\n\n<p>\u201cLa ciudad reunir\u00e1 y administrar\u00e1 un equipo multidisciplinario de expertos en dise\u00f1o de ingenier\u00eda arquitect\u00f3nica\u201d, dijo. &#8220;El personal de varios departamentos de la ciudad ha estado trabajando en estrecha colaboraci\u00f3n no solo para hacer avanzar el proyecto de modernizaci\u00f3n de la Biblioteca Central, sino tambi\u00e9n para garantizar que los servicios y las operaciones de la biblioteca contin\u00faen satisfaciendo las necesidades de la comunidad en la actualidad&#8221;.<\/p>\n\n\n\n<p>Se han identificado varios sitios potenciales como ubicaciones alternativas para las operaciones y el almacenamiento de la biblioteca, y el personal de la biblioteca est\u00e1 revisando la necesidad.<\/p>\n\n\n\n<p>La ciudad envi\u00f3 una carta al asamble\u00edsta Holden, dem\u00f3crata de Pasadena, solicitando asistencia financiera para el dise\u00f1o y los dibujos de las mejoras s\u00edsmicas a fin de tener un proyecto listo para usar cuando haya fondos disponibles. Holden, un ex miembro del Concejo Municipal de Pasadena, ha incluido $ 4 millones para el proyecto en el presupuesto estatal para el a\u00f1o fiscal 2022.<\/p>\n\n\n\n<p>La Biblioteca Central de Pasadena abri\u00f3 sus puertas en 1927 y es uno de los tres edificios principales del Distrito del Centro C\u00edvico de la ciudad como parte del Plan Bennett.<\/p>\n\n\n\n<p>Desarrollado por el arquitecto Edward Bennett de Chicago, el plan ubic\u00f3 las instituciones c\u00edvicas de la ciudad dentro de un \u00e1rea donde las calles concluyen en los edificios m\u00e1s importantes: el Ayuntamiento al este, la biblioteca al norte y el Centro C\u00edvico al sur.<\/p>\n\n\n\n<p>Bajo una modificaci\u00f3n, el edificio se actualizar\u00eda para cumplir con las enmiendas al c\u00f3digo de construcci\u00f3n s\u00edsmica seg\u00fan una ordenanza de 1993 que requiere que los edificios de mamposter\u00eda cumplan con est\u00e1ndares espec\u00edficos.<\/p>\n\n\n\n<p>En una reuni\u00f3n del Concejo Municipal en mayo, el administrador de la ciudad Steve Mermell anunci\u00f3 que un proyecto de mejora de la biblioteca de $ 30 millones no financiado se convirti\u00f3 en un marcador de posici\u00f3n para un proyecto revisado que incluir\u00eda una actualizaci\u00f3n y modernizaci\u00f3n s\u00edsmica.<\/p>\n\n\n\n<p>El proyecto de mejora de la biblioteca anteriormente inclu\u00eda mejoras y reemplazos del sistema del edificio, incluido un sistema de alarma contra incendios y un nuevo sistema de rociadores contra incendios; reemplazo de techo; reemplazo de sistemas de tuber\u00edas de aguas pluviales, sanitarias y dom\u00e9sticas; sustituci\u00f3n de sistemas mec\u00e1nicos de calefacci\u00f3n y refrigeraci\u00f3n, incluidos conductos, mejoras el\u00e9ctricas, mejoras estructurales s\u00edsmicas; y mejoras al patio exterior.<\/p>\n\n\n\n<p>Desde que cerr\u00f3 la biblioteca, se han abierto sucursales adicionales al menos seis d\u00edas a la semana para servicios en persona o para recoger en la acera.<\/p>\n\n\n\n<p>Se est\u00e1 instalando un remolque modular en el estacionamiento de la Biblioteca Central para manejar el manejo de materiales, el enrutamiento, la entrega y otros servicios.<br>More about this source textSource text required for additional translation information<\/p>\n","protected":false},"excerpt":{"rendered":"<p>Los funcionarios de la ciudad trabajar\u00e1n con un consultor de preservaci\u00f3n hist\u00f3rica durante la fase de dise\u00f1o de la modernizaci\u00f3n s\u00edsmica de la Biblioteca Central. Las preocupaciones de seguridad con respecto a la mamposter\u00eda no reforzada obligaron a la ciudad a cerrar la estructura ic\u00f3nica el 4 de mayo. Volver a poner la biblioteca en l\u00ednea sigue siendo una alta prioridad para la ciudad, dijo Michelle Perera, directora de bibliotecas y servicios de informaci\u00f3n. \u201cEl trabajo de restauraci\u00f3n y modernizaci\u00f3n [&hellip;]<\/p>\n","protected":false},"author":4,"featured_media":9731,"comment_status":"open","ping_status":"closed","sticky":false,"template":"","format":"standard","meta":[],"categories":[4],"tags":[],"acf":[],"_links":{"self":[{"href":"http:\/\/www.pasadenahoy.com\/primero\/wp-json\/wp\/v2\/posts\/9730"}],"collection":[{"href":"http:\/\/www.pasadenahoy.com\/primero\/wp-json\/wp\/v2\/posts"}],"about":[{"href":"http:\/\/www.pasadenahoy.com\/primero\/wp-json\/wp\/v2\/types\/post"}],"author":[{"embeddable":true,"href":"http:\/\/www.pasadenahoy.com\/primero\/wp-json\/wp\/v2\/users\/4"}],"replies":[{"embeddable":true,"href":"http:\/\/www.pasadenahoy.com\/primero\/wp-json\/wp\/v2\/comments?post=9730"}],"version-history":[{"count":2,"href":"http:\/\/www.pasadenahoy.com\/primero\/wp-json\/wp\/v2\/posts\/9730\/revisions"}],"predecessor-version":[{"id":9733,"href":"http:\/\/www.pasadenahoy.com\/primero\/wp-json\/wp\/v2\/posts\/9730\/revisions\/9733"}],"wp:featuredmedia":[{"embeddable":true,"href":"http:\/\/www.pasadenahoy.com\/primero\/wp-json\/wp\/v2\/media\/9731"}],"wp:attachment":[{"href":"http:\/\/www.pasadenahoy.com\/primero\/wp-json\/wp\/v2\/media?parent=9730"}],"wp:term":[{"taxonomy":"category","embeddable":true,"href":"http:\/\/www.pasadenahoy.com\/primero\/wp-json\/wp\/v2\/categories?post=9730"},{"taxonomy":"post_tag","embeddable":true,"href":"http:\/\/www.pasadenahoy.com\/primero\/wp-json\/wp\/v2\/tags?post=9730"}],"curies":[{"name":"wp","href":"https:\/\/api.w.org\/{rel}","templated":true}]}}