{"id":9734,"date":"2021-07-14T16:07:57","date_gmt":"2021-07-14T16:07:57","guid":{"rendered":"http:\/\/www.pasadenahoy.com\/primero\/?p=9734"},"modified":"2021-07-14T16:07:58","modified_gmt":"2021-07-14T16:07:58","slug":"el-aumento-de-avistamientos-de-coyotes-en-los-vecindarios-de-pasadena-impulsa-el-taller-de-seguridad","status":"publish","type":"post","link":"http:\/\/www.pasadenahoy.com\/primero\/la-comunidad\/el-aumento-de-avistamientos-de-coyotes-en-los-vecindarios-de-pasadena-impulsa-el-taller-de-seguridad\/","title":{"rendered":"El aumento de avistamientos de coyotes en los vecindarios de Pasadena impulsa el taller de seguridad"},"content":{"rendered":"\n<figure class=\"wp-block-image alignnone size-large\"><figure class=\"alignnone\"><img loading=\"lazy\" width=\"740\" height=\"400\" src=\"http:\/\/www.pasadenahoy.com\/primero\/wp-content\/uploads\/2021\/07\/pic-3-1.jpg\" alt=\"\" class=\"wp-image-9735\" srcset=\"http:\/\/www.pasadenahoy.com\/primero\/wp-content\/uploads\/2021\/07\/pic-3-1.jpg 740w, http:\/\/www.pasadenahoy.com\/primero\/wp-content\/uploads\/2021\/07\/pic-3-1-300x162.jpg 300w, http:\/\/www.pasadenahoy.com\/primero\/wp-content\/uploads\/2021\/07\/pic-3-1-241x130.jpg 241w, http:\/\/www.pasadenahoy.com\/primero\/wp-content\/uploads\/2021\/07\/pic-3-1-333x180.jpg 333w, http:\/\/www.pasadenahoy.com\/primero\/wp-content\/uploads\/2021\/07\/pic-3-1-700x378.jpg 700w, http:\/\/www.pasadenahoy.com\/primero\/wp-content\/uploads\/2021\/07\/pic-3-1-360x195.jpg 360w, http:\/\/www.pasadenahoy.com\/primero\/wp-content\/uploads\/2021\/07\/pic-3-1-720x389.jpg 720w\" sizes=\"100vw\" \/><\/figure><\/figure>\n\n\n\n<p>Un aumento reciente en los informes de avistamientos e interacciones de coyotes est\u00e1 detr\u00e1s de un Taller de seguridad de coyotes planificado para el s\u00e1bado a las 9 a.m. que ser\u00e1 dirigido por el Gerente de Vida Silvestre de Pasadena Humane en la biblioteca de Santa Catalina, 999 E. Washington Blvd.<\/p>\n\n\n\n<p>\u201cHemos visto muchas de las preocupaciones sobre los coyotes y la seguridad de la vida silvestre en las redes sociales y organizamos este foro para ayudar a responder las preguntas de los residentes\u201d, dijo la concejal del Distrito 2 Felicia Williams. &#8220;Todos son bienvenidos.&#8221;<\/p>\n\n\n\n<p>En este evento en persona, se espera que Lauren Hamlett comparta informaci\u00f3n sobre los coyotes urbanos y demuestre t\u00e9cnicas humanitarias de novatadas para que las personas y las mascotas puedan coexistir de manera pac\u00edfica y segura con los coyotes.<\/p>\n\n\n\n<p>Jack Hagerman, vicepresidente de participaci\u00f3n comunitaria en Pasadena Humane, dijo que mantener una postura agresiva y hacer ruidos fuertes, como gritar, al encontrarse con coyotes, son dos de las mejores t\u00e9cnicas para ahuyentarlos. Tambi\u00e9n recomend\u00f3 mantener siempre a los perros con una correa de seis pies porque los coyotes no se acercar\u00e1n a menos de seis pies de un humano.<\/p>\n\n\n\n<p>&#8220;Lo m\u00e1s importante es hacer que el coyote se sienta inc\u00f3modo, as\u00ed que sea agresivo en su postura, grite o roc\u00ede una manguera, haga ruidos fuertes o agite una lata de centavos para asustar al coyote&#8221;. Dijo Hagerman. \u201cH\u00e1gase grande, agite los brazos, lance pelotas de tenis, [o] abra y cierre un paraguas porque visualmente es muy sorprendente para ellos. Nunca le d\u00e9 la espalda o huya si se encuentra con uno; quieres alejarte de ellos, no de espaldas &#8220;.<\/p>\n\n\n\n<p>Otro consejo que comparte sobre mantener a los coyotes alejados de su vecindario es evitar cualquier tipo de comportamiento que pueda cambiar la forma en que act\u00faan naturalmente. Hacer que los coyotes se sientan c\u00f3modos con los humanos podr\u00eda llevarlos a exhibir un comportamiento m\u00e1s audaz, dijo Hagerman.<\/p>\n\n\n\n<p>&#8220;Es crucial eliminar cualquier fuente potencial de alimento de los coyotes y nebulizarlos de forma inactiva cada vez que est\u00e9n cerca de su propiedad&#8221;, dijo. \u201cPor eso le decimos a la gente que haga cosas como mantener a sus gatos en el interior, especialmente por la noche, supervisar a los perros peque\u00f1os al aire libre y eliminar cualquier alimento para mascotas al aire libre. Creemos que es una mejor idea que alimente a sus mascotas en el interior solo para que los restos de comida no sean atractivos para la vida silvestre &#8220;.<\/p>\n\n\n\n<p>Hagerman tambi\u00e9n recomienda eliminar los comederos para p\u00e1jaros que haya establecido porque tambi\u00e9n tienden a atraer mucha m\u00e1s vida silvestre que atrae a los coyotes.<\/p>\n\n\n\n<p>Este Taller de seguridad de coyotes el s\u00e1bado en la biblioteca sucursal de Santa Catalina comienza a las 9 a.m. La biblioteca est\u00e1 ubicada en 999 E. Washington Blvd.<\/p>\n\n\n\n<p>Pasadena Humane tambi\u00e9n llevar\u00e1 a cabo un evento de adopci\u00f3n gratuito este s\u00e1bado. No son necesarias citas. Para obtener m\u00e1s informaci\u00f3n, visite<a href=\"https:\/\/pasadenahumane.org\/\"> www.pasadenahumane.org.<\/a><\/p>\n","protected":false},"excerpt":{"rendered":"<p>Un aumento reciente en los informes de avistamientos e interacciones de coyotes est\u00e1 detr\u00e1s de un Taller de seguridad de coyotes planificado para el s\u00e1bado a las 9 a.m. que ser\u00e1 dirigido por el Gerente de Vida Silvestre de Pasadena Humane en la biblioteca de Santa Catalina, 999 E. Washington Blvd. \u201cHemos visto muchas de las preocupaciones sobre los coyotes y la seguridad de la vida silvestre en las redes sociales y organizamos este foro para ayudar a responder las [&hellip;]<\/p>\n","protected":false},"author":4,"featured_media":9735,"comment_status":"open","ping_status":"closed","sticky":false,"template":"","format":"standard","meta":[],"categories":[4],"tags":[],"acf":[],"_links":{"self":[{"href":"http:\/\/www.pasadenahoy.com\/primero\/wp-json\/wp\/v2\/posts\/9734"}],"collection":[{"href":"http:\/\/www.pasadenahoy.com\/primero\/wp-json\/wp\/v2\/posts"}],"about":[{"href":"http:\/\/www.pasadenahoy.com\/primero\/wp-json\/wp\/v2\/types\/post"}],"author":[{"embeddable":true,"href":"http:\/\/www.pasadenahoy.com\/primero\/wp-json\/wp\/v2\/users\/4"}],"replies":[{"embeddable":true,"href":"http:\/\/www.pasadenahoy.com\/primero\/wp-json\/wp\/v2\/comments?post=9734"}],"version-history":[{"count":2,"href":"http:\/\/www.pasadenahoy.com\/primero\/wp-json\/wp\/v2\/posts\/9734\/revisions"}],"predecessor-version":[{"id":9737,"href":"http:\/\/www.pasadenahoy.com\/primero\/wp-json\/wp\/v2\/posts\/9734\/revisions\/9737"}],"wp:featuredmedia":[{"embeddable":true,"href":"http:\/\/www.pasadenahoy.com\/primero\/wp-json\/wp\/v2\/media\/9735"}],"wp:attachment":[{"href":"http:\/\/www.pasadenahoy.com\/primero\/wp-json\/wp\/v2\/media?parent=9734"}],"wp:term":[{"taxonomy":"category","embeddable":true,"href":"http:\/\/www.pasadenahoy.com\/primero\/wp-json\/wp\/v2\/categories?post=9734"},{"taxonomy":"post_tag","embeddable":true,"href":"http:\/\/www.pasadenahoy.com\/primero\/wp-json\/wp\/v2\/tags?post=9734"}],"curies":[{"name":"wp","href":"https:\/\/api.w.org\/{rel}","templated":true}]}}