{"id":9754,"date":"2021-07-15T16:19:12","date_gmt":"2021-07-15T16:19:12","guid":{"rendered":"http:\/\/www.pasadenahoy.com\/primero\/?p=9754"},"modified":"2021-07-15T16:31:03","modified_gmt":"2021-07-15T16:31:03","slug":"kinumpirma-ng-first-delta-variant-covid-19-na-kaso-sa-mga-residente-ng-pasadena-hinihimok-ng-mga-opisyal-ng-lungsod-ang-publiko-na-magpabakuna","status":"publish","type":"post","link":"http:\/\/www.pasadenahoy.com\/primero\/la-comunidad\/kinumpirma-ng-first-delta-variant-covid-19-na-kaso-sa-mga-residente-ng-pasadena-hinihimok-ng-mga-opisyal-ng-lungsod-ang-publiko-na-magpabakuna\/","title":{"rendered":"Confirmados los primeros casos de COVID-19 de la variante de Delta en residentes de Pasadena"},"content":{"rendered":"\n<figure class=\"wp-block-image alignnone size-large\"><figure class=\"alignnone\"><img loading=\"lazy\" width=\"740\" height=\"400\" src=\"http:\/\/www.pasadenahoy.com\/primero\/wp-content\/uploads\/2021\/07\/pic-1-7.jpg\" alt=\"\" class=\"wp-image-9755\" srcset=\"http:\/\/www.pasadenahoy.com\/primero\/wp-content\/uploads\/2021\/07\/pic-1-7.jpg 740w, http:\/\/www.pasadenahoy.com\/primero\/wp-content\/uploads\/2021\/07\/pic-1-7-300x162.jpg 300w, http:\/\/www.pasadenahoy.com\/primero\/wp-content\/uploads\/2021\/07\/pic-1-7-241x130.jpg 241w, http:\/\/www.pasadenahoy.com\/primero\/wp-content\/uploads\/2021\/07\/pic-1-7-333x180.jpg 333w, http:\/\/www.pasadenahoy.com\/primero\/wp-content\/uploads\/2021\/07\/pic-1-7-700x378.jpg 700w, http:\/\/www.pasadenahoy.com\/primero\/wp-content\/uploads\/2021\/07\/pic-1-7-360x195.jpg 360w, http:\/\/www.pasadenahoy.com\/primero\/wp-content\/uploads\/2021\/07\/pic-1-7-720x389.jpg 720w\" sizes=\"100vw\" \/><\/figure><\/figure>\n\n\n\n<p>El Departamento de Salud P\u00fablica de Pasadena ha recibido los primeros informes confirmados de la infecci\u00f3n de la variante COVID-19 Delta en seis residentes de Pasadena, inform\u00f3 un portavoz de la ciudad el mi\u00e9rcoles por la noche.<\/p>\n\n\n\n<p>La variante Delta se identific\u00f3 en muestras de laboratorio de estos residentes mediante pruebas de secuencia gen\u00f3mica, seg\u00fan un comunicado emitido por la portavoz de la ciudad, Lisa Derderian. Los hogares infectados en Pasadena inclu\u00edan una mezcla de personas vacunadas y no vacunadas, dijo.<\/p>\n\n\n\n<p>A trav\u00e9s del rastreo de contactos, PPHD ha vinculado todos los casos a exposiciones dom\u00e9sticas.<\/p>\n\n\n\n<p>Derderian dijo que para proteger la privacidad de las personas, no se divulgar\u00e1 m\u00e1s informaci\u00f3n.<\/p>\n\n\n\n<p>Esta variante del virus SARS-CoV-2 se identific\u00f3 por primera vez en la India, se propaga m\u00e1s f\u00e1cil y r\u00e1pidamente que otras variantes y probablemente cause una enfermedad m\u00e1s grave seg\u00fan las hospitalizaciones y las tasas de letalidad. En el estado de California, se han informado 1.085 casos de la variante Delta y, a junio de 2021, el 42,9% de todos los casos de variante preocupante secuenciados son Delta.<\/p>\n\n\n\n<p>\u201cAhora es el momento de que cualquier persona que a\u00fan no est\u00e9 vacunada se vacune por completo. Ayude a conectar a amigos y familiares que a\u00fan no est\u00e1n vacunados con una oportunidad de vacunaci\u00f3n lo antes posible. Las vacunas actuales son eficaces para proteger contra la variante Delta que se propaga mucho m\u00e1s f\u00e1cilmente que las variantes anteriores y es m\u00e1s probable que cause enfermedades graves \u201d, dijo el Dr. Ying-Ying Goh, Oficial de Salud y Director del Departamento de Salud P\u00fablica de Pasadena.<\/p>\n\n\n\n<p>Se ha demostrado que las vacunas COVID-19 son altamente efectivas para prevenir la hospitalizaci\u00f3n o la muerte por COVID-19, y las personas que est\u00e1n completamente vacunadas tambi\u00e9n tienen muchas menos probabilidades de ser contagiosas o transmitir el virus a otra persona, seg\u00fan el comunicado.<\/p>\n\n\n\n<p>\u201cCuanto m\u00e1s espere para vacunarse, mayor ser\u00e1 el riesgo de contraer COVID-19 e infectar a un amigo, ser querido o compa\u00f1ero de trabajo\u201d, dijo el comunicado de la ciudad.<\/p>\n\n\n\n<p>Las vacunas COVID-19 est\u00e1n disponibles a trav\u00e9s del Departamento de Salud P\u00fablica de Pasadena sin costo alguno. Las personas mayores de 12 a\u00f1os son elegibles para recibir la vacuna. Para obtener m\u00e1s informaci\u00f3n y registrarse para una cita, visite <a href=\"https:\/\/myturn.ca.gov\/\">MyTurn.ca.gov.<\/a><\/p>\n\n\n\n<p>Vac\u00fanese en una cl\u00ednica PPHD y reciba una tarjeta de regalo de $ 20 en un minorista local hasta agotar existencias.<\/p>\n","protected":false},"excerpt":{"rendered":"<p>El Departamento de Salud P\u00fablica de Pasadena ha recibido los primeros informes confirmados de la infecci\u00f3n de la variante COVID-19 Delta en seis residentes de Pasadena, inform\u00f3 un portavoz de la ciudad el mi\u00e9rcoles por la noche. La variante Delta se identific\u00f3 en muestras de laboratorio de estos residentes mediante pruebas de secuencia gen\u00f3mica, seg\u00fan un comunicado emitido por la portavoz de la ciudad, Lisa Derderian. Los hogares infectados en Pasadena inclu\u00edan una mezcla de personas vacunadas y no vacunadas, [&hellip;]<\/p>\n","protected":false},"author":4,"featured_media":9755,"comment_status":"open","ping_status":"closed","sticky":false,"template":"","format":"standard","meta":[],"categories":[4],"tags":[],"acf":[],"_links":{"self":[{"href":"http:\/\/www.pasadenahoy.com\/primero\/wp-json\/wp\/v2\/posts\/9754"}],"collection":[{"href":"http:\/\/www.pasadenahoy.com\/primero\/wp-json\/wp\/v2\/posts"}],"about":[{"href":"http:\/\/www.pasadenahoy.com\/primero\/wp-json\/wp\/v2\/types\/post"}],"author":[{"embeddable":true,"href":"http:\/\/www.pasadenahoy.com\/primero\/wp-json\/wp\/v2\/users\/4"}],"replies":[{"embeddable":true,"href":"http:\/\/www.pasadenahoy.com\/primero\/wp-json\/wp\/v2\/comments?post=9754"}],"version-history":[{"count":4,"href":"http:\/\/www.pasadenahoy.com\/primero\/wp-json\/wp\/v2\/posts\/9754\/revisions"}],"predecessor-version":[{"id":9764,"href":"http:\/\/www.pasadenahoy.com\/primero\/wp-json\/wp\/v2\/posts\/9754\/revisions\/9764"}],"wp:featuredmedia":[{"embeddable":true,"href":"http:\/\/www.pasadenahoy.com\/primero\/wp-json\/wp\/v2\/media\/9755"}],"wp:attachment":[{"href":"http:\/\/www.pasadenahoy.com\/primero\/wp-json\/wp\/v2\/media?parent=9754"}],"wp:term":[{"taxonomy":"category","embeddable":true,"href":"http:\/\/www.pasadenahoy.com\/primero\/wp-json\/wp\/v2\/categories?post=9754"},{"taxonomy":"post_tag","embeddable":true,"href":"http:\/\/www.pasadenahoy.com\/primero\/wp-json\/wp\/v2\/tags?post=9754"}],"curies":[{"name":"wp","href":"https:\/\/api.w.org\/{rel}","templated":true}]}}