{"id":9769,"date":"2021-07-15T16:42:17","date_gmt":"2021-07-15T16:42:17","guid":{"rendered":"http:\/\/www.pasadenahoy.com\/primero\/?p=9769"},"modified":"2021-07-15T16:42:19","modified_gmt":"2021-07-15T16:42:19","slug":"los-proyectos-de-ley-de-justicia-social-de-holden-son-aprobados-por-los-comites-del-senado","status":"publish","type":"post","link":"http:\/\/www.pasadenahoy.com\/primero\/el-gobierno-local\/los-proyectos-de-ley-de-justicia-social-de-holden-son-aprobados-por-los-comites-del-senado\/","title":{"rendered":"Los proyectos de ley de justicia social de Holden son aprobados por los comit\u00e9s del Senado"},"content":{"rendered":"\n<figure class=\"wp-block-image alignnone size-large\"><figure class=\"alignnone\"><img loading=\"lazy\" width=\"740\" height=\"400\" src=\"http:\/\/www.pasadenahoy.com\/primero\/wp-content\/uploads\/2021\/07\/pic4-1.jpg\" alt=\"\" class=\"wp-image-9770\" srcset=\"http:\/\/www.pasadenahoy.com\/primero\/wp-content\/uploads\/2021\/07\/pic4-1.jpg 740w, http:\/\/www.pasadenahoy.com\/primero\/wp-content\/uploads\/2021\/07\/pic4-1-300x162.jpg 300w, http:\/\/www.pasadenahoy.com\/primero\/wp-content\/uploads\/2021\/07\/pic4-1-241x130.jpg 241w, http:\/\/www.pasadenahoy.com\/primero\/wp-content\/uploads\/2021\/07\/pic4-1-333x180.jpg 333w, http:\/\/www.pasadenahoy.com\/primero\/wp-content\/uploads\/2021\/07\/pic4-1-700x378.jpg 700w, http:\/\/www.pasadenahoy.com\/primero\/wp-content\/uploads\/2021\/07\/pic4-1-360x195.jpg 360w, http:\/\/www.pasadenahoy.com\/primero\/wp-content\/uploads\/2021\/07\/pic4-1-720x389.jpg 720w\" sizes=\"100vw\" \/><\/figure><\/figure>\n\n\n\n<p>Cuatro proyectos de ley redactados por el asamble\u00edsta Chris Holden, dem\u00f3crata de Pasadena, han sido aprobados por los comit\u00e9s de pol\u00edticas del Senado.<\/p>\n\n\n\n<p>El paquete de proyectos de ley de justicia social que se aprobaron incluye el proyecto de ley 105 de la Asamblea, la Ley de movilidad ascendente; AB 229, que requiere entrenamiento en el uso de la fuerza para la seguridad privada; AB 349, que ofrece contratos de transporte para comunidades desfavorecidas; y AB 948, que exige una reforma de tasaci\u00f3n de bienes ra\u00edces.<\/p>\n\n\n\n<p>AB 105 abordar\u00eda las barreras para la movilidad ascendente y la inclusi\u00f3n de personas de color que trabajan en el sistema de servicios civiles de California. Espec\u00edficamente, la legislaci\u00f3n requerir\u00eda diversidad en todas las juntas y comisiones estatales que tienen voluntarios, y procesos de reforma que obstaculizan la movilidad ascendente de las personas de color en el sistema de servicio civil, prestando atenci\u00f3n al cumplimiento, el proceso de apelaciones y las metas de paridad anual para la movilidad ascendente. .<\/p>\n\n\n\n<p>\u201cLa movilidad ascendente es integral para lograr la justicia racial, y deber\u00edamos dar el ejemplo\u201d, dijo Holden en una declaraci\u00f3n preparada. &#8220;Los sistemas existentes en nuestras propias agencias estatales no logran crear entornos de trabajo inclusivos y obstaculizan a las personas calificadas para avanzar dentro de su departamento simplemente en funci\u00f3n del color de su piel&#8221;.<\/p>\n\n\n\n<p>La AB 229 requerir\u00eda que la Oficina de Seguridad y Servicios de Investigaci\u00f3n (BSIS) desarrolle un plan de estudios y cursos de capacitaci\u00f3n sobre el uso apropiado de la fuerza para los empleados del servicio de seguridad privada en consulta con la Comisi\u00f3n de Est\u00e1ndares y Capacitaci\u00f3n para Oficiales de Paz.<\/p>\n\n\n\n<p>La AB 349 requerir\u00eda que el Departamento de Servicios Generales (DGS) y otras agencias y departamentos estatales ampl\u00eden el alcance a las peque\u00f1as empresas, particularmente aquellas que pertenecen a individuos que se identifican como LGBTQ, minor\u00edas raciales o mujeres, aprobada por el Comit\u00e9 de Organizaci\u00f3n Gubernamental del Senado.<\/p>\n\n\n\n<p>\u201cEste proyecto de ley trata de garantizar la equidad y una recuperaci\u00f3n justa de COVID-19\u201d, dijo Holden. \u201cSabemos que las comunidades de color contin\u00faan siendo afectadas de manera desproporcionada por COVID-19 con tasas m\u00e1s altas de desempleo, acceso reducido a la atenci\u00f3n m\u00e9dica y, en \u00faltima instancia, tasas de mortalidad m\u00e1s altas. Este proyecto de ley brindar\u00e1 oportunidades econ\u00f3micas a estas comunidades que tambi\u00e9n son las m\u00e1s afectadas por los impuestos sobre la gasolina y el transporte \u201d.<\/p>\n\n\n\n<p>AB 948 requerir\u00eda que la Oficina de Tasaciones de Bienes Ra\u00edces de California recopile datos sobre informaci\u00f3n demogr\u00e1fica de compradores y vendedores de propiedades inmobiliarias y compile datos de propietarios de viviendas de clases protegidas que presenten quejas basadas en tasaciones bajas. La legislaci\u00f3n tambi\u00e9n exige que los tasadores reciban una formaci\u00f3n contra los prejuicios al renovar su licencia.<\/p>\n\n\n\n<p>\u201cLos propietarios de viviendas de raza negra en vecindarios predominantemente blancos est\u00e1n evaluando sus casas por mucho menos que sus vecinos\u201d, dijo Holden. \u201cEs solo otro ejemplo de c\u00f3mo el sesgo, ya sea expl\u00edcito o impl\u00edcito, crea inequidad para los afroamericanos. Esto es redlining 2.0 &#8220;.<\/p>\n","protected":false},"excerpt":{"rendered":"<p>Cuatro proyectos de ley redactados por el asamble\u00edsta Chris Holden, dem\u00f3crata de Pasadena, han sido aprobados por los comit\u00e9s de pol\u00edticas del Senado. El paquete de proyectos de ley de justicia social que se aprobaron incluye el proyecto de ley 105 de la Asamblea, la Ley de movilidad ascendente; AB 229, que requiere entrenamiento en el uso de la fuerza para la seguridad privada; AB 349, que ofrece contratos de transporte para comunidades desfavorecidas; y AB 948, que exige una [&hellip;]<\/p>\n","protected":false},"author":4,"featured_media":0,"comment_status":"open","ping_status":"closed","sticky":false,"template":"","format":"standard","meta":[],"categories":[6],"tags":[],"acf":[],"_links":{"self":[{"href":"http:\/\/www.pasadenahoy.com\/primero\/wp-json\/wp\/v2\/posts\/9769"}],"collection":[{"href":"http:\/\/www.pasadenahoy.com\/primero\/wp-json\/wp\/v2\/posts"}],"about":[{"href":"http:\/\/www.pasadenahoy.com\/primero\/wp-json\/wp\/v2\/types\/post"}],"author":[{"embeddable":true,"href":"http:\/\/www.pasadenahoy.com\/primero\/wp-json\/wp\/v2\/users\/4"}],"replies":[{"embeddable":true,"href":"http:\/\/www.pasadenahoy.com\/primero\/wp-json\/wp\/v2\/comments?post=9769"}],"version-history":[{"count":2,"href":"http:\/\/www.pasadenahoy.com\/primero\/wp-json\/wp\/v2\/posts\/9769\/revisions"}],"predecessor-version":[{"id":9772,"href":"http:\/\/www.pasadenahoy.com\/primero\/wp-json\/wp\/v2\/posts\/9769\/revisions\/9772"}],"wp:attachment":[{"href":"http:\/\/www.pasadenahoy.com\/primero\/wp-json\/wp\/v2\/media?parent=9769"}],"wp:term":[{"taxonomy":"category","embeddable":true,"href":"http:\/\/www.pasadenahoy.com\/primero\/wp-json\/wp\/v2\/categories?post=9769"},{"taxonomy":"post_tag","embeddable":true,"href":"http:\/\/www.pasadenahoy.com\/primero\/wp-json\/wp\/v2\/tags?post=9769"}],"curies":[{"name":"wp","href":"https:\/\/api.w.org\/{rel}","templated":true}]}}