{"id":9777,"date":"2021-07-15T16:52:52","date_gmt":"2021-07-15T16:52:52","guid":{"rendered":"http:\/\/www.pasadenahoy.com\/primero\/?p=9777"},"modified":"2021-07-15T16:52:53","modified_gmt":"2021-07-15T16:52:53","slug":"friends-in-deed-ayuda-a-los-ninos-con-una-mochila-de-regreso-a-la-escuela-y-una-colecta-de-utiles-escolares","status":"publish","type":"post","link":"http:\/\/www.pasadenahoy.com\/primero\/la-comunidad\/friends-in-deed-ayuda-a-los-ninos-con-una-mochila-de-regreso-a-la-escuela-y-una-colecta-de-utiles-escolares\/","title":{"rendered":"Friends In Deed ayuda a los ni\u00f1os con una mochila de regreso a la escuela y una colecta de \u00fatiles escolares"},"content":{"rendered":"\n<figure class=\"wp-block-image alignnone size-large\"><figure class=\"alignnone\"><img loading=\"lazy\" width=\"740\" height=\"400\" src=\"http:\/\/www.pasadenahoy.com\/primero\/wp-content\/uploads\/2021\/07\/pic-6-4.jpg\" alt=\"\" class=\"wp-image-9778\" srcset=\"http:\/\/www.pasadenahoy.com\/primero\/wp-content\/uploads\/2021\/07\/pic-6-4.jpg 740w, http:\/\/www.pasadenahoy.com\/primero\/wp-content\/uploads\/2021\/07\/pic-6-4-300x162.jpg 300w, http:\/\/www.pasadenahoy.com\/primero\/wp-content\/uploads\/2021\/07\/pic-6-4-241x130.jpg 241w, http:\/\/www.pasadenahoy.com\/primero\/wp-content\/uploads\/2021\/07\/pic-6-4-333x180.jpg 333w, http:\/\/www.pasadenahoy.com\/primero\/wp-content\/uploads\/2021\/07\/pic-6-4-700x378.jpg 700w, http:\/\/www.pasadenahoy.com\/primero\/wp-content\/uploads\/2021\/07\/pic-6-4-360x195.jpg 360w, http:\/\/www.pasadenahoy.com\/primero\/wp-content\/uploads\/2021\/07\/pic-6-4-720x389.jpg 720w\" sizes=\"100vw\" \/><\/figure><\/figure>\n\n\n\n<p>Friends in Deed dar\u00e1 la bienvenida a los estudiantes de Pasadena de regreso a la escuela en el oto\u00f1o con una colecta de mochilas y \u00fatiles escolares en el transcurso de dos s\u00e1bados, el 31 de julio y el 2 de agosto.<\/p>\n\n\n\n<p>Despu\u00e9s de pasar la mayor parte del \u00faltimo a\u00f1o escolar aprendiendo de forma remota, los estudiantes est\u00e1n emocionados de regresar al aula f\u00edsica y a sus amigos, lo que hace que el evento Regreso a clases 2021-22 sea m\u00e1s importante, dijo Friends in Deed.<\/p>\n\n\n\n<p>Con la Campa\u00f1a de Mochilas y Suministros Escolares, la organizaci\u00f3n sin fines de lucro de Pasadena espera poder ayudar a las familias que enfrentan problemas financieros \u201ccomo lo han hecho en el pasado\u201d, lo que podr\u00eda hacer que preparar a sus hijos para el nuevo a\u00f1o escolar sea un desaf\u00edo mayor.<\/p>\n\n\n\n<p>&#8220;No podemos hacer que esto suceda sin su ayuda y apoyo&#8221;, dijo Friends in Deed en un comunicado. \u201cTodos los a\u00f1os, acudimos a ustedes, a nuestros seguidores y a su familia, para hacer de la Campa\u00f1a de Mochilas y \u00datiles Escolares de Regreso a la Escuela una de la que todos podamos estar orgullosos\u201d.<\/p>\n\n\n\n<p>Incluso con la pandemia, Friends in Deed distribuy\u00f3 el a\u00f1o pasado m\u00e1s de 300 mochilas, llenas de \u00fatiles escolares, a ni\u00f1os en edad escolar en el \u00e1rea de Pasadena.<\/p>\n\n\n\n<p>Para ayudar en la campa\u00f1a de regreso a clases, puede verificar qu\u00e9 suministros necesitan revisando la lista aqu\u00ed:<a href=\" https:\/\/files.constantcontact.com\/032225ca001\/93341405-24de-4041-9bb0-c0ea5cefa2d0.pdf. \"> https:\/\/files.constantcontact.com\/032225ca001\/93341405-24de-4041-9bb0-c0ea5cefa2d0.pdf. <\/a>Los \u00fatiles necesarios son recomendados por las escuelas del \u00e1rea de Pasadena y Altadena.<\/p>\n\n\n\n<p>Puede dejar sus donaciones entre el 20 y el 23 de julio en Friends en Deed Pasadena, 444 E. Washington Blvd.<\/p>\n\n\n\n<p>\u201cSi desea ayudar, aqu\u00ed hay algunas cosas a considerar: evite todas las mochilas rojas y azules\u201d, dec\u00eda el anuncio. &#8220;Esto es muy importante para nosotros. Las mochilas deben ser lo suficientemente resistentes para soportar los rigores del d\u00eda de un estudiante y la gran cantidad de libros que cargan, especialmente para nuestros estudiantes de secundaria &#8220;.<\/p>\n\n\n\n<p>Si tiene alguna pregunta, env\u00ede un correo electr\u00f3nico a pantry@friendsindeedpas.org o <a href=\"mailto:staceyc@friendsindeedpas.org\">staceyc@friendsindeedpas.org<\/a>. Tambi\u00e9n puede llamar al (626) 797-6072.<br>More about this source textSource text required for additional translation information<\/p>\n","protected":false},"excerpt":{"rendered":"<p>Friends in Deed dar\u00e1 la bienvenida a los estudiantes de Pasadena de regreso a la escuela en el oto\u00f1o con una colecta de mochilas y \u00fatiles escolares en el transcurso de dos s\u00e1bados, el 31 de julio y el 2 de agosto. Despu\u00e9s de pasar la mayor parte del \u00faltimo a\u00f1o escolar aprendiendo de forma remota, los estudiantes est\u00e1n emocionados de regresar al aula f\u00edsica y a sus amigos, lo que hace que el evento Regreso a clases 2021-22 sea [&hellip;]<\/p>\n","protected":false},"author":4,"featured_media":0,"comment_status":"open","ping_status":"closed","sticky":false,"template":"","format":"standard","meta":[],"categories":[4],"tags":[],"acf":[],"_links":{"self":[{"href":"http:\/\/www.pasadenahoy.com\/primero\/wp-json\/wp\/v2\/posts\/9777"}],"collection":[{"href":"http:\/\/www.pasadenahoy.com\/primero\/wp-json\/wp\/v2\/posts"}],"about":[{"href":"http:\/\/www.pasadenahoy.com\/primero\/wp-json\/wp\/v2\/types\/post"}],"author":[{"embeddable":true,"href":"http:\/\/www.pasadenahoy.com\/primero\/wp-json\/wp\/v2\/users\/4"}],"replies":[{"embeddable":true,"href":"http:\/\/www.pasadenahoy.com\/primero\/wp-json\/wp\/v2\/comments?post=9777"}],"version-history":[{"count":2,"href":"http:\/\/www.pasadenahoy.com\/primero\/wp-json\/wp\/v2\/posts\/9777\/revisions"}],"predecessor-version":[{"id":9780,"href":"http:\/\/www.pasadenahoy.com\/primero\/wp-json\/wp\/v2\/posts\/9777\/revisions\/9780"}],"wp:attachment":[{"href":"http:\/\/www.pasadenahoy.com\/primero\/wp-json\/wp\/v2\/media?parent=9777"}],"wp:term":[{"taxonomy":"category","embeddable":true,"href":"http:\/\/www.pasadenahoy.com\/primero\/wp-json\/wp\/v2\/categories?post=9777"},{"taxonomy":"post_tag","embeddable":true,"href":"http:\/\/www.pasadenahoy.com\/primero\/wp-json\/wp\/v2\/tags?post=9777"}],"curies":[{"name":"wp","href":"https:\/\/api.w.org\/{rel}","templated":true}]}}