{"id":9784,"date":"2021-07-16T16:00:06","date_gmt":"2021-07-16T16:00:06","guid":{"rendered":"http:\/\/www.pasadenahoy.com\/primero\/?p=9784"},"modified":"2021-07-16T16:00:07","modified_gmt":"2021-07-16T16:00:07","slug":"aumento-de-covid-a-los-residentes-del-condado-de-los-angeles-se-les-ordeno-nuevamente-usar-mascaras-en-el-interior-la-ciudad-podria-seguir","status":"publish","type":"post","link":"http:\/\/www.pasadenahoy.com\/primero\/la-comunidad\/aumento-de-covid-a-los-residentes-del-condado-de-los-angeles-se-les-ordeno-nuevamente-usar-mascaras-en-el-interior-la-ciudad-podria-seguir\/","title":{"rendered":"Aumento de COVID: a los residentes del condado de Los \u00c1ngeles se les orden\u00f3 nuevamente usar m\u00e1scaras en el interior, la ciudad podr\u00eda seguir"},"content":{"rendered":"\n<figure class=\"wp-block-image alignnone size-large\"><figure class=\"alignnone\"><img loading=\"lazy\" width=\"740\" height=\"400\" src=\"http:\/\/www.pasadenahoy.com\/primero\/wp-content\/uploads\/2021\/07\/pic-1-8.jpg\" alt=\"\" class=\"wp-image-9785\" srcset=\"http:\/\/www.pasadenahoy.com\/primero\/wp-content\/uploads\/2021\/07\/pic-1-8.jpg 740w, http:\/\/www.pasadenahoy.com\/primero\/wp-content\/uploads\/2021\/07\/pic-1-8-300x162.jpg 300w, http:\/\/www.pasadenahoy.com\/primero\/wp-content\/uploads\/2021\/07\/pic-1-8-241x130.jpg 241w, http:\/\/www.pasadenahoy.com\/primero\/wp-content\/uploads\/2021\/07\/pic-1-8-333x180.jpg 333w, http:\/\/www.pasadenahoy.com\/primero\/wp-content\/uploads\/2021\/07\/pic-1-8-700x378.jpg 700w, http:\/\/www.pasadenahoy.com\/primero\/wp-content\/uploads\/2021\/07\/pic-1-8-360x195.jpg 360w, http:\/\/www.pasadenahoy.com\/primero\/wp-content\/uploads\/2021\/07\/pic-1-8-720x389.jpg 720w\" sizes=\"100vw\" \/><\/figure><\/figure>\n\n\n\n<p>Ante el aumento constante de las infecciones y las hospitalizaciones por COVID-19, los residentes del condado de Los \u00c1ngeles nuevamente deber\u00e1n usar m\u00e1scaras en entornos p\u00fablicos interiores a partir del s\u00e1bado por la noche, anunciaron funcionarios de salud el jueves.<\/p>\n\n\n\n<p>La portavoz de Pasadena, Lisa Derderian, dijo que la ciudad est\u00e1 revisando opciones para un mandato similar.<\/p>\n\n\n\n<p>\u201cEl enmascaramiento en interiores es un paso simple y efectivo que detiene la transmisi\u00f3n\u201d, dijo. &#8220;Ya lo recomendamos para todos, independientemente del estado de vacunaci\u00f3n&#8221;.<\/p>\n\n\n\n<p>Derderian se\u00f1al\u00f3 que si bien las tasas de casos de COVID-19 de Pasadena son m\u00e1s bajas que las del condado de Los \u00c1ngeles, las tasas son preocupantes debido a los aumentos significativos en las \u00faltimas 2 semanas y la confirmaci\u00f3n de infecciones variantes de Delta esta semana.<\/p>\n\n\n\n<p>El Departamento de Salud P\u00fablica de Pasadena inform\u00f3 de 16 nuevas infecciones y ninguna muerte el jueves, lo que eleva el total de pandemias de la ciudad a 11,500 casos de COVID-19. Se han documentado un total de 351 muertes.<\/p>\n\n\n\n<p>El n\u00famero medio de infecciones diarias de la ciudad durante la semana anterior se situ\u00f3 en 12,4.<\/p>\n\n\n\n<p>El Dr. Muntu Davis, oficial de salud del condado, dijo que el condado &#8220;no est\u00e1 donde debemos estar&#8221; en t\u00e9rminos de vacunaciones contra el virus, como lo demuestran los siete d\u00edas consecutivos de n\u00fameros de casos nuevos que superaron los 1,000. El jueves, el condado inform\u00f3 1,537 nuevas infecciones, el n\u00famero m\u00e1s alto desde principios de marzo.<\/p>\n\n\n\n<p>Davis dijo que la tasa de propagaci\u00f3n del virus en el condado ha aumentado oficialmente de moderada a sustancial, con cinco veces m\u00e1s probabilidades de que ocurran infecciones entre los residentes no vacunados.<\/p>\n\n\n\n<p>Como resultado, Davis dijo que una orden revisada del funcionario de salud del condado entrar\u00e1 en vigencia a las 11:59 p.m. El s\u00e1bado, lo que exige que todos los residentes usen m\u00e1scaras en entornos p\u00fablicos cerrados, independientemente del estado de vacunaci\u00f3n. Anteriormente, el condado solo recomendaba el uso de m\u00e1scaras en un esfuerzo por frenar la propagaci\u00f3n del virus y proteger a los residentes no vacunados.<\/p>\n\n\n\n<p>Todav\u00eda hay casi 4 millones de residentes del condado que no est\u00e1n vacunados.<\/p>\n\n\n\n<p>Davis dijo que dada la creciente propagaci\u00f3n del virus, &#8220;esperar para hacer algo ser\u00eda demasiado tarde&#8221;.<\/p>\n\n\n\n<p>Los nuevos casos reportados por el condado el jueves elevaron el total acumulado de toda la pandemia a 1.262.578. El condado inform\u00f3 tres muertes m\u00e1s por COVID-19, elevando el n\u00famero total de muertos a 24,566.<\/p>\n\n\n\n<p>El n\u00famero de personas hospitalizadas en el condado de Los \u00c1ngeles debido al virus aument\u00f3 a 452 el jueves, seg\u00fan cifras estatales, frente a las 406 del mi\u00e9rcoles, con 96 personas en cuidados intensivos. El n\u00famero de personas hospitalizadas ha aumentado constantemente durante las \u00faltimas tres semanas y ahora es el doble del n\u00famero informado cuando se levantaron las restricciones de salud de COVID en todo el estado el 15 de junio.<\/p>\n\n\n\n<p>La tasa promedio m\u00f3vil de personas que dieron positivo por el virus tambi\u00e9n continu\u00f3 aumentando, alcanzando el 3,75% el jueves, frente al 3,7% del mi\u00e9rcoles y muy por encima del 0,3% de hace un mes.<\/p>\n\n\n\n<p>El aumento de infecciones y hospitalizaciones se atribuye ampliamente a la variante &#8220;Delta&#8221; altamente infecciosa del virus. La variante se detect\u00f3 por primera vez en India, donde se informaron infecciones generalizadas. La variante tambi\u00e9n se atribuye a brotes importantes en el Reino Unido y otras partes del mundo.<\/p>\n","protected":false},"excerpt":{"rendered":"<p>Ante el aumento constante de las infecciones y las hospitalizaciones por COVID-19, los residentes del condado de Los \u00c1ngeles nuevamente deber\u00e1n usar m\u00e1scaras en entornos p\u00fablicos interiores a partir del s\u00e1bado por la noche, anunciaron funcionarios de salud el jueves. La portavoz de Pasadena, Lisa Derderian, dijo que la ciudad est\u00e1 revisando opciones para un mandato similar. \u201cEl enmascaramiento en interiores es un paso simple y efectivo que detiene la transmisi\u00f3n\u201d, dijo. &#8220;Ya lo recomendamos para todos, independientemente del estado [&hellip;]<\/p>\n","protected":false},"author":4,"featured_media":9785,"comment_status":"open","ping_status":"closed","sticky":false,"template":"","format":"standard","meta":[],"categories":[4],"tags":[],"acf":[],"_links":{"self":[{"href":"http:\/\/www.pasadenahoy.com\/primero\/wp-json\/wp\/v2\/posts\/9784"}],"collection":[{"href":"http:\/\/www.pasadenahoy.com\/primero\/wp-json\/wp\/v2\/posts"}],"about":[{"href":"http:\/\/www.pasadenahoy.com\/primero\/wp-json\/wp\/v2\/types\/post"}],"author":[{"embeddable":true,"href":"http:\/\/www.pasadenahoy.com\/primero\/wp-json\/wp\/v2\/users\/4"}],"replies":[{"embeddable":true,"href":"http:\/\/www.pasadenahoy.com\/primero\/wp-json\/wp\/v2\/comments?post=9784"}],"version-history":[{"count":2,"href":"http:\/\/www.pasadenahoy.com\/primero\/wp-json\/wp\/v2\/posts\/9784\/revisions"}],"predecessor-version":[{"id":9787,"href":"http:\/\/www.pasadenahoy.com\/primero\/wp-json\/wp\/v2\/posts\/9784\/revisions\/9787"}],"wp:featuredmedia":[{"embeddable":true,"href":"http:\/\/www.pasadenahoy.com\/primero\/wp-json\/wp\/v2\/media\/9785"}],"wp:attachment":[{"href":"http:\/\/www.pasadenahoy.com\/primero\/wp-json\/wp\/v2\/media?parent=9784"}],"wp:term":[{"taxonomy":"category","embeddable":true,"href":"http:\/\/www.pasadenahoy.com\/primero\/wp-json\/wp\/v2\/categories?post=9784"},{"taxonomy":"post_tag","embeddable":true,"href":"http:\/\/www.pasadenahoy.com\/primero\/wp-json\/wp\/v2\/tags?post=9784"}],"curies":[{"name":"wp","href":"https:\/\/api.w.org\/{rel}","templated":true}]}}