{"id":9792,"date":"2021-07-16T16:13:05","date_gmt":"2021-07-16T16:13:05","guid":{"rendered":"http:\/\/www.pasadenahoy.com\/primero\/?p=9792"},"modified":"2021-07-16T16:13:06","modified_gmt":"2021-07-16T16:13:06","slug":"el-dinero-del-credito-tributario-por-hijos-comienza-a-afectar-las-cuentas-bancarias-locales","status":"publish","type":"post","link":"http:\/\/www.pasadenahoy.com\/primero\/la-comunidad\/el-dinero-del-credito-tributario-por-hijos-comienza-a-afectar-las-cuentas-bancarias-locales\/","title":{"rendered":"El dinero del cr\u00e9dito tributario por hijos comienza a afectar las cuentas bancarias locales"},"content":{"rendered":"\n<figure class=\"wp-block-image alignnone size-large\"><figure class=\"alignnone\"><img loading=\"lazy\" width=\"740\" height=\"400\" src=\"http:\/\/www.pasadenahoy.com\/primero\/wp-content\/uploads\/2021\/07\/pic3-4.jpg\" alt=\"\" class=\"wp-image-9793\" srcset=\"http:\/\/www.pasadenahoy.com\/primero\/wp-content\/uploads\/2021\/07\/pic3-4.jpg 740w, http:\/\/www.pasadenahoy.com\/primero\/wp-content\/uploads\/2021\/07\/pic3-4-300x162.jpg 300w, http:\/\/www.pasadenahoy.com\/primero\/wp-content\/uploads\/2021\/07\/pic3-4-241x130.jpg 241w, http:\/\/www.pasadenahoy.com\/primero\/wp-content\/uploads\/2021\/07\/pic3-4-333x180.jpg 333w, http:\/\/www.pasadenahoy.com\/primero\/wp-content\/uploads\/2021\/07\/pic3-4-700x378.jpg 700w, http:\/\/www.pasadenahoy.com\/primero\/wp-content\/uploads\/2021\/07\/pic3-4-360x195.jpg 360w, http:\/\/www.pasadenahoy.com\/primero\/wp-content\/uploads\/2021\/07\/pic3-4-720x389.jpg 720w\" sizes=\"100vw\" \/><\/figure><\/figure>\n\n\n\n<p>Las familias de Pasadena comenzaron a recibir cheques de $ 300 por cada ni\u00f1o menor de 6 a\u00f1os y $ 250 por cada ni\u00f1o de 6 a 17 el jueves como parte del programa federal Child Tax Credit.<\/p>\n\n\n\n<p>Se espera que el programa beneficie a 1,1 millones de ni\u00f1os en el condado de Los \u00c1ngeles.<\/p>\n\n\n\n<p>\u201cEste ha sido un a\u00f1o tan dif\u00edcil para tantas familias, con COVID amenazando vidas, cerrando negocios y causando desempleo\u201d, dijo la representante Judy Chu, dem\u00f3crata de Pasadena. \u201cHa sido dif\u00edcil pagar la comida y el alquiler. As\u00ed que sab\u00edamos que ten\u00edamos que hacer de nuestra principal prioridad ayudar a las familias trabajadoras \u201d.<\/p>\n\n\n\n<p>El Cr\u00e9dito Tributario por Hijos ha estado vigente desde 1997, pero originalmente ten\u00eda un l\u00edmite de $ 2,000 por ni\u00f1o cada a\u00f1o. El American Rescue Plan elev\u00f3 el l\u00edmite a $ 3,600 para ni\u00f1os menores de 6 a\u00f1os y $ 3,000 para aquellos de 6 a 17 a\u00f1os. Los pagos solo se han mejorado durante un a\u00f1o.<\/p>\n\n\n\n<p>Los pagos completos se destinar\u00e1n a los hogares que ganan hasta $ 150,000 al a\u00f1o, y se proporcionar\u00e1n cantidades m\u00e1s bajas a las familias con ingresos m\u00e1s altos.<\/p>\n\n\n\n<p>&#8220;Decenas de miles de ni\u00f1os saldr\u00e1n de la pobreza&#8221;,<\/p>\n\n\n\n<p>La presidenta de la C\u00e1mara de Representantes, Nancy Pelosi, dem\u00f3crata de San Francisco, dijo durante la visita al Centro Juvenil y Familiar Barrio Action en El Sereno.<\/p>\n\n\n\n<p>Pelosi dijo que cuando le preguntan sobre los &#8220;temas m\u00e1s importantes que enfrenta el Congreso, siempre digo lo mismo: nuestros hijos, nuestros hijos, nuestros hijos&#8221;.<\/p>\n\n\n\n<p>Los cheques se env\u00edan por correo y se colocan en cuentas bancarias mediante dep\u00f3sito directo.<\/p>\n\n\n\n<p>El presidente Joe Biden dijo que los pagos tienen el potencial de reducir la pobreza infantil de la misma manera que el Seguro Social redujo la pobreza entre los ancianos.<\/p>\n\n\n\n<p>&#8220;Es uno de los recortes de impuestos individuales m\u00e1s grandes de la historia para familias con ni\u00f1os, y es un reflejo de nuestra creencia de que la gente de este pa\u00eds que necesita un recorte de impuestos no es la gente de arriba&#8221;, dijo Biden.<\/p>\n\n\n\n<p>\u201cTienen muchos recortes de impuestos. Lo est\u00e1n haciendo bien. Pero son las personas en el medio, las personas que est\u00e1n luchando, que solo buscan un poco de \u2026 mi pap\u00e1 dec\u00eda, &#8216;un poco de espacio para respirar&#8217;. Un poco de espacio para respirar &#8221;, dijo el presidente.<\/p>\n","protected":false},"excerpt":{"rendered":"<p>Las familias de Pasadena comenzaron a recibir cheques de $ 300 por cada ni\u00f1o menor de 6 a\u00f1os y $ 250 por cada ni\u00f1o de 6 a 17 el jueves como parte del programa federal Child Tax Credit. Se espera que el programa beneficie a 1,1 millones de ni\u00f1os en el condado de Los \u00c1ngeles. \u201cEste ha sido un a\u00f1o tan dif\u00edcil para tantas familias, con COVID amenazando vidas, cerrando negocios y causando desempleo\u201d, dijo la representante Judy Chu, dem\u00f3crata [&hellip;]<\/p>\n","protected":false},"author":4,"featured_media":9793,"comment_status":"open","ping_status":"closed","sticky":false,"template":"","format":"standard","meta":[],"categories":[4],"tags":[],"acf":[],"_links":{"self":[{"href":"http:\/\/www.pasadenahoy.com\/primero\/wp-json\/wp\/v2\/posts\/9792"}],"collection":[{"href":"http:\/\/www.pasadenahoy.com\/primero\/wp-json\/wp\/v2\/posts"}],"about":[{"href":"http:\/\/www.pasadenahoy.com\/primero\/wp-json\/wp\/v2\/types\/post"}],"author":[{"embeddable":true,"href":"http:\/\/www.pasadenahoy.com\/primero\/wp-json\/wp\/v2\/users\/4"}],"replies":[{"embeddable":true,"href":"http:\/\/www.pasadenahoy.com\/primero\/wp-json\/wp\/v2\/comments?post=9792"}],"version-history":[{"count":2,"href":"http:\/\/www.pasadenahoy.com\/primero\/wp-json\/wp\/v2\/posts\/9792\/revisions"}],"predecessor-version":[{"id":9795,"href":"http:\/\/www.pasadenahoy.com\/primero\/wp-json\/wp\/v2\/posts\/9792\/revisions\/9795"}],"wp:featuredmedia":[{"embeddable":true,"href":"http:\/\/www.pasadenahoy.com\/primero\/wp-json\/wp\/v2\/media\/9793"}],"wp:attachment":[{"href":"http:\/\/www.pasadenahoy.com\/primero\/wp-json\/wp\/v2\/media?parent=9792"}],"wp:term":[{"taxonomy":"category","embeddable":true,"href":"http:\/\/www.pasadenahoy.com\/primero\/wp-json\/wp\/v2\/categories?post=9792"},{"taxonomy":"post_tag","embeddable":true,"href":"http:\/\/www.pasadenahoy.com\/primero\/wp-json\/wp\/v2\/tags?post=9792"}],"curies":[{"name":"wp","href":"https:\/\/api.w.org\/{rel}","templated":true}]}}