{"id":9812,"date":"2021-07-19T15:53:40","date_gmt":"2021-07-19T15:53:40","guid":{"rendered":"http:\/\/www.pasadenahoy.com\/primero\/?p=9812"},"modified":"2021-07-19T15:53:42","modified_gmt":"2021-07-19T15:53:42","slug":"proyecto-del-canon-de-arroyo-seco-antes-del-consejo","status":"publish","type":"post","link":"http:\/\/www.pasadenahoy.com\/primero\/el-gobierno-local\/proyecto-del-canon-de-arroyo-seco-antes-del-consejo\/","title":{"rendered":"Proyecto del Ca\u00f1\u00f3n de Arroyo Seco Antes del Consejo"},"content":{"rendered":"\n<figure class=\"wp-block-image alignnone size-large\"><figure class=\"alignnone\"><img loading=\"lazy\" width=\"740\" height=\"400\" src=\"http:\/\/www.pasadenahoy.com\/primero\/wp-content\/uploads\/2021\/07\/pic-1-9.jpg\" alt=\"\" class=\"wp-image-9813\" srcset=\"http:\/\/www.pasadenahoy.com\/primero\/wp-content\/uploads\/2021\/07\/pic-1-9.jpg 740w, http:\/\/www.pasadenahoy.com\/primero\/wp-content\/uploads\/2021\/07\/pic-1-9-300x162.jpg 300w, http:\/\/www.pasadenahoy.com\/primero\/wp-content\/uploads\/2021\/07\/pic-1-9-241x130.jpg 241w, http:\/\/www.pasadenahoy.com\/primero\/wp-content\/uploads\/2021\/07\/pic-1-9-333x180.jpg 333w, http:\/\/www.pasadenahoy.com\/primero\/wp-content\/uploads\/2021\/07\/pic-1-9-700x378.jpg 700w, http:\/\/www.pasadenahoy.com\/primero\/wp-content\/uploads\/2021\/07\/pic-1-9-360x195.jpg 360w, http:\/\/www.pasadenahoy.com\/primero\/wp-content\/uploads\/2021\/07\/pic-1-9-720x389.jpg 720w\" sizes=\"100vw\" \/><\/figure><\/figure>\n\n\n\n<p>Una audiencia p\u00fablica sobre un informe de impacto ambiental (EIR) sobre un proyecto controvertido que, seg\u00fan los conservacionistas locales, amenaza a los peces que viven en un arroyo local, est\u00e1 programada para presentarse ante el Concejo Municipal el lunes.<\/p>\n\n\n\n<p>El Departamento de Agua y Energ\u00eda de Pasadena (PWP) est\u00e1 buscando dos permisos de uso condicional (CUP) para reparar y reemplazar las instalaciones dentro del \u00e1rea del Ca\u00f1\u00f3n de Arroyo Seco que fueron da\u00f1adas o destruidas por los eventos relacionados con el incendio de la estaci\u00f3n de 2009.<\/p>\n\n\n\n<p>Los conservacionistas dicen que el proyecto amenaza a las truchas que nadan en los arroyos de la zona.<\/p>\n\n\n\n<p>\u201cPasadena no ha reconocido ni acomodado a los cientos de truchas arco\u00edris ahora presentes en el arroyo Arroyo Seco y no ha alterado sus instalaciones y operaciones propuestas para protegerlas a ellas y a otras especies acu\u00e1ticas de acuerdo con los requisitos pertinentes del c\u00f3digo de Caza y Pesca de CA\u201d, escribi\u00f3 Tim Brick, director ejecutivo de la Fundaci\u00f3n Arroyo Seco, luego de la ruptura de las negociaciones.<\/p>\n\n\n\n<p>La ciudad dice que los da\u00f1os a las estructuras han reducido en gran medida la capacidad de la ciudad para desviar agua del Arroyo Seco. Las mejoras propuestas permitir\u00edan una mayor utilizaci\u00f3n de los derechos de aguas superficiales de la ciudad anteriores a 1914 del Arroyo Seco.<\/p>\n\n\n\n<p>El tema estaba programado para ser escuchado el lunes pasado, pero fue reprogramado despu\u00e9s de que las negociaciones fracasaron.<\/p>\n\n\n\n<p>&#8220;PWP se compromete a mejorar y realzar el h\u00e1bitat en Hahamongna y proteger la cuenca de agua subterr\u00e1nea&#8221;, seg\u00fan un memorando incluido en la agenda del lunes. \u201cEl suministro de agua es de suma importancia para Pasadena. Como tal, PWP ha contratado a los principales expertos t\u00e9cnicos en hidrogeolog\u00eda, biolog\u00eda, pesca e ingenier\u00eda para proporcionar los mejores dise\u00f1os en captura de aguas pluviales, protecci\u00f3n de peces y mejora del medio ambiente en Hahamongna. Estos esfuerzos han logrado el equilibrio y han llevado al proyecto propuesto actualmente &#8220;.<\/p>\n\n\n\n<p>Seg\u00fan el memorando, la empresa de servicios p\u00fablicos est\u00e1 colaborando con el Consejo de Administraci\u00f3n de la Cuenca de Raymond para proponer pol\u00edticas y llevar a cabo proyectos adicionales que protejan y mejoren a\u00fan m\u00e1s la cuenca de agua subterr\u00e1nea.<\/p>\n\n\n\n<p>La ciudad quiere aumentar la cantidad de agua que desv\u00eda del Arroyo Seco a la Cuenca Raymond en un 15%, del 35% al \u200b\u200b50%, debido a los impactos de las recientes sequ\u00edas. Las sequ\u00edas, combinadas con varios otros factores, incluido el cambio clim\u00e1tico, han contribuido a la disminuci\u00f3n de los niveles de agua subterr\u00e1nea en la cuenca de Raymond.<\/p>\n\n\n\n<p>Las negociaciones entre la ciudad y los conservacionistas locales sobre un proyecto en Arroyo Seco fracasaron la semana pasada.<\/p>\n\n\n\n<p>Pasadena Now inform\u00f3 la semana pasada que en un correo electr\u00f3nico del 9 de julio, el gerente general de PWP, Gurcharan S. Bawa, dijo que la empresa de servicios p\u00fablicos no aceptar\u00e1 posponer la certificaci\u00f3n del informe de impacto ambiental (EIR) y retrasar el proyecto.<\/p>\n\n\n\n<p>&#8220;Dadas nuestras conversaciones pasadas, PWP no ve un camino a seguir para resolver este asunto&#8221;, escribi\u00f3 Bawa.<\/p>\n\n\n\n<p>Seg\u00fan Bawa, PWP rechaz\u00f3 las demandas del grupo porque cualquier acuerdo con los conservacionistas podr\u00eda entrar en conflicto con los requisitos impuestos por el Departamento de Pesca y Vida Silvestre de California para completar el proyecto.<\/p>\n\n\n\n<p>La Ley de Calidad Ambiental de California, CEQA, tambi\u00e9n requiere que un an\u00e1lisis ambiental considere los cambios ambientales creados por el proyecto propuesto.<\/p>\n\n\n\n<p>Para mantener y aumentar los niveles de agua subterr\u00e1nea, la Junta de Administraci\u00f3n de la Cuenca de Raymond (RBMB) inici\u00f3 una reducci\u00f3n voluntaria del 30% de los derechos de producci\u00f3n de agua subterr\u00e1nea para todos los bombeadores en la sub\u00e1rea de Pasadena en 2009.<\/p>\n\n\n\n<p>Los conservacionistas afirman que las truchas habitan en los arroyos y que el trabajo propuesto podr\u00eda destruir los peces.<\/p>\n\n\n\n<p>La presencia de peces nativos en el Arroyo Seco ha sido un importante punto de discordia durante el proceso de revisi\u00f3n ambiental. La Fundaci\u00f3n Arroyo Seco y otros comentaristas durante la revisi\u00f3n del EIR afirmaron que los peces nativos han estado presentes en Arroyo Seco durante dos millones de a\u00f1os o m\u00e1s.<\/p>\n\n\n\n<p>En la correspondencia local, los residentes pidieron a la ciudad que no desv\u00ede el agua.<\/p>\n\n\n\n<p>\u201cPor favor, no apruebe los planes para desviar el agua del Arroyo Seco\u201d, escribi\u00f3 Jessica Fisher. \u201cNecesitamos mantener nuestros humedales naturales seguros y protegidos para las generaciones futuras. Estos humedales naturales hacen m\u00e1s para proteger contra el cambio clim\u00e1tico que los planes de desv\u00edo a corto plazo y miopes &#8220;.<\/p>\n","protected":false},"excerpt":{"rendered":"<p>Una audiencia p\u00fablica sobre un informe de impacto ambiental (EIR) sobre un proyecto controvertido que, seg\u00fan los conservacionistas locales, amenaza a los peces que viven en un arroyo local, est\u00e1 programada para presentarse ante el Concejo Municipal el lunes. El Departamento de Agua y Energ\u00eda de Pasadena (PWP) est\u00e1 buscando dos permisos de uso condicional (CUP) para reparar y reemplazar las instalaciones dentro del \u00e1rea del Ca\u00f1\u00f3n de Arroyo Seco que fueron da\u00f1adas o destruidas por los eventos relacionados con [&hellip;]<\/p>\n","protected":false},"author":4,"featured_media":9813,"comment_status":"open","ping_status":"closed","sticky":false,"template":"","format":"standard","meta":[],"categories":[6],"tags":[],"acf":[],"_links":{"self":[{"href":"http:\/\/www.pasadenahoy.com\/primero\/wp-json\/wp\/v2\/posts\/9812"}],"collection":[{"href":"http:\/\/www.pasadenahoy.com\/primero\/wp-json\/wp\/v2\/posts"}],"about":[{"href":"http:\/\/www.pasadenahoy.com\/primero\/wp-json\/wp\/v2\/types\/post"}],"author":[{"embeddable":true,"href":"http:\/\/www.pasadenahoy.com\/primero\/wp-json\/wp\/v2\/users\/4"}],"replies":[{"embeddable":true,"href":"http:\/\/www.pasadenahoy.com\/primero\/wp-json\/wp\/v2\/comments?post=9812"}],"version-history":[{"count":2,"href":"http:\/\/www.pasadenahoy.com\/primero\/wp-json\/wp\/v2\/posts\/9812\/revisions"}],"predecessor-version":[{"id":9815,"href":"http:\/\/www.pasadenahoy.com\/primero\/wp-json\/wp\/v2\/posts\/9812\/revisions\/9815"}],"wp:featuredmedia":[{"embeddable":true,"href":"http:\/\/www.pasadenahoy.com\/primero\/wp-json\/wp\/v2\/media\/9813"}],"wp:attachment":[{"href":"http:\/\/www.pasadenahoy.com\/primero\/wp-json\/wp\/v2\/media?parent=9812"}],"wp:term":[{"taxonomy":"category","embeddable":true,"href":"http:\/\/www.pasadenahoy.com\/primero\/wp-json\/wp\/v2\/categories?post=9812"},{"taxonomy":"post_tag","embeddable":true,"href":"http:\/\/www.pasadenahoy.com\/primero\/wp-json\/wp\/v2\/tags?post=9812"}],"curies":[{"name":"wp","href":"https:\/\/api.w.org\/{rel}","templated":true}]}}