{"id":9816,"date":"2021-07-19T15:58:00","date_gmt":"2021-07-19T15:58:00","guid":{"rendered":"http:\/\/www.pasadenahoy.com\/primero\/?p=9816"},"modified":"2021-07-19T15:58:03","modified_gmt":"2021-07-19T15:58:03","slug":"el-grupo-de-trabajo-de-redistribucion-de-distritos-podria-obtener-una-direccion-adicional","status":"publish","type":"post","link":"http:\/\/www.pasadenahoy.com\/primero\/el-gobierno-local\/el-grupo-de-trabajo-de-redistribucion-de-distritos-podria-obtener-una-direccion-adicional\/","title":{"rendered":"El grupo de trabajo de redistribuci\u00f3n de distritos podr\u00eda obtener una direcci\u00f3n adicional"},"content":{"rendered":"\n<figure class=\"wp-block-image alignnone size-large\"><figure class=\"alignnone\"><img loading=\"lazy\" width=\"740\" height=\"400\" src=\"http:\/\/www.pasadenahoy.com\/primero\/wp-content\/uploads\/2021\/07\/pic2-4.jpg\" alt=\"\" class=\"wp-image-9817\" srcset=\"http:\/\/www.pasadenahoy.com\/primero\/wp-content\/uploads\/2021\/07\/pic2-4.jpg 740w, http:\/\/www.pasadenahoy.com\/primero\/wp-content\/uploads\/2021\/07\/pic2-4-300x162.jpg 300w, http:\/\/www.pasadenahoy.com\/primero\/wp-content\/uploads\/2021\/07\/pic2-4-241x130.jpg 241w, http:\/\/www.pasadenahoy.com\/primero\/wp-content\/uploads\/2021\/07\/pic2-4-333x180.jpg 333w, http:\/\/www.pasadenahoy.com\/primero\/wp-content\/uploads\/2021\/07\/pic2-4-700x378.jpg 700w, http:\/\/www.pasadenahoy.com\/primero\/wp-content\/uploads\/2021\/07\/pic2-4-360x195.jpg 360w, http:\/\/www.pasadenahoy.com\/primero\/wp-content\/uploads\/2021\/07\/pic2-4-720x389.jpg 720w\" sizes=\"100vw\" \/><\/figure><\/figure>\n\n\n\n<p>[ACTUALIZADO] El lunes, el Concejo Municipal tendr\u00e1 la oportunidad de proporcionar al grupo de trabajo de redistribuci\u00f3n de distritos objetivos y consideraciones adicionales, incluidos aquellos enfocados en conectar los distritos del Concejo con Colorado Boulevard.<\/p>\n\n\n\n<p>Actualmente, los siete distritos del Concejo Municipal contienen una parte de Colorado Boulevard, que durante mucho tiempo se ha considerado un componente importante del motor econ\u00f3mico de la ciudad.<\/p>\n\n\n\n<p>Pero esa pr\u00e1ctica se puso en duda hace 10 a\u00f1os cuando la Asociaci\u00f3n de Vecinos del Centro de Pasadena pidi\u00f3 a la ciudad que incluyera planes para un nuevo distrito en el centro.<\/p>\n\n\n\n<p>\u201cCada distrito del consejo se ha mapeado constantemente para incluir una parte de Colorado y mantener una conexi\u00f3n con el corredor comercial\u201d, seg\u00fan un informe del personal de la ciudad. \u201cEsta pr\u00e1ctica anterior sigue siendo un tema de conversaci\u00f3n en las reuniones actuales del Grupo de Trabajo y en los talleres comunitarios: si la Ciudad debe continuar manteniendo Colorado Boulevard como un elemento com\u00fan.<\/p>\n\n\n\n<p>\u201cSer\u00eda beneficioso saber si el Ayuntamiento est\u00e1 preparado para dirigir el Grupo de Trabajo en ese sentido (para mantener esa conexi\u00f3n tanto como sea posible o si dicha conexi\u00f3n ya no es un \u00e1rea de importancia), as\u00ed como para brindar cualquier otros puntos de \u00e9nfasis que el Grupo de Trabajo debe considerar a medida que avanza en el proceso &#8220;.<\/p>\n\n\n\n<p>Despu\u00e9s de cada conteo del censo de 10 a\u00f1os, la ciudad utiliza esa informaci\u00f3n para examinar a las personas que residen dentro de los l\u00edmites del distrito del Concejo Municipal existente para tener en cuenta los cambios en la poblaci\u00f3n.<\/p>\n\n\n\n<p>El Ayuntamiento ha establecido un Grupo de Trabajo de Redistribuci\u00f3n de Distritos de 12 miembros compuesto por residentes de Pasadena para examinar los cambios de poblaci\u00f3n y recomendar un plan de redistribuci\u00f3n de distritos al consejo para su consideraci\u00f3n.<\/p>\n\n\n\n<p>El Grupo de Trabajo de Redistribuci\u00f3n de Distritos de la ciudad se encuentra actualmente en la etapa previa al mapeo del esfuerzo de redistribuci\u00f3n de distritos, centrado en la educaci\u00f3n, la capacitaci\u00f3n y la comprensi\u00f3n de los par\u00e1metros que gobiernan el proceso. El grupo de trabajo ha celebrado cuatro reuniones formales, y ha participado u observado en cinco de los siete talleres comunitarios id\u00e9nticos dise\u00f1ados para proporcionar al p\u00fablico informaci\u00f3n sobre el proceso de redistribuci\u00f3n de distritos y solicitar informaci\u00f3n de la comunidad de inter\u00e9s.<\/p>\n\n\n\n<p>Como todo lo dem\u00e1s, el proceso se ha visto afectado por la pandemia de coronavirus. Normalmente, la ciudad recibe recuentos de poblaci\u00f3n antes del trabajo del grupo de trabajo. Debido a las demoras en los datos causadas por la pandemia, el plan de trabajo se ha ajustado para comenzar la participaci\u00f3n de la comunidad antes de la publicaci\u00f3n de los datos.<\/p>\n\n\n\n<p>No se esperan datos preliminares de poblaci\u00f3n hasta alg\u00fan momento de agosto, y los datos finales de redistribuci\u00f3n de distritos para Pasadena est\u00e1n programados para publicarse en septiembre.<\/p>\n\n\n\n<p>La ciudad debe completar el proceso y adoptar cualquier cambio antes del 15 de diciembre.<\/p>\n","protected":false},"excerpt":{"rendered":"<p>[ACTUALIZADO] El lunes, el Concejo Municipal tendr\u00e1 la oportunidad de proporcionar al grupo de trabajo de redistribuci\u00f3n de distritos objetivos y consideraciones adicionales, incluidos aquellos enfocados en conectar los distritos del Concejo con Colorado Boulevard. Actualmente, los siete distritos del Concejo Municipal contienen una parte de Colorado Boulevard, que durante mucho tiempo se ha considerado un componente importante del motor econ\u00f3mico de la ciudad. Pero esa pr\u00e1ctica se puso en duda hace 10 a\u00f1os cuando la Asociaci\u00f3n de Vecinos del [&hellip;]<\/p>\n","protected":false},"author":4,"featured_media":9817,"comment_status":"open","ping_status":"closed","sticky":false,"template":"","format":"standard","meta":[],"categories":[6],"tags":[],"acf":[],"_links":{"self":[{"href":"http:\/\/www.pasadenahoy.com\/primero\/wp-json\/wp\/v2\/posts\/9816"}],"collection":[{"href":"http:\/\/www.pasadenahoy.com\/primero\/wp-json\/wp\/v2\/posts"}],"about":[{"href":"http:\/\/www.pasadenahoy.com\/primero\/wp-json\/wp\/v2\/types\/post"}],"author":[{"embeddable":true,"href":"http:\/\/www.pasadenahoy.com\/primero\/wp-json\/wp\/v2\/users\/4"}],"replies":[{"embeddable":true,"href":"http:\/\/www.pasadenahoy.com\/primero\/wp-json\/wp\/v2\/comments?post=9816"}],"version-history":[{"count":2,"href":"http:\/\/www.pasadenahoy.com\/primero\/wp-json\/wp\/v2\/posts\/9816\/revisions"}],"predecessor-version":[{"id":9819,"href":"http:\/\/www.pasadenahoy.com\/primero\/wp-json\/wp\/v2\/posts\/9816\/revisions\/9819"}],"wp:featuredmedia":[{"embeddable":true,"href":"http:\/\/www.pasadenahoy.com\/primero\/wp-json\/wp\/v2\/media\/9817"}],"wp:attachment":[{"href":"http:\/\/www.pasadenahoy.com\/primero\/wp-json\/wp\/v2\/media?parent=9816"}],"wp:term":[{"taxonomy":"category","embeddable":true,"href":"http:\/\/www.pasadenahoy.com\/primero\/wp-json\/wp\/v2\/categories?post=9816"},{"taxonomy":"post_tag","embeddable":true,"href":"http:\/\/www.pasadenahoy.com\/primero\/wp-json\/wp\/v2\/tags?post=9816"}],"curies":[{"name":"wp","href":"https:\/\/api.w.org\/{rel}","templated":true}]}}