{"id":9836,"date":"2021-07-19T16:19:39","date_gmt":"2021-07-19T16:19:39","guid":{"rendered":"http:\/\/www.pasadenahoy.com\/primero\/?p=9836"},"modified":"2021-07-19T16:19:40","modified_gmt":"2021-07-19T16:19:40","slug":"hombre-arrestado-luego-de-una-breve-persecucion-en-pasadena-arma-incautada","status":"publish","type":"post","link":"http:\/\/www.pasadenahoy.com\/primero\/la-comunidad\/hombre-arrestado-luego-de-una-breve-persecucion-en-pasadena-arma-incautada\/","title":{"rendered":"Hombre arrestado luego de una breve persecuci\u00f3n en Pasadena, arma incautada"},"content":{"rendered":"\n<figure class=\"wp-block-image alignnone size-large\"><figure class=\"alignnone\"><img loading=\"lazy\" width=\"740\" height=\"399\" src=\"http:\/\/www.pasadenahoy.com\/primero\/wp-content\/uploads\/2021\/07\/pic7.jpg\" alt=\"\" class=\"wp-image-9837\" srcset=\"http:\/\/www.pasadenahoy.com\/primero\/wp-content\/uploads\/2021\/07\/pic7.jpg 740w, http:\/\/www.pasadenahoy.com\/primero\/wp-content\/uploads\/2021\/07\/pic7-300x162.jpg 300w, http:\/\/www.pasadenahoy.com\/primero\/wp-content\/uploads\/2021\/07\/pic7-241x130.jpg 241w, http:\/\/www.pasadenahoy.com\/primero\/wp-content\/uploads\/2021\/07\/pic7-334x180.jpg 334w, http:\/\/www.pasadenahoy.com\/primero\/wp-content\/uploads\/2021\/07\/pic7-700x377.jpg 700w, http:\/\/www.pasadenahoy.com\/primero\/wp-content\/uploads\/2021\/07\/pic7-360x194.jpg 360w, http:\/\/www.pasadenahoy.com\/primero\/wp-content\/uploads\/2021\/07\/pic7-720x388.jpg 720w\" sizes=\"100vw\" \/><\/figure><\/figure>\n\n\n\n<p>Un hombre previamente condenado por liderar a la polic\u00eda en una persecuci\u00f3n peligrosa fue nuevamente arrestado el s\u00e1bado por la noche despu\u00e9s de liderar a los oficiales en una breve persecuci\u00f3n a trav\u00e9s de Pasadena mientras supuestamente estaba armado con una pistola, dijeron las autoridades.<\/p>\n\n\n\n<p>La polic\u00eda intent\u00f3 detener un veh\u00edculo alrededor de las 10:05 p.m. en Raymond Avenue y Washington Boulevard, dijo el teniente Anthony Burgess de la polic\u00eda de Pasadena. Pero el conductor aceler\u00f3, iniciando una breve persecuci\u00f3n.<\/p>\n\n\n\n<p>El conductor abandon\u00f3 el autom\u00f3vil a unas tres cuadras de distancia y corri\u00f3 hacia la propiedad del complejo de apartamentos Kings Villages, donde pronto fue capturado por oficiales que lo persegu\u00edan, seg\u00fan Burgess.<\/p>\n\n\n\n<p>Se recuper\u00f3 una pistola cargada del bolsillo del hombre, dijo.<\/p>\n\n\n\n<p>Lavonce Trayvene Walker, de 29 a\u00f1os, de Pasadena, fue arrestado bajo sospecha de evadir delitos policiales y relacionados con armas, seg\u00fan los registros de registro de la polic\u00eda y del condado de Los \u00c1ngeles.<\/p>\n\n\n\n<p>Un pasajero que permaneci\u00f3 en el autom\u00f3vil cuando fue abandonado al final de la persecuci\u00f3n no fue arrestado, dijo la polic\u00eda.<\/p>\n\n\n\n<p>Walker fue condenado en 2016 por evadir a la polic\u00eda y causar lesiones o la muerte, seg\u00fan los registros de la Corte Superior del Condado de Los \u00c1ngeles.<\/p>\n\n\n\n<p>Las condenas anteriores tambi\u00e9n incluyen robo de autom\u00f3viles y agresi\u00f3n dom\u00e9stica en 2010, seg\u00fan muestran los registros.<\/p>\n\n\n\n<p>La fianza para Walker se fij\u00f3 en $ 190,000 en espera de su comparecencia inicial ante el tribunal.<\/p>\n","protected":false},"excerpt":{"rendered":"<p>Un hombre previamente condenado por liderar a la polic\u00eda en una persecuci\u00f3n peligrosa fue nuevamente arrestado el s\u00e1bado por la noche despu\u00e9s de liderar a los oficiales en una breve persecuci\u00f3n a trav\u00e9s de Pasadena mientras supuestamente estaba armado con una pistola, dijeron las autoridades. La polic\u00eda intent\u00f3 detener un veh\u00edculo alrededor de las 10:05 p.m. en Raymond Avenue y Washington Boulevard, dijo el teniente Anthony Burgess de la polic\u00eda de Pasadena. Pero el conductor aceler\u00f3, iniciando una breve persecuci\u00f3n. [&hellip;]<\/p>\n","protected":false},"author":4,"featured_media":0,"comment_status":"open","ping_status":"closed","sticky":false,"template":"","format":"standard","meta":[],"categories":[4],"tags":[],"acf":[],"_links":{"self":[{"href":"http:\/\/www.pasadenahoy.com\/primero\/wp-json\/wp\/v2\/posts\/9836"}],"collection":[{"href":"http:\/\/www.pasadenahoy.com\/primero\/wp-json\/wp\/v2\/posts"}],"about":[{"href":"http:\/\/www.pasadenahoy.com\/primero\/wp-json\/wp\/v2\/types\/post"}],"author":[{"embeddable":true,"href":"http:\/\/www.pasadenahoy.com\/primero\/wp-json\/wp\/v2\/users\/4"}],"replies":[{"embeddable":true,"href":"http:\/\/www.pasadenahoy.com\/primero\/wp-json\/wp\/v2\/comments?post=9836"}],"version-history":[{"count":2,"href":"http:\/\/www.pasadenahoy.com\/primero\/wp-json\/wp\/v2\/posts\/9836\/revisions"}],"predecessor-version":[{"id":9839,"href":"http:\/\/www.pasadenahoy.com\/primero\/wp-json\/wp\/v2\/posts\/9836\/revisions\/9839"}],"wp:attachment":[{"href":"http:\/\/www.pasadenahoy.com\/primero\/wp-json\/wp\/v2\/media?parent=9836"}],"wp:term":[{"taxonomy":"category","embeddable":true,"href":"http:\/\/www.pasadenahoy.com\/primero\/wp-json\/wp\/v2\/categories?post=9836"},{"taxonomy":"post_tag","embeddable":true,"href":"http:\/\/www.pasadenahoy.com\/primero\/wp-json\/wp\/v2\/tags?post=9836"}],"curies":[{"name":"wp","href":"https:\/\/api.w.org\/{rel}","templated":true}]}}