{"id":9848,"date":"2021-07-19T16:32:24","date_gmt":"2021-07-19T16:32:24","guid":{"rendered":"http:\/\/www.pasadenahoy.com\/primero\/?p=9848"},"modified":"2021-07-19T16:32:25","modified_gmt":"2021-07-19T16:32:25","slug":"el-comite-de-seguridad-publica-revisara-los-esfuerzos-de-mitigacion-de-fuegos-artificiales-de-la-ciudad-el-miercoles","status":"publish","type":"post","link":"http:\/\/www.pasadenahoy.com\/primero\/la-comunidad\/el-comite-de-seguridad-publica-revisara-los-esfuerzos-de-mitigacion-de-fuegos-artificiales-de-la-ciudad-el-miercoles\/","title":{"rendered":"El Comit\u00e9 de Seguridad P\u00fablica revisar\u00e1 los esfuerzos de mitigaci\u00f3n de fuegos artificiales de la ciudad el mi\u00e9rcoles"},"content":{"rendered":"\n<figure class=\"wp-block-image alignnone size-large\"><figure class=\"alignnone\"><img loading=\"lazy\" width=\"740\" height=\"396\" src=\"http:\/\/www.pasadenahoy.com\/primero\/wp-content\/uploads\/2021\/07\/pic10.jpg\" alt=\"\" class=\"wp-image-9849\" srcset=\"http:\/\/www.pasadenahoy.com\/primero\/wp-content\/uploads\/2021\/07\/pic10.jpg 740w, http:\/\/www.pasadenahoy.com\/primero\/wp-content\/uploads\/2021\/07\/pic10-300x161.jpg 300w, http:\/\/www.pasadenahoy.com\/primero\/wp-content\/uploads\/2021\/07\/pic10-243x130.jpg 243w, http:\/\/www.pasadenahoy.com\/primero\/wp-content\/uploads\/2021\/07\/pic10-336x180.jpg 336w, http:\/\/www.pasadenahoy.com\/primero\/wp-content\/uploads\/2021\/07\/pic10-700x375.jpg 700w, http:\/\/www.pasadenahoy.com\/primero\/wp-content\/uploads\/2021\/07\/pic10-360x193.jpg 360w, http:\/\/www.pasadenahoy.com\/primero\/wp-content\/uploads\/2021\/07\/pic10-720x385.jpg 720w\" sizes=\"100vw\" \/><figcaption><span class=\"caption-text\">Las autoridades culparon a los fuegos artificiales despu\u00e9s de que un incendio destruyera una casa de Pasadena en junio, causando da\u00f1os importantes. El incendio caus\u00f3 da\u00f1os a dos unidades de departamentos vecinas, as\u00ed como a media docena de autos, dijeron las autoridades. La polic\u00eda dice que el incendio fue provocado por un ni\u00f1o que jugaba con fuegos artificiales. (Foto cortes\u00eda del Departamento de Bomberos de Pasadena)<\/span><\/figcaption><\/figure><\/figure>\n\n\n\n<p>Aunque ha pasado el feriado del 4 de julio, los portavoces de la ciudad y los departamentos de bomberos y polic\u00eda contin\u00faan sus esfuerzos de divulgaci\u00f3n para aumentar la conciencia del p\u00fablico sobre los peligros que los fuegos artificiales pueden traer a la comunidad.<\/p>\n\n\n\n<p>Portavoces de los tres departamentos presentar\u00e1n su plan de alcance al Comit\u00e9 de Seguridad P\u00fablica el mi\u00e9rcoles. La presentaci\u00f3n incluye informaci\u00f3n sobre campa\u00f1as que comenzaron incluso antes del A\u00f1o Nuevo para reducir la actividad de fuegos artificiales y, en consecuencia, reducir el potencial de da\u00f1os corporales y el riesgo general de p\u00e9rdida por incendio para la comunidad.<\/p>\n\n\n\n<p>Las autoridades culparon a los fuegos artificiales despu\u00e9s de que un incendio destruyera una casa de Pasadena en junio, causando da\u00f1os importantes. El incendio caus\u00f3 da\u00f1os a dos unidades de departamentos vecinas, as\u00ed como a media docena de autos, dijeron las autoridades. La polic\u00eda dice que el incendio fue provocado por un ni\u00f1o que jugaba con fuegos artificiales.<\/p>\n\n\n\n<p>La polic\u00eda emiti\u00f3 17 citaciones por fuegos artificiales ilegales este a\u00f1o. En 2020, se confiscaron 427 libras de fuegos artificiales,<\/p>\n\n\n\n<p>Este a\u00f1o, los departamentos activaron temprano un Grupo de Trabajo de Fuegos Artificiales para planificar actividades combinadas para iniciar una s\u00f3lida campa\u00f1a de mensajes para informar al p\u00fablico que todos los fuegos artificiales son ilegales en Pasadena, de acuerdo con el C\u00f3digo Municipal de Pasadena y de acuerdo con la Ordenanza de la Ciudad No. 6578.<\/p>\n\n\n\n<p>Adem\u00e1s de la divulgaci\u00f3n p\u00fablica, realizada a trav\u00e9s de asociaciones con los medios locales y a trav\u00e9s de publicaciones en las redes sociales en todas las plataformas disponibles, el Departamento de Bomberos tambi\u00e9n llev\u00f3 a cabo hasta 4,000 inspecciones de vegetaci\u00f3n peligrosa y llam\u00f3 a voluntarios para que fueran de puerta en puerta y distribuyeran materiales de informaci\u00f3n sobre la necesidad de tener mucho cuidado y ayudar activamente a prevenir incendios. Estos esfuerzos fueron monitoreados constantemente y los resultados se informaron al comit\u00e9 de seguridad p\u00fablica en cada oportunidad.<\/p>\n\n\n\n<p>Los mensajes de informaci\u00f3n p\u00fablica, como decenas de publicaciones de &#8220;Tolerancia cero&#8221;, se distribuyeron a trav\u00e9s de Twitter, Facebook e Instagram utilizando las cuentas principales de la Ciudad, as\u00ed como las cuentas de los departamentos de polic\u00eda y bomberos, e incluso Rose Bowl, Pasadena Water and Power, la Biblioteca P\u00fablica y las cuentas de las partes interesadas. La Ciudad tambi\u00e9n public\u00f3 anuncios en el sitio web principal de la Ciudad y en las p\u00e1ginas web de los departamentos, y en los medios de comunicaci\u00f3n impresos y en l\u00ednea locales, incluido Pasadena Now.<\/p>\n\n\n\n<p>Entre el 10 de junio y el 3 de julio de este a\u00f1o, los oficiales del Departamento de Polic\u00eda de Pasadena desplegaron detalles de supresi\u00f3n de fuegos artificiales en toda la ciudad a partir de las 6 p.m. hasta las 2 a.m., y se aument\u00f3 la frecuencia de las patrullas desde las 5:30 p.m. hasta las 3:30 a.m. del 4 de julio. Las patrullas se enfocaron en \u00e1reas donde hab\u00eda un historial de actividad ilegal de fuegos artificiales, donde hab\u00eda observaciones de actividad ilegal de fuegos artificiales y desde donde las llamadas de servicio eran frecuentes en ese momento.<\/p>\n\n\n\n<p>Estas actividades dieron como resultado una cantidad significativamente menor de citaciones y una menor cantidad de fuegos artificiales incautados, m\u00e1s del 60 por ciento menos de llamadas al servicio durante la celebraci\u00f3n del 4 de julio, de 411 en 2020 a 248 en 2021, y cero incendios o lesiones reportadas causadas por fuegos artificiales.<\/p>\n","protected":false},"excerpt":{"rendered":"<p>Aunque ha pasado el feriado del 4 de julio, los portavoces de la ciudad y los departamentos de bomberos y polic\u00eda contin\u00faan sus esfuerzos de divulgaci\u00f3n para aumentar la conciencia del p\u00fablico sobre los peligros que los fuegos artificiales pueden traer a la comunidad. Portavoces de los tres departamentos presentar\u00e1n su plan de alcance al Comit\u00e9 de Seguridad P\u00fablica el mi\u00e9rcoles. La presentaci\u00f3n incluye informaci\u00f3n sobre campa\u00f1as que comenzaron incluso antes del A\u00f1o Nuevo para reducir la actividad de fuegos [&hellip;]<\/p>\n","protected":false},"author":4,"featured_media":0,"comment_status":"open","ping_status":"closed","sticky":false,"template":"","format":"standard","meta":[],"categories":[4],"tags":[],"acf":[],"_links":{"self":[{"href":"http:\/\/www.pasadenahoy.com\/primero\/wp-json\/wp\/v2\/posts\/9848"}],"collection":[{"href":"http:\/\/www.pasadenahoy.com\/primero\/wp-json\/wp\/v2\/posts"}],"about":[{"href":"http:\/\/www.pasadenahoy.com\/primero\/wp-json\/wp\/v2\/types\/post"}],"author":[{"embeddable":true,"href":"http:\/\/www.pasadenahoy.com\/primero\/wp-json\/wp\/v2\/users\/4"}],"replies":[{"embeddable":true,"href":"http:\/\/www.pasadenahoy.com\/primero\/wp-json\/wp\/v2\/comments?post=9848"}],"version-history":[{"count":2,"href":"http:\/\/www.pasadenahoy.com\/primero\/wp-json\/wp\/v2\/posts\/9848\/revisions"}],"predecessor-version":[{"id":9851,"href":"http:\/\/www.pasadenahoy.com\/primero\/wp-json\/wp\/v2\/posts\/9848\/revisions\/9851"}],"wp:attachment":[{"href":"http:\/\/www.pasadenahoy.com\/primero\/wp-json\/wp\/v2\/media?parent=9848"}],"wp:term":[{"taxonomy":"category","embeddable":true,"href":"http:\/\/www.pasadenahoy.com\/primero\/wp-json\/wp\/v2\/categories?post=9848"},{"taxonomy":"post_tag","embeddable":true,"href":"http:\/\/www.pasadenahoy.com\/primero\/wp-json\/wp\/v2\/tags?post=9848"}],"curies":[{"name":"wp","href":"https:\/\/api.w.org\/{rel}","templated":true}]}}