{"id":9855,"date":"2021-07-20T16:03:18","date_gmt":"2021-07-20T16:03:18","guid":{"rendered":"http:\/\/www.pasadenahoy.com\/primero\/?p=9855"},"modified":"2021-07-20T16:03:20","modified_gmt":"2021-07-20T16:03:20","slug":"el-director-de-salud-de-pasadena-emitira-el-mandato-de-mascarilla","status":"publish","type":"post","link":"http:\/\/www.pasadenahoy.com\/primero\/la-comunidad\/el-director-de-salud-de-pasadena-emitira-el-mandato-de-mascarilla\/","title":{"rendered":"El director de salud de Pasadena emitir\u00e1 el mandato de mascarilla"},"content":{"rendered":"\n<figure class=\"wp-block-image alignnone size-large\"><figure class=\"alignnone\"><img loading=\"lazy\" width=\"740\" height=\"400\" src=\"http:\/\/www.pasadenahoy.com\/primero\/wp-content\/uploads\/2021\/07\/pic-1-3.png\" alt=\"\" class=\"wp-image-9856\" srcset=\"http:\/\/www.pasadenahoy.com\/primero\/wp-content\/uploads\/2021\/07\/pic-1-3.png 740w, http:\/\/www.pasadenahoy.com\/primero\/wp-content\/uploads\/2021\/07\/pic-1-3-300x162.png 300w, http:\/\/www.pasadenahoy.com\/primero\/wp-content\/uploads\/2021\/07\/pic-1-3-241x130.png 241w, http:\/\/www.pasadenahoy.com\/primero\/wp-content\/uploads\/2021\/07\/pic-1-3-333x180.png 333w, http:\/\/www.pasadenahoy.com\/primero\/wp-content\/uploads\/2021\/07\/pic-1-3-700x378.png 700w, http:\/\/www.pasadenahoy.com\/primero\/wp-content\/uploads\/2021\/07\/pic-1-3-360x195.png 360w, http:\/\/www.pasadenahoy.com\/primero\/wp-content\/uploads\/2021\/07\/pic-1-3-720x389.png 720w\" sizes=\"100vw\" \/><figcaption><span class=\"caption-text\">La directora de salud p\u00fablica de Pasadena, la Dra. Ying-Ying Goh, present\u00f3 este cuadro a los concejales de la ciudad en su reuni\u00f3n del 19 de julio de 2021 durante una presentaci\u00f3n en la que dijo que se est\u00e1 preparando para exigir que todas las personas usen m\u00e1scaras en lugares p\u00fablicos, independientemente de la vacunaci\u00f3n. estado. (Obra de arte cortes\u00eda de la ciudad de Pasadena, con algunas mejoras y re-composici\u00f3n para aclarar la imagen)<\/span><\/figcaption><\/figure><\/figure>\n\n\n\n<p>En la primera actualizaci\u00f3n de COVID-19 desde que la variante Delta se convirti\u00f3 en la cepa dominante del virus en todo el mundo, la directora de salud p\u00fablica de la ciudad le dijo al Ayuntamiento de Pasadena que est\u00e1 trabajando en pautas que requerir\u00edan que los residentes locales usen m\u00e1scaras en el interior sin importar su estado de vacunaci\u00f3n. .<\/p>\n\n\n\n<p>&#8220;Lo que estamos tratando de hacer es utilizar intervenciones farmac\u00e9uticas que funcionen&#8221;, dijo el Dr. Ying-Ying Goh.<\/p>\n\n\n\n<p>Esas opciones incluyen el enmascaramiento y el distanciamiento social.<\/p>\n\n\n\n<p>Goh dijo que en este momento la ciudad no se est\u00e1 inclinando hacia opciones que requieran cerrar negocios.<\/p>\n\n\n\n<p>\u201cNos gustar\u00eda tomar las medidas peque\u00f1as y, con suerte, efectivas que podr\u00edan mantener abiertas las empresas y requerir una mascarilla sin importar el estado de vacunaci\u00f3n\u201d, dijo Goh.<\/p>\n\n\n\n<p>El mandato de la m\u00e1scara podr\u00eda entrar en vigor a finales de esta semana.<\/p>\n\n\n\n<p>Seg\u00fan el Dr. Goh, varios hogares desconectados ahora est\u00e1n infectados con la variante Delta, m\u00e1s contagiosa y peligrosa.<\/p>\n\n\n\n<p>Goh dijo al Ayuntamiento que la primera opci\u00f3n en la lucha contra el virus son las vacunas actuales.<\/p>\n\n\n\n<p>Actualmente, el 80% de los residentes de la ciudad de 12 a\u00f1os o m\u00e1s han sido vacunados. La ciudad tiene una de las tasas de vacunaci\u00f3n m\u00e1s altas del estado.<\/p>\n\n\n\n<p>Varios miembros del consejo se resistieron a la idea de un mandato de m\u00e1scara y brevemente plantearon la idea de una votaci\u00f3n sobre el mandato de m\u00e1scara, pero seg\u00fan el fiscal de la ciudad, la decisi\u00f3n no es una decisi\u00f3n legislativa que puedan tomar los responsables pol\u00edticos.<\/p>\n\n\n\n<p>\u201cEl consejo no tiene esa autoridad o funci\u00f3n\u201d, dijo la fiscal municipal Michele Bagneris.<\/p>\n\n\n\n<p>Goh dijo que la ciudad est\u00e1 pisando un nuevo territorio.<\/p>\n\n\n\n<div class=\"wp-block-image alignright\"><figure class=\"alignright size-large\"><img loading=\"lazy\" width=\"350\" height=\"331\" src=\"http:\/\/www.pasadenahoy.com\/primero\/wp-content\/uploads\/2021\/07\/pic-2-3.png\" alt=\"\" class=\"wp-image-9857\" srcset=\"http:\/\/www.pasadenahoy.com\/primero\/wp-content\/uploads\/2021\/07\/pic-2-3.png 350w, http:\/\/www.pasadenahoy.com\/primero\/wp-content\/uploads\/2021\/07\/pic-2-3-300x284.png 300w, http:\/\/www.pasadenahoy.com\/primero\/wp-content\/uploads\/2021\/07\/pic-2-3-137x130.png 137w, http:\/\/www.pasadenahoy.com\/primero\/wp-content\/uploads\/2021\/07\/pic-2-3-190x180.png 190w\" sizes=\"100vw\" \/><figcaption><span class=\"caption-text\">El Dr. Ying-Ying Goh se dirige al Ayuntamiento de Pasadena, 19 de julio de 2021. (Captura de pantalla cortes\u00eda de KPAS)<\/span><\/figcaption><\/figure><\/div>\n\n\n\n<p>\u201cNo estamos tratando de cambiar las reglas y sembrar confusi\u00f3n. Las reglas nos est\u00e1n cambiando \u201d, dijo Goh. \u201cEste es el primer aumento con la variante, por lo que no puedo predecirlo. Estamos en un lugar diferente porque no tenemos un 100% de poblaci\u00f3n potencial de infecci\u00f3n, pero hemos reabierto. Todas estas variables hacen que esto sea dif\u00edcil de predecir &#8220;.<\/p>\n\n\n\n<p>Seg\u00fan los cient\u00edficos, las personas no vacunadas podr\u00edan aumentar la posibilidad de m\u00e1s variantes. Las variantes tienen el potencial de ser m\u00e1s mortales que la variante actual.<\/p>\n\n\n\n<p>&#8220;Cada persona que se vacuna est\u00e1 frenando el desarrollo de nuevas variantes&#8221;, dijo Goh. &#8220;Los estudios demuestran que las vacunas protegen contra el virus, incluida la variante&#8221;.<\/p>\n\n\n\n<p>La variante Delta se propaga m\u00e1s f\u00e1cilmente entre personas, y algunas investigaciones muestran que las personas transmiten el virus a otras antes de que las personas propaguen la cepa original del nuevo coronavirus.<\/p>\n\n\n\n<p>Goh dijo que est\u00e1 viendo los n\u00fameros en Huntington Hospital.<\/p>\n\n\n\n<p>\u201cSi no est\u00e1 vacunado, salga y vacune a su familia ya usted mismo\u201d, dijo el alcalde V\u00edctor Gordo. \u201cNo vivimos en el vac\u00edo. Vivimos en una regi\u00f3n donde la gente entra y sale todos los d\u00edas &#8220;.<\/p>\n\n\n\n<p>Gordo pidi\u00f3 claridad en el orden y un llamado a la coherencia en la regi\u00f3n para los operadores locales, y dijo que Goh deber\u00eda estar preparado para responder algunas preguntas dif\u00edciles, incluido el momento y el momento en que las vacunas se vuelven obligatorias.<\/p>\n\n\n\n<p>\u201cEn primer lugar, todos estamos mejor protegidos cuando todos estamos vacunados\u201d, dijo Gordo. \u201cLa vacuna funciona y estamos trabajando para elevar nuestra tasa de vacunaci\u00f3n del 80% al 100%. A pesar de nuestra alta tasa de vacunaci\u00f3n, no somos una isla y lo que pasa en la regi\u00f3n nos afecta. Debido al aumento significativo en las tasas de casos durante las \u00faltimas tres semanas, nuestro Oficial de Salud, el Dr. Goh, est\u00e1 preparando una Orden de Salud que entrar\u00e1 en vigencia en las pr\u00f3ximas 48-72 horas y requerir\u00e1 m\u00e1scaras faciales cuando se encuentre en interiores en entornos p\u00fablicos y negocios. independientemente del estado de vacunaci\u00f3n. Si bien las tasas de casos de Pasadena fueron m\u00e1s bajas que las del condado de Los \u00c1ngeles, las tasas de los fines de semana continuaron aumentando. Insto al p\u00fablico a vacunarse: las vacunas son seguras, efectivas, est\u00e1n ampliamente disponibles en Pasadena y son gratuitas &#8220;.<\/p>\n\n\n\n<p>El enmascaramiento funciona para reducir la transmisi\u00f3n en interiores seg\u00fan Goh.<\/p>\n\n\n\n<p>El fin de semana pasado, los funcionarios de salud p\u00fablica locales informaron 51 infecciones por COVID-19 en la ciudad entre el s\u00e1bado y el lunes, pero no hubo muertes adicionales.<\/p>\n\n\n\n<p>Se detectaron 21 casos el s\u00e1bado, seguidos de 15 tanto el domingo como el lunes.<\/p>\n\n\n\n<p>En total, Pasadena ha visto 11,558 casos de COVID-19 y 351 muertes, y la muerte m\u00e1s reciente en la ciudad se inform\u00f3 el 12 de julio, seg\u00fan los registros del Departamento de Salud P\u00fablica de Pasadena.<\/p>\n\n\n\n<p>En promedio, Pasadena ha registrado 14,4 nuevas infecciones cada d\u00eda durante la semana pasada.<\/p>\n\n\n\n<p>El s\u00e1bado entr\u00f3 en vigor un nuevo mandato para cubrir el rostro en<\/p>\n\n\n\n<p>El condado de Los \u00c1ngeles en medio de un resurgimiento de la pandemia de coronavirus que ha visto tasas de casos locales y ho<\/p>\n\n\n\n<p>las espitalizaciones se disparan.<\/p>\n\n\n\n<p>La nueva regla que requiere que todos usen m\u00e1scaras en espacios p\u00fablicos cerrados independientemente de su estado de vacunaci\u00f3n entr\u00f3 en vigencia a las 11:59 p.m del s\u00e1bado.<\/p>\n\n\n\n<p>&#8220;No nos tomamos nada de esto a la ligera&#8221;, dijo Goh.<\/p>\n\n\n\n<p><\/p>\n","protected":false},"excerpt":{"rendered":"<p>En la primera actualizaci\u00f3n de COVID-19 desde que la variante Delta se convirti\u00f3 en la cepa dominante del virus en todo el mundo, la directora de salud p\u00fablica de la ciudad le dijo al Ayuntamiento de Pasadena que est\u00e1 trabajando en pautas que requerir\u00edan que los residentes locales usen m\u00e1scaras en el interior sin importar su estado de vacunaci\u00f3n. . &#8220;Lo que estamos tratando de hacer es utilizar intervenciones farmac\u00e9uticas que funcionen&#8221;, dijo el Dr. Ying-Ying Goh. Esas opciones incluyen [&hellip;]<\/p>\n","protected":false},"author":4,"featured_media":9856,"comment_status":"open","ping_status":"closed","sticky":false,"template":"","format":"standard","meta":[],"categories":[4],"tags":[],"acf":[],"_links":{"self":[{"href":"http:\/\/www.pasadenahoy.com\/primero\/wp-json\/wp\/v2\/posts\/9855"}],"collection":[{"href":"http:\/\/www.pasadenahoy.com\/primero\/wp-json\/wp\/v2\/posts"}],"about":[{"href":"http:\/\/www.pasadenahoy.com\/primero\/wp-json\/wp\/v2\/types\/post"}],"author":[{"embeddable":true,"href":"http:\/\/www.pasadenahoy.com\/primero\/wp-json\/wp\/v2\/users\/4"}],"replies":[{"embeddable":true,"href":"http:\/\/www.pasadenahoy.com\/primero\/wp-json\/wp\/v2\/comments?post=9855"}],"version-history":[{"count":2,"href":"http:\/\/www.pasadenahoy.com\/primero\/wp-json\/wp\/v2\/posts\/9855\/revisions"}],"predecessor-version":[{"id":9859,"href":"http:\/\/www.pasadenahoy.com\/primero\/wp-json\/wp\/v2\/posts\/9855\/revisions\/9859"}],"wp:featuredmedia":[{"embeddable":true,"href":"http:\/\/www.pasadenahoy.com\/primero\/wp-json\/wp\/v2\/media\/9856"}],"wp:attachment":[{"href":"http:\/\/www.pasadenahoy.com\/primero\/wp-json\/wp\/v2\/media?parent=9855"}],"wp:term":[{"taxonomy":"category","embeddable":true,"href":"http:\/\/www.pasadenahoy.com\/primero\/wp-json\/wp\/v2\/categories?post=9855"},{"taxonomy":"post_tag","embeddable":true,"href":"http:\/\/www.pasadenahoy.com\/primero\/wp-json\/wp\/v2\/tags?post=9855"}],"curies":[{"name":"wp","href":"https:\/\/api.w.org\/{rel}","templated":true}]}}