{"id":9860,"date":"2021-07-20T16:08:19","date_gmt":"2021-07-20T16:08:19","guid":{"rendered":"http:\/\/www.pasadenahoy.com\/primero\/?p=9860"},"modified":"2021-07-20T16:08:20","modified_gmt":"2021-07-20T16:08:20","slug":"la-ciudad-exige-que-todos-los-empleados-de-la-ciudad-deben-recibir-la-vacuna-covid-19","status":"publish","type":"post","link":"http:\/\/www.pasadenahoy.com\/primero\/la-comunidad\/la-ciudad-exige-que-todos-los-empleados-de-la-ciudad-deben-recibir-la-vacuna-covid-19\/","title":{"rendered":"La ciudad exige que todos los empleados de la ciudad deben recibir la vacuna COVID-19"},"content":{"rendered":"\n<figure class=\"wp-block-image alignnone size-large\"><figure class=\"alignnone\"><img loading=\"lazy\" width=\"740\" height=\"400\" src=\"http:\/\/www.pasadenahoy.com\/primero\/wp-content\/uploads\/2021\/07\/pic3-5.jpg\" alt=\"\" class=\"wp-image-9861\" srcset=\"http:\/\/www.pasadenahoy.com\/primero\/wp-content\/uploads\/2021\/07\/pic3-5.jpg 740w, http:\/\/www.pasadenahoy.com\/primero\/wp-content\/uploads\/2021\/07\/pic3-5-300x162.jpg 300w, http:\/\/www.pasadenahoy.com\/primero\/wp-content\/uploads\/2021\/07\/pic3-5-241x130.jpg 241w, http:\/\/www.pasadenahoy.com\/primero\/wp-content\/uploads\/2021\/07\/pic3-5-333x180.jpg 333w, http:\/\/www.pasadenahoy.com\/primero\/wp-content\/uploads\/2021\/07\/pic3-5-700x378.jpg 700w, http:\/\/www.pasadenahoy.com\/primero\/wp-content\/uploads\/2021\/07\/pic3-5-360x195.jpg 360w, http:\/\/www.pasadenahoy.com\/primero\/wp-content\/uploads\/2021\/07\/pic3-5-720x389.jpg 720w\" sizes=\"100vw\" \/><\/figure><\/figure>\n\n\n\n<p>[ACTUALIZADO] El administrador de la ciudad, Steve Mermell, dijo que le ha pedido al departamento de recursos humanos que desarrolle una pol\u00edtica de vacunaci\u00f3n obligatoria contra el COVID-19 para los empleados de la ciudad.<\/p>\n\n\n\n<p>Seg\u00fan Mermell, la pol\u00edtica ser\u00e1 similar a la que ya est\u00e1 en vigor en San Francisco.<\/p>\n\n\n\n<p>\u201cLa Ciudad de Pasadena anunci\u00f3 en su reuni\u00f3n del Concejo Municipal de esta noche que el Administrador de la Ciudad est\u00e1 implementando una pol\u00edtica para exigir las vacunas obligatorias para sus m\u00e1s de 2,000 empleados\u201d, dijo la Oficial de Informaci\u00f3n P\u00fablica Lisa Derderian. \u201cActualmente, son aproximadamente el 60% de los empleados que dieron testimonio de estar vacunados aunque con una tendencia al alza en los casos positivos en los empleados de la ciudad y la nueva variante en nuestra comunidad, una pol\u00edtica obligatoria es lo correcto para proteger a los empleados que en ocasiones pasar m\u00e1s horas en el trabajo que en casa. La pol\u00edtica entrar\u00e1 en vigencia cuando exista la aprobaci\u00f3n oficial de la FDA para las vacunas. La Ciudad de Pasadena ser\u00eda la primera en iniciar esta pol\u00edtica en el sur de California y el Sistema UC anunci\u00f3 recientemente que tiene un mandato similar \u201d.<\/p>\n\n\n\n<p>No se sabe c\u00f3mo tratar\u00e1 la ciudad con los empleados que no cumplan.<\/p>\n\n\n\n<p>En San Francisco, los empleados de la ciudad deben demostrar que han sido vacunados. A partir del 28 de junio, los empleados ten\u00edan 30 d\u00edas para demostrar que hab\u00edan sido vacunados.<\/p>\n\n\n\n<p>Los empleados de la ciudad en esa regi\u00f3n que no cumplan con la nueva regla podr\u00edan ser sancionados o incluso despedidos. Sin embargo, los trabajadores pueden solicitar una exenci\u00f3n por condiciones m\u00e9dicas o creencias religiosas.<\/p>\n\n\n\n<p>No se sabe si los empleados de la ciudad de Pasadena tendr\u00e1n una fecha l\u00edmite.<\/p>\n\n\n\n<p>Mermell le dijo al Concejo Municipal que la tasa de vacunaci\u00f3n de los empleados de la ciudad es m\u00e1s baja que la tasa de vacunaci\u00f3n de la ciudad.<\/p>\n\n\n\n<p>Aproximadamente el 80% de la poblaci\u00f3n de la ciudad mayor de 12 a\u00f1os ha sido vacunada.<\/p>\n\n\n\n<p>Mermell dijo que la tasa de vacunaci\u00f3n de los empleados de la ciudad est\u00e1 en el rango medio a alto del 60%, y la tasa entre los empleados de seguridad p\u00fablica tambi\u00e9n podr\u00eda estar en ese rango, pero alrededor de 1,100 de los empleados de la ciudad respondieron que hab\u00edan sido vacunados en una encuesta.<\/p>\n\n\n\n<p>Esta es una noticia de \u00faltima hora y Pasadena Now la actualizar\u00e1 a medida que haya m\u00e1s informaci\u00f3n disponible.<\/p>\n","protected":false},"excerpt":{"rendered":"<p>[ACTUALIZADO] El administrador de la ciudad, Steve Mermell, dijo que le ha pedido al departamento de recursos humanos que desarrolle una pol\u00edtica de vacunaci\u00f3n obligatoria contra el COVID-19 para los empleados de la ciudad. Seg\u00fan Mermell, la pol\u00edtica ser\u00e1 similar a la que ya est\u00e1 en vigor en San Francisco. \u201cLa Ciudad de Pasadena anunci\u00f3 en su reuni\u00f3n del Concejo Municipal de esta noche que el Administrador de la Ciudad est\u00e1 implementando una pol\u00edtica para exigir las vacunas obligatorias para [&hellip;]<\/p>\n","protected":false},"author":4,"featured_media":9861,"comment_status":"open","ping_status":"closed","sticky":false,"template":"","format":"standard","meta":[],"categories":[4],"tags":[],"acf":[],"_links":{"self":[{"href":"http:\/\/www.pasadenahoy.com\/primero\/wp-json\/wp\/v2\/posts\/9860"}],"collection":[{"href":"http:\/\/www.pasadenahoy.com\/primero\/wp-json\/wp\/v2\/posts"}],"about":[{"href":"http:\/\/www.pasadenahoy.com\/primero\/wp-json\/wp\/v2\/types\/post"}],"author":[{"embeddable":true,"href":"http:\/\/www.pasadenahoy.com\/primero\/wp-json\/wp\/v2\/users\/4"}],"replies":[{"embeddable":true,"href":"http:\/\/www.pasadenahoy.com\/primero\/wp-json\/wp\/v2\/comments?post=9860"}],"version-history":[{"count":2,"href":"http:\/\/www.pasadenahoy.com\/primero\/wp-json\/wp\/v2\/posts\/9860\/revisions"}],"predecessor-version":[{"id":9863,"href":"http:\/\/www.pasadenahoy.com\/primero\/wp-json\/wp\/v2\/posts\/9860\/revisions\/9863"}],"wp:featuredmedia":[{"embeddable":true,"href":"http:\/\/www.pasadenahoy.com\/primero\/wp-json\/wp\/v2\/media\/9861"}],"wp:attachment":[{"href":"http:\/\/www.pasadenahoy.com\/primero\/wp-json\/wp\/v2\/media?parent=9860"}],"wp:term":[{"taxonomy":"category","embeddable":true,"href":"http:\/\/www.pasadenahoy.com\/primero\/wp-json\/wp\/v2\/categories?post=9860"},{"taxonomy":"post_tag","embeddable":true,"href":"http:\/\/www.pasadenahoy.com\/primero\/wp-json\/wp\/v2\/tags?post=9860"}],"curies":[{"name":"wp","href":"https:\/\/api.w.org\/{rel}","templated":true}]}}