{"id":9864,"date":"2021-07-20T16:13:31","date_gmt":"2021-07-20T16:13:31","guid":{"rendered":"http:\/\/www.pasadenahoy.com\/primero\/?p=9864"},"modified":"2021-07-20T16:13:32","modified_gmt":"2021-07-20T16:13:32","slug":"el-consejo-quiere-pocos-cambios-en-las-lineas-del-distrito","status":"publish","type":"post","link":"http:\/\/www.pasadenahoy.com\/primero\/la-comunidad\/el-consejo-quiere-pocos-cambios-en-las-lineas-del-distrito\/","title":{"rendered":"El consejo quiere pocos cambios en las l\u00edneas del distrito"},"content":{"rendered":"\n<figure class=\"wp-block-image alignnone size-large\"><figure class=\"alignnone\"><img loading=\"lazy\" width=\"740\" height=\"400\" src=\"http:\/\/www.pasadenahoy.com\/primero\/wp-content\/uploads\/2021\/07\/pic-4-5.jpg\" alt=\"\" class=\"wp-image-9865\" srcset=\"http:\/\/www.pasadenahoy.com\/primero\/wp-content\/uploads\/2021\/07\/pic-4-5.jpg 740w, http:\/\/www.pasadenahoy.com\/primero\/wp-content\/uploads\/2021\/07\/pic-4-5-300x162.jpg 300w, http:\/\/www.pasadenahoy.com\/primero\/wp-content\/uploads\/2021\/07\/pic-4-5-241x130.jpg 241w, http:\/\/www.pasadenahoy.com\/primero\/wp-content\/uploads\/2021\/07\/pic-4-5-333x180.jpg 333w, http:\/\/www.pasadenahoy.com\/primero\/wp-content\/uploads\/2021\/07\/pic-4-5-700x378.jpg 700w, http:\/\/www.pasadenahoy.com\/primero\/wp-content\/uploads\/2021\/07\/pic-4-5-360x195.jpg 360w, http:\/\/www.pasadenahoy.com\/primero\/wp-content\/uploads\/2021\/07\/pic-4-5-720x389.jpg 720w\" sizes=\"100vw\" \/><\/figure><\/figure>\n\n\n\n<p>Los miembros del Concejo Municipal dijeron el lunes que todos los distritos del Concejo deber\u00edan continuar teniendo exposici\u00f3n a Colorado Boulevard y que las l\u00edneas de los distritos deber\u00edan preservarse tanto como sea posible.<\/p>\n\n\n\n<p>Actualmente, los siete distritos del Concejo Municipal contienen una parte de Colorado Boulevard, que durante mucho tiempo se ha considerado un componente importante del motor econ\u00f3mico de la ciudad.<\/p>\n\n\n\n<p>Los miembros del consejo tambi\u00e9n mencionaron la importancia del Desfile del Rose Bowl.<\/p>\n\n\n\n<p>\u201cCreo que la menor cantidad de cambios es mejor para brindar continuidad a los residentes y votantes\u201d, dijo la concejal Felicia Williams. &#8220;Creo que Colorado Boulevard sigue siendo relevante en t\u00e9rminos del desfile y el distrito central&#8221;.<\/p>\n\n\n\n<p>El problema surgi\u00f3 cuando la Ciudad proporcion\u00f3 orientaci\u00f3n al Grupo de Trabajo de Redistribuci\u00f3n de Distritos.<\/p>\n\n\n\n<p>Despu\u00e9s de cada conteo del censo de 10 a\u00f1os, la ciudad utiliza esa informaci\u00f3n para examinar a las personas que residen dentro de los l\u00edmites del distrito del Concejo Municipal existente para tener en cuenta los cambios en la poblaci\u00f3n.<\/p>\n\n\n\n<p>El Ayuntamiento ha establecido un Grupo de Trabajo de Redistribuci\u00f3n de Distritos de 12 miembros compuesto por residentes de Pasadena para examinar los cambios de poblaci\u00f3n y recomendar un plan de redistribuci\u00f3n de distritos al consejo para su consideraci\u00f3n.<\/p>\n\n\n\n<p>\u201cCreo que hay algo que decir para mantener los distritos lo m\u00e1s cerca posible de lo que son ahora\u201d, dijo el concejal John Kennedy.<\/p>\n\n\n\n<p>Hace diez a\u00f1os, la Asociaci\u00f3n de Vecinos del Centro de Pasadena pidi\u00f3 un distrito del consejo del centro. El lunes, Andy Wilson pidi\u00f3 al grupo de trabajo que examinara la creciente poblaci\u00f3n en esa \u00e1rea. Wilson no pidi\u00f3 la formaci\u00f3n de un nuevo distrito.<\/p>\n\n\n\n<p>El grupo de trabajo se encuentra actualmente en la etapa previa al mapeo del esfuerzo de redistribuci\u00f3n de distritos, centrado en la educaci\u00f3n, la capacitaci\u00f3n y la comprensi\u00f3n de los par\u00e1metros que gobiernan el proceso.<\/p>\n\n\n\n<p>El grupo de trabajo ha celebrado cuatro reuniones formales, y ha participado u observado en cinco de los siete talleres comunitarios id\u00e9nticos dise\u00f1ados para proporcionar al p\u00fablico informaci\u00f3n sobre el proceso de redistribuci\u00f3n de distritos y solicitar informaci\u00f3n de la comunidad de inter\u00e9s.<\/p>\n\n\n\n<p>Normalmente, la ciudad recibe recuentos de poblaci\u00f3n antes del trabajo del grupo de trabajo. Debido a las demoras en los datos causadas por la pandemia, el plan de trabajo se ha ajustado para comenzar la participaci\u00f3n de la comunidad antes de la publicaci\u00f3n de los datos.<\/p>\n\n\n\n<p>No se esperan datos preliminares de poblaci\u00f3n hasta alg\u00fan momento de agosto, y los datos finales de redistribuci\u00f3n de distritos para Pasadena est\u00e1n programados para publicarse en septiembre.<\/p>\n\n\n\n<p>La ciudad debe completar el proceso y adoptar cualquier cambio antes del 15 de diciembre.<br>More about this source textSource text required for additional translation information<\/p>\n","protected":false},"excerpt":{"rendered":"<p>Los miembros del Concejo Municipal dijeron el lunes que todos los distritos del Concejo deber\u00edan continuar teniendo exposici\u00f3n a Colorado Boulevard y que las l\u00edneas de los distritos deber\u00edan preservarse tanto como sea posible. Actualmente, los siete distritos del Concejo Municipal contienen una parte de Colorado Boulevard, que durante mucho tiempo se ha considerado un componente importante del motor econ\u00f3mico de la ciudad. Los miembros del consejo tambi\u00e9n mencionaron la importancia del Desfile del Rose Bowl. \u201cCreo que la menor [&hellip;]<\/p>\n","protected":false},"author":4,"featured_media":9865,"comment_status":"open","ping_status":"closed","sticky":false,"template":"","format":"standard","meta":[],"categories":[4],"tags":[],"acf":[],"_links":{"self":[{"href":"http:\/\/www.pasadenahoy.com\/primero\/wp-json\/wp\/v2\/posts\/9864"}],"collection":[{"href":"http:\/\/www.pasadenahoy.com\/primero\/wp-json\/wp\/v2\/posts"}],"about":[{"href":"http:\/\/www.pasadenahoy.com\/primero\/wp-json\/wp\/v2\/types\/post"}],"author":[{"embeddable":true,"href":"http:\/\/www.pasadenahoy.com\/primero\/wp-json\/wp\/v2\/users\/4"}],"replies":[{"embeddable":true,"href":"http:\/\/www.pasadenahoy.com\/primero\/wp-json\/wp\/v2\/comments?post=9864"}],"version-history":[{"count":2,"href":"http:\/\/www.pasadenahoy.com\/primero\/wp-json\/wp\/v2\/posts\/9864\/revisions"}],"predecessor-version":[{"id":9867,"href":"http:\/\/www.pasadenahoy.com\/primero\/wp-json\/wp\/v2\/posts\/9864\/revisions\/9867"}],"wp:featuredmedia":[{"embeddable":true,"href":"http:\/\/www.pasadenahoy.com\/primero\/wp-json\/wp\/v2\/media\/9865"}],"wp:attachment":[{"href":"http:\/\/www.pasadenahoy.com\/primero\/wp-json\/wp\/v2\/media?parent=9864"}],"wp:term":[{"taxonomy":"category","embeddable":true,"href":"http:\/\/www.pasadenahoy.com\/primero\/wp-json\/wp\/v2\/categories?post=9864"},{"taxonomy":"post_tag","embeddable":true,"href":"http:\/\/www.pasadenahoy.com\/primero\/wp-json\/wp\/v2\/tags?post=9864"}],"curies":[{"name":"wp","href":"https:\/\/api.w.org\/{rel}","templated":true}]}}