{"id":9872,"date":"2021-07-20T16:31:00","date_gmt":"2021-07-20T16:31:00","guid":{"rendered":"http:\/\/www.pasadenahoy.com\/primero\/?p=9872"},"modified":"2021-07-20T16:31:02","modified_gmt":"2021-07-20T16:31:02","slug":"el-ayuntamiento-asigna-fondos-de-subvencion-del-departamento-de-justicia-para-reducir-la-reincidencia-en-pasadena","status":"publish","type":"post","link":"http:\/\/www.pasadenahoy.com\/primero\/el-gobierno-local\/el-ayuntamiento-asigna-fondos-de-subvencion-del-departamento-de-justicia-para-reducir-la-reincidencia-en-pasadena\/","title":{"rendered":"El Ayuntamiento asigna fondos de subvenci\u00f3n del Departamento de Justicia para reducir la reincidencia en Pasadena"},"content":{"rendered":"\n<figure class=\"wp-block-image alignnone size-large\"><figure class=\"alignnone\"><img loading=\"lazy\" width=\"740\" height=\"400\" src=\"http:\/\/www.pasadenahoy.com\/primero\/wp-content\/uploads\/2021\/07\/pic-6-6.jpg\" alt=\"\" class=\"wp-image-9873\" srcset=\"http:\/\/www.pasadenahoy.com\/primero\/wp-content\/uploads\/2021\/07\/pic-6-6.jpg 740w, http:\/\/www.pasadenahoy.com\/primero\/wp-content\/uploads\/2021\/07\/pic-6-6-300x162.jpg 300w, http:\/\/www.pasadenahoy.com\/primero\/wp-content\/uploads\/2021\/07\/pic-6-6-241x130.jpg 241w, http:\/\/www.pasadenahoy.com\/primero\/wp-content\/uploads\/2021\/07\/pic-6-6-333x180.jpg 333w, http:\/\/www.pasadenahoy.com\/primero\/wp-content\/uploads\/2021\/07\/pic-6-6-700x378.jpg 700w, http:\/\/www.pasadenahoy.com\/primero\/wp-content\/uploads\/2021\/07\/pic-6-6-360x195.jpg 360w, http:\/\/www.pasadenahoy.com\/primero\/wp-content\/uploads\/2021\/07\/pic-6-6-720x389.jpg 720w\" sizes=\"100vw\" \/><\/figure><\/figure>\n\n\n\n<p>El Concejo Municipal vot\u00f3 para reconocer $ 1 mill\u00f3n y apropiarse $ 333,333 en fondos de subvenci\u00f3n de la Iniciativa de Reinversi\u00f3n de Justicia del Departamento de Justicia y aumentar la asignaci\u00f3n de personal en 1 puesto de empleado de tiempo completo de tiempo limitado.<\/p>\n\n\n\n<p>Seg\u00fan un informe del personal, la Oficina del Fiscal de la Ciudad de Pasadena es responsable de m\u00e1s de 1,500 acusados \u200b\u200bque tienen antecedentes penales violentos o graves. Este es un alto porcentaje del total en comparaci\u00f3n con otras agencias, dado que la poblaci\u00f3n de Pasadena es de aproximadamente 150,000.<\/p>\n\n\n\n<p>Seg\u00fan el informe, Pasadena se ve afectada de manera desproporcionada por acusados \u200b\u200bcon antecedentes penales violentos o graves.<\/p>\n\n\n\n<p>El objetivo general del proyecto es fortalecer el proceso de derivaci\u00f3n de los tribunales y la polic\u00eda a las organizaciones de tratamiento, en particular los recursos que est\u00e1n lo m\u00e1s cerca posible de Pasadena, y al mismo tiempo proporcionar una gesti\u00f3n de casos que reducir\u00e1 la reincidencia.<\/p>\n\n\n\n<p>Con los nuevos recursos de la subvenci\u00f3n, la Oficina del Fiscal de la Ciudad de Pasadena estima que el n\u00famero de casos de los atendidos aumentar\u00e1 de 1,500 a 2,000 en un momento dado, cerrando una importante brecha de servicio existente.<\/p>\n\n\n\n<p>California tiene la tasa de reincidencia m\u00e1s alta de la naci\u00f3n. M\u00e1s del 65% de los liberados del sistema penitenciario de California regresan dentro de los tres a\u00f1os. El 73% de los reincidentes cometieron un nuevo delito dentro del a\u00f1o de su liberaci\u00f3n.<\/p>\n\n\n\n<p>Para el condado de Los \u00c1ngeles y Pasadena, esos n\u00fameros son a\u00fan m\u00e1s altos, superando el 75%.<\/p>\n\n\n\n<p>\u201cEste n\u00famero tampoco incluye a aquellos que han cometido delitos violentos o graves, pero que no son enviados a la prisi\u00f3n estatal, sino que son enviados a la c\u00e1rcel del condado y luego reinciden\u201d, seg\u00fan un informe del personal. \u201cLa tasa de reincidencia de estos individuos es astron\u00f3mica. Las estad\u00edsticas muestran que casi el 75% de las personas con antecedentes de delitos violentos o graves que son enviados a la c\u00e1rcel del condado volver\u00e1n a delinquir dentro de los 3 a\u00f1os. Esta estad\u00edstica parece reflejar la tasa de prisi\u00f3n estatal para delincuentes violentos &#8220;.<\/p>\n\n\n\n<p>Tambi\u00e9n en el calendario de consentimiento del lunes:<\/p>\n\n\n\n<p>El Ayuntamiento tambi\u00e9n aprob\u00f3 la presentaci\u00f3n de un cambio de clasificaci\u00f3n funcional para calles y carreteras locales a Caltrans.<br>Si el consejo aprueba la resoluci\u00f3n a trav\u00e9s de una moci\u00f3n de barrido, las siguientes calles se reclasificar\u00edan a una carretera local desde una carretera principal de recolecci\u00f3n:<\/p>\n\n\n\n<p>\u2022 Howard Street desde Fair Oaks Avenue hasta Lake Avenue<br>\u2022 Howard Street desde Arroyo Boulevard hasta Forest Avenue<br>\u2022 Lombardy Road desde Arden Road hasta 200 pies al oeste de Allen Avenue<br>\u2022 Lombardy Road desde 400 pies al oeste de La Presa Drive hasta 650 pies al este de La Presa Drive<br>\u2022 Calle Montana desde la avenida Marengo hasta la avenida Los Robles<br>\u2022 Avenida Sierra Bonita desde Washington Boulevard hasta Villa Street<br>\u2022 Sunnyslope Avenue desde Walnut Street hasta Del Mar Boulevard<br>\u2022 Villa Street desde Sierra Madre Boulevard hasta Sunnyslope Avenue<\/p>\n\n\n\n<p>\u201cTodas las carreteras y caminos en los Estados Unidos se clasifican funcionalmente usando una nomenclatura com\u00fan desarrollada por la Administraci\u00f3n Federal de Carreteras (FHWA) para proporcionar una red de caminos definida consistentemente en todo el pa\u00eds\u201d, seg\u00fan un informe del personal. &#8220;Los Departamentos de Transporte del Estado est\u00e1n encargados de garantizar que la clasificaci\u00f3n funcional de sus carreteras se mantenga actualizada&#8221;.<\/p>\n\n\n\n<p>Marengo Avenue desde 230 pies al norte de Montana Street hasta Washington Boulevard se reclasificar\u00eda a una carretera local desde una carretera arterial menor.<\/p>\n\n\n\n<p>La reclasificaci\u00f3n de segmentos de carreteras a calles locales permite establecer el l\u00edmite de velocidad en 25 mph sin la necesidad de realizar un estudio de ingenier\u00eda y tr\u00e1fico. La encuesta es necesaria para establecer l\u00edmites de velocidad en calles no locales. Adem\u00e1s, esta reclasificaci\u00f3n permite a la ciudad aplicar potencialmente varios tratamientos para calmar el tr\u00e1fico que est\u00e1n reservados para las calles locales a trav\u00e9s de las pol\u00edticas de la ciudad.<\/p>\n\n\n\n<p>Walnut Street desde Foothill Boulevard hasta Kinneloa Avenue y Kinneloa Avenue desde Foothill Boulevard hasta Walnut Street se reclasificar\u00eda como una carretera principal colectora de la carretera local.<\/p>\n\n\n\n<p>La reclasificaci\u00f3n a colector principal de Walnut Street y Kinneloa Avenue coincidir\u00e1 con las caracter\u00edsticas de las carreteras existentes, como el n\u00famero de carriles de circulaci\u00f3n, la velocidad, el volumen de tr\u00e1fico, la distancia y los puntos de acceso a la clasificaci\u00f3n de carreteras adecuada.<\/p>\n\n\n\n<p>Como parte del calendario de consentimiento del lunes, el Ayuntamiento tambi\u00e9n aprob\u00f3:<\/p>\n\n\n\n<p>\u2022 Una orden de compra de $ 1,128,000 con Westco Distribution para cables el\u00e9ctricos para \u00e1rboles. El Departamento de Agua y Energ\u00eda de Pasadena ha estado instalando con \u00e9xito cables el\u00e9ctricos a\u00e9reos cubiertos en su sistema de distribuci\u00f3n durante m\u00e1s de dos d\u00e9cadas. Las instalaciones han resultado en cortes de energ\u00eda reducidos normalmente causados \u200b\u200bpor el contacto moment\u00e1neo de cables el\u00e9ctricos a\u00e9reos con ramas de \u00e1rboles u otros conductores.<\/p>\n\n\n\n<p>\u2022 Un contrato que no exceda los $ 334,058 con Parkia Inc. para el Proyecto de conversi\u00f3n de Dunham Alley. El personal planea actualizar el sistema de 4kV existente a 17kV para circuitos el\u00e9ctricos a lo largo de Dunham Alley desde Sinaloa hasta Hamilton. Este proyecto que incluye<\/p>\n\n\n\n<p>El presupuesto de capital adoptado en el a\u00f1o fiscal 2022 resolver\u00e1 los problemas de calidad de la energ\u00eda, como la ca\u00edda de voltaje durante los meses de verano y agregar\u00e1 capacidad el\u00e9ctrica a los circuitos mejorados para el crecimiento futuro de la carga.<\/p>\n\n\n\n<p>\u2022 Una orden de compra de $ 375,000 con Toter, LLC para la compra de 7,000 contenedores de basura automatizados rotomoldeados. Toter, LLC es el \u00fanico fabricante de contenedores de basura automatizados rotomoldeados que vienen en tama\u00f1os de 32, 64 y 96 galones, que son los tres tama\u00f1os espec\u00edficos que los residentes pueden elegir a trav\u00e9s del programa de recolecci\u00f3n de basura &#8220;Pay as You Throw&#8221; de la ciudad.<\/p>\n\n\n\n<p>\u2022 Un contrato de $ 219,507 con EagleShield Pest Control para abordar de manera integral las diversas necesidades de control de plagas en las instalaciones de la ciudad. La Divisi\u00f3n de Gesti\u00f3n de Flotas y Sistemas de Construcci\u00f3n del Departamento de Obras P\u00fablicas de la ciudad de Pasadena (BSFMD) es responsable del control de plagas interior y exterior de 37 sitios. BSFMD se est\u00e1 alineando con los est\u00e1ndares y la metodolog\u00eda del programa de Manejo Integrado de Plagas (IPM) de la Universidad de California.<\/p>\n\n\n\n<p>\u2022 Una orden de compra a Los Angeles Truck Centers, LLC dba Velocity Vehicle Group para la compra de ocho empacadores de basura autom\u00e1ticos de carga lateral renovable de gas natural comprimido (GNC) por un total de $ 3,170,903. Ocho empacadores de basura de carga lateral automatizados de GNC renovables necesitan ser reemplazados. Los veh\u00edculos reemplazados tienen 10 a\u00f1os y han llegado al final de su vida \u00fatil. Tras la entrega de los veh\u00edculos de basura de reemplazo, estos veh\u00edculos se enviar\u00e1n a subasta seg\u00fan la pol\u00edtica de la ciudad.<\/p>\n\n\n\n<p>\u2022 Un contrato de $ 500,000 para la instalaci\u00f3n de un nuevo sem\u00e1foro en la intersecci\u00f3n de South Fair Oaks Avenue y Bellevue Drive.<\/p>\n\n\n\n<p>\u2022 Un total de $ 450,000 en contratos con Arnolds and Walters Telecommunications Consultants y Magellan Advisors para servicios de administraci\u00f3n de construcci\u00f3n e ingenier\u00eda de redes de fibra.<\/p>\n\n\n\n<p><\/p>\n","protected":false},"excerpt":{"rendered":"<p>El Concejo Municipal vot\u00f3 para reconocer $ 1 mill\u00f3n y apropiarse $ 333,333 en fondos de subvenci\u00f3n de la Iniciativa de Reinversi\u00f3n de Justicia del Departamento de Justicia y aumentar la asignaci\u00f3n de personal en 1 puesto de empleado de tiempo completo de tiempo limitado. Seg\u00fan un informe del personal, la Oficina del Fiscal de la Ciudad de Pasadena es responsable de m\u00e1s de 1,500 acusados \u200b\u200bque tienen antecedentes penales violentos o graves. Este es un alto porcentaje del total [&hellip;]<\/p>\n","protected":false},"author":4,"featured_media":0,"comment_status":"open","ping_status":"closed","sticky":false,"template":"","format":"standard","meta":[],"categories":[6],"tags":[],"acf":[],"_links":{"self":[{"href":"http:\/\/www.pasadenahoy.com\/primero\/wp-json\/wp\/v2\/posts\/9872"}],"collection":[{"href":"http:\/\/www.pasadenahoy.com\/primero\/wp-json\/wp\/v2\/posts"}],"about":[{"href":"http:\/\/www.pasadenahoy.com\/primero\/wp-json\/wp\/v2\/types\/post"}],"author":[{"embeddable":true,"href":"http:\/\/www.pasadenahoy.com\/primero\/wp-json\/wp\/v2\/users\/4"}],"replies":[{"embeddable":true,"href":"http:\/\/www.pasadenahoy.com\/primero\/wp-json\/wp\/v2\/comments?post=9872"}],"version-history":[{"count":2,"href":"http:\/\/www.pasadenahoy.com\/primero\/wp-json\/wp\/v2\/posts\/9872\/revisions"}],"predecessor-version":[{"id":9875,"href":"http:\/\/www.pasadenahoy.com\/primero\/wp-json\/wp\/v2\/posts\/9872\/revisions\/9875"}],"wp:attachment":[{"href":"http:\/\/www.pasadenahoy.com\/primero\/wp-json\/wp\/v2\/media?parent=9872"}],"wp:term":[{"taxonomy":"category","embeddable":true,"href":"http:\/\/www.pasadenahoy.com\/primero\/wp-json\/wp\/v2\/categories?post=9872"},{"taxonomy":"post_tag","embeddable":true,"href":"http:\/\/www.pasadenahoy.com\/primero\/wp-json\/wp\/v2\/tags?post=9872"}],"curies":[{"name":"wp","href":"https:\/\/api.w.org\/{rel}","templated":true}]}}