{"id":9883,"date":"2021-07-21T15:54:36","date_gmt":"2021-07-21T15:54:36","guid":{"rendered":"http:\/\/www.pasadenahoy.com\/primero\/?p=9883"},"modified":"2021-07-21T15:54:37","modified_gmt":"2021-07-21T15:54:37","slug":"vacunas-obligatorias-no-previstas-para-el-pusd","status":"publish","type":"post","link":"http:\/\/www.pasadenahoy.com\/primero\/la-comunidad\/vacunas-obligatorias-no-previstas-para-el-pusd\/","title":{"rendered":"Vacunas obligatorias no previstas para el PUSD"},"content":{"rendered":"\n<figure class=\"wp-block-image alignnone size-large\"><figure class=\"alignnone\"><img loading=\"lazy\" width=\"740\" height=\"400\" src=\"http:\/\/www.pasadenahoy.com\/primero\/wp-content\/uploads\/2021\/07\/pic-1-10.jpg\" alt=\"\" class=\"wp-image-9884\" srcset=\"http:\/\/www.pasadenahoy.com\/primero\/wp-content\/uploads\/2021\/07\/pic-1-10.jpg 740w, http:\/\/www.pasadenahoy.com\/primero\/wp-content\/uploads\/2021\/07\/pic-1-10-300x162.jpg 300w, http:\/\/www.pasadenahoy.com\/primero\/wp-content\/uploads\/2021\/07\/pic-1-10-241x130.jpg 241w, http:\/\/www.pasadenahoy.com\/primero\/wp-content\/uploads\/2021\/07\/pic-1-10-333x180.jpg 333w, http:\/\/www.pasadenahoy.com\/primero\/wp-content\/uploads\/2021\/07\/pic-1-10-700x378.jpg 700w, http:\/\/www.pasadenahoy.com\/primero\/wp-content\/uploads\/2021\/07\/pic-1-10-360x195.jpg 360w, http:\/\/www.pasadenahoy.com\/primero\/wp-content\/uploads\/2021\/07\/pic-1-10-720x389.jpg 720w\" sizes=\"100vw\" \/><figcaption><span class=\"caption-text\">Cl\u00ednica de vacunaci\u00f3n a principios de este a\u00f1o en Pasadena High School (Foto de archivo, cortes\u00eda de la ciudad de Pasadena)<\/span><\/figcaption><\/figure><\/figure>\n\n\n\n<p>Un d\u00eda despu\u00e9s de que el administrador de la ciudad, Steve Mermell, dijera que se est\u00e1 desarrollando una pol\u00edtica que requerir\u00e1 que todos los empleados de la ciudad se vacunen contra el COVID-19, el superintendente del Distrito Escolar Unificado de Pasadena, Brian McDonald, le dijo a Pasadena Now que las vacunas siguen siendo voluntarias para los empleados del distrito escolar.<\/p>\n\n\n\n<p>&#8220;Las vacunas obligatorias para los ni\u00f1os son establecidas por el departamento de salud p\u00fablica del estado&#8221;, dijo McDonald. \u201cEn cuanto a los empleados, las vacunas no son obligatorias en este momento y es algo que la Junta de Educaci\u00f3n deber\u00e1 discutir. El PUSD recomienda encarecidamente a cualquier persona que sea elegible para recibir la vacuna \u201d.<\/p>\n\n\n\n<p>El presidente de la Junta de Educaci\u00f3n de Pasadena, Scott Phelps, dijo el martes a Pasadena Now que no tiene conocimiento de ning\u00fan plan para exigir que los empleados o estudiantes del distrito se vacunen contra el COVID-19.<\/p>\n\n\n\n<p>En la reuni\u00f3n del Concejo Municipal del lunes, Mermell anunci\u00f3 que le hab\u00eda pedido al jefe del Departamento de Recursos Humanos de la ciudad que desarrollara una pol\u00edtica que requiera que todos los empleados de la ciudad est\u00e9n vacunados.<\/p>\n\n\n\n<p>Actualmente, aproximadamente el 60% de los 2.000 empleados de la ciudad han dado fe de estar completamente vacunados, seg\u00fan Lisa Derderian, oficial de informaci\u00f3n p\u00fablica de Pasadena.<\/p>\n\n\n\n<p>\u201cSin embargo, dado el riesgo continuo que representa el COVID-19, la tendencia al alza en casos positivos y la variante Delta, una pol\u00edtica de vacuna es lo correcto para fomentar un ambiente de trabajo seguro y proteger la salud y seguridad de los empleados de la ciudad de Pasadena. y el p\u00fablico al que servimos \u201d, dijo Derderian.<\/p>\n\n\n\n<p>\u201cLa pol\u00edtica de vacunas se est\u00e1 desarrollando y no se espera su implementaci\u00f3n hasta despu\u00e9s de que la Administraci\u00f3n de Alimentos y Medicamentos (FDA) d\u00e9 la aprobaci\u00f3n final a al menos una vacuna COVID-19\u201d, dijo.<\/p>\n\n\n\n<p>Pasadena, que ser\u00eda la primera ciudad del sur de California en iniciar una pol\u00edtica de este tipo, sigue anuncios similares del sistema de la Universidad de California, el sistema de la Universidad Cal State y la ciudad y el condado de San Francisco, que recientemente anunciaron pol\u00edticas similares, dijo Derderian.<\/p>\n\n\n\n<p>Aproximadamente el 80% de la poblaci\u00f3n de la ciudad mayor de 12 a\u00f1os ha sido vacunada, seg\u00fan funcionarios de la ciudad.<\/p>\n\n\n\n<p>La variante Delta, que es m\u00e1s contagiosa que COVID prime, es la variante dominante de la enfermedad.<\/p>\n\n\n\n<p>El lunes, la directora de Salud P\u00fablica de Pasadena, la Dra. Ying-Ying Goh, le dijo al Ayuntamiento que pronto ordenar\u00eda el uso de enmascaramiento en interiores.<\/p>\n\n\n\n<p>Seg\u00fan el anuncio sobre el enmascaramiento, &#8220;Pasadena ahora cumple con la definici\u00f3n de los CDC de &#8216;transmisi\u00f3n sustancial&#8217; de COVID-19&#8221;.<\/p>\n\n\n\n<p>Si bien las tasas de casos de Pasadena fueron m\u00e1s bajas que las del condado de Los \u00c1ngeles la semana pasada, las tasas de casos de los fines de semana continuaron aumentando, y los funcionarios de salud de la ciudad informaron 51 nuevas infecciones entre el s\u00e1bado y el s\u00e1bado.<\/p>\n\n\n\n<p>Lunes, pero no m\u00e1s muertes.<\/p>\n\n\n\n<p>En total, Pasadena ha reportado 11,558 casos de COVID-19 y 351 muertes.<\/p>\n\n\n\n<p>Est\u00e1 previsto que Goh hable ante la junta escolar el 29 de julio.<\/p>\n\n\n\n<p>Por ahora, no hay planes de cerrar escuelas o negocios locales.<\/p>\n","protected":false},"excerpt":{"rendered":"<p>Un d\u00eda despu\u00e9s de que el administrador de la ciudad, Steve Mermell, dijera que se est\u00e1 desarrollando una pol\u00edtica que requerir\u00e1 que todos los empleados de la ciudad se vacunen contra el COVID-19, el superintendente del Distrito Escolar Unificado de Pasadena, Brian McDonald, le dijo a Pasadena Now que las vacunas siguen siendo voluntarias para los empleados del distrito escolar. &#8220;Las vacunas obligatorias para los ni\u00f1os son establecidas por el departamento de salud p\u00fablica del estado&#8221;, dijo McDonald. \u201cEn cuanto [&hellip;]<\/p>\n","protected":false},"author":4,"featured_media":9884,"comment_status":"open","ping_status":"closed","sticky":false,"template":"","format":"standard","meta":[],"categories":[4],"tags":[],"acf":[],"_links":{"self":[{"href":"http:\/\/www.pasadenahoy.com\/primero\/wp-json\/wp\/v2\/posts\/9883"}],"collection":[{"href":"http:\/\/www.pasadenahoy.com\/primero\/wp-json\/wp\/v2\/posts"}],"about":[{"href":"http:\/\/www.pasadenahoy.com\/primero\/wp-json\/wp\/v2\/types\/post"}],"author":[{"embeddable":true,"href":"http:\/\/www.pasadenahoy.com\/primero\/wp-json\/wp\/v2\/users\/4"}],"replies":[{"embeddable":true,"href":"http:\/\/www.pasadenahoy.com\/primero\/wp-json\/wp\/v2\/comments?post=9883"}],"version-history":[{"count":2,"href":"http:\/\/www.pasadenahoy.com\/primero\/wp-json\/wp\/v2\/posts\/9883\/revisions"}],"predecessor-version":[{"id":9886,"href":"http:\/\/www.pasadenahoy.com\/primero\/wp-json\/wp\/v2\/posts\/9883\/revisions\/9886"}],"wp:featuredmedia":[{"embeddable":true,"href":"http:\/\/www.pasadenahoy.com\/primero\/wp-json\/wp\/v2\/media\/9884"}],"wp:attachment":[{"href":"http:\/\/www.pasadenahoy.com\/primero\/wp-json\/wp\/v2\/media?parent=9883"}],"wp:term":[{"taxonomy":"category","embeddable":true,"href":"http:\/\/www.pasadenahoy.com\/primero\/wp-json\/wp\/v2\/categories?post=9883"},{"taxonomy":"post_tag","embeddable":true,"href":"http:\/\/www.pasadenahoy.com\/primero\/wp-json\/wp\/v2\/tags?post=9883"}],"curies":[{"name":"wp","href":"https:\/\/api.w.org\/{rel}","templated":true}]}}