{"id":9887,"date":"2021-07-21T16:07:59","date_gmt":"2021-07-21T16:07:59","guid":{"rendered":"http:\/\/www.pasadenahoy.com\/primero\/?p=9887"},"modified":"2021-07-21T16:08:01","modified_gmt":"2021-07-21T16:08:01","slug":"80-5-de-los-habitantes-de-pasadena-vacunados-contra-covid-19","status":"publish","type":"post","link":"http:\/\/www.pasadenahoy.com\/primero\/la-comunidad\/80-5-de-los-habitantes-de-pasadena-vacunados-contra-covid-19\/","title":{"rendered":"80.5% de los habitantes de Pasadena vacunados contra COVID-19"},"content":{"rendered":"\n<figure class=\"wp-block-image alignnone size-large\"><figure class=\"alignnone\"><img loading=\"lazy\" width=\"740\" height=\"399\" src=\"http:\/\/www.pasadenahoy.com\/primero\/wp-content\/uploads\/2021\/07\/pic2.png\" alt=\"\" class=\"wp-image-9888\" srcset=\"http:\/\/www.pasadenahoy.com\/primero\/wp-content\/uploads\/2021\/07\/pic2.png 740w, http:\/\/www.pasadenahoy.com\/primero\/wp-content\/uploads\/2021\/07\/pic2-300x162.png 300w, http:\/\/www.pasadenahoy.com\/primero\/wp-content\/uploads\/2021\/07\/pic2-241x130.png 241w, http:\/\/www.pasadenahoy.com\/primero\/wp-content\/uploads\/2021\/07\/pic2-334x180.png 334w, http:\/\/www.pasadenahoy.com\/primero\/wp-content\/uploads\/2021\/07\/pic2-700x377.png 700w, http:\/\/www.pasadenahoy.com\/primero\/wp-content\/uploads\/2021\/07\/pic2-360x194.png 360w, http:\/\/www.pasadenahoy.com\/primero\/wp-content\/uploads\/2021\/07\/pic2-720x388.png 720w\" sizes=\"100vw\" \/><\/figure><\/figure>\n\n\n\n<p>M\u00e1s del 80% de los residentes de Pasadena mayores de la edad m\u00ednima elegible de 12 a\u00f1os han sido vacunados contra COVID-19, dijeron el martes funcionarios de salud p\u00fablica.<\/p>\n\n\n\n<p>Adem\u00e1s del 80,5% de la poblaci\u00f3n local que ha sido completamente vacunada, otro 8,4% de los residentes ha recibido dosis \u00fanicas de reg\u00edmenes de vacunas de dos dosis, seg\u00fan el Departamento de Salud P\u00fablica de Pasadena.<\/p>\n\n\n\n<p>La Dra. Kimberly Shriner, especialista en enfermedades infecciosas del Huntington Hospital, advirti\u00f3 que el virus, y especialmente la variante Delta, representa una amenaza significativa e inst\u00f3 a todos los que son elegibles para la vacunaci\u00f3n pero no lo han hecho a que se vacunen.<\/p>\n\n\n\n<p>\u201cLas personas no vacunadas corren un gran riesgo de infecci\u00f3n con esta forma muy agresiva y letal de SARSCoV2. \u201cDe hecho, es en muchos sentidos una segunda pandemia; un pat\u00f3geno m\u00e1s nuevo y feroz arrasando a los no vacunados. Los vulnerables entre nosotros son los inmunodeficientes que pueden no responder a las vacunas y los ni\u00f1os que ni siquiera tienen la opci\u00f3n de vacunarse en este momento \u201d, dijo Shriner.<\/p>\n\n\n\n<p>\u201cEs responsabilidad de todos nosotros, incluidos los no vacunados, proteger a estas poblaciones\u201d, dijo.<\/p>\n\n\n\n<p>Los funcionarios de Pasadena Health anunciaron el lunes que ten\u00edan la intenci\u00f3n de exigir que las m\u00e1scaras se usen en interiores en un futuro cercano, en l\u00ednea con la pol\u00edtica del Departamento de Salud del Condado de Los \u00c1ngeles.<\/p>\n\n\n\n<p>El martes se detectaron catorce nuevas infecciones en la ciudad, seg\u00fan los registros de la ciudad. No se reportaron muertes.<\/p>\n\n\n\n<p>En total, Pasadena ha visto 11,572 casos del virus y 351 muertes.<\/p>\n\n\n\n<p>El n\u00famero medio diario de infecciones durante la semana anterior se mantuvo estable en 14,4<\/p>\n\n\n\n<p>Los funcionarios del Hospital Huntington informaron que 12 pacientes con COVID-19 estaban siendo tratados en las instalaciones el martes, frente a los ocho de la semana pasada. Uno de los pacientes estaba siendo atendido en una unidad de cuidados intensivos.<\/p>\n\n\n\n<p>Las infecciones continuaron aumentando en todo el condado, con 1,821 nuevas infecciones y cinco muertes reportadas el domingo, lo que eleva el total de pandemias del condado de Los \u00c1ngeles a 1,270,886 casos confirmados de COVID-19 y 24,587 muertes.<\/p>\n\n\n\n<p>Las autoridades informaron que 544 pacientes fueron hospitalizados con el virus el martes, y el 22% de esas personas fueron tratadas en unidades de cuidados intensivos, seg\u00fan un comunicado del Departamento de Salud P\u00fablica del condado de Los \u00c1ngeles.<\/p>\n\n\n\n<p>\u201cHace dos semanas, hab\u00eda 273 personas hospitalizadas con la enfermedad COVID-19\u201d, dice el comunicado.<\/p>\n\n\n\n<p>La directora de salud p\u00fablica del condado de Los \u00c1ngeles, la Dra. Barbara Ferrer, reiter\u00f3 que la inmensa mayor\u00eda de las infecciones recientes se pueden prevenir.<\/p>\n\n\n\n<p>\u201cLa mayor\u00eda de las enfermedades y muertes que experimentan los residentes del condado de Los \u00c1ngeles por COVID-19 se pueden prevenir debido a la disponibilidad actual de vacunas. Y aunque las vacunas no son perfectas para prevenir todas las infecciones y enfermedades, contin\u00faan ofreciendo una herramienta poderosa para reducir la transmisi\u00f3n \u201d, dijo Ferrer.<\/p>\n\n\n\n<p>Agregar enmascaramiento para todos en el interior proporciona una capa adicional de protecci\u00f3n para contrarrestar la variante Delta muy infecciosa \u201d, dijo Ferrer. &#8220;Y si bien es decepcionante que nuevamente estemos presenciando un aumento en los casos, el cumplimiento de la nueva directiva de mascarillas y el aumento de las tasas de vacunaci\u00f3n nos brindan estrategias para volver a las bajas tasas de transmisi\u00f3n&#8221;.<\/p>\n\n\n\n<p>Los funcionarios estatales de salud p\u00fablica documentaron 4.723 infecciones y cuatro muertes el martes, elevando los totales del estado a 3.767.185 casos de COVID-19 y 63.653 muertes asociadas.<\/p>\n\n\n\n<p>La tasa de positividad promedio en todo el estado continu\u00f3 con una tendencia al alza al 4.2%, seg\u00fan los datos del Departamento de Salud P\u00fablica de California.<\/p>\n\n\n\n<p>Hasta el martes, el condado de Los \u00c1ngeles representaba el 34% de las infecciones por COVID-19 de California y el 39% de las muertes del estado.<\/p>\n\n\n\n<figure class=\"wp-block-embed-twitter wp-block-embed is-type-rich is-provider-twitter\"><div class=\"wp-block-embed__wrapper\">\n<blockquote class=\"twitter-tweet\" data-width=\"550\" data-dnt=\"true\"><p lang=\"en\" dir=\"ltr\">The very dangerous <a href=\"https:\/\/twitter.com\/hashtag\/DeltaVariant?src=hash&amp;ref_src=twsrc%5Etfw\">#DeltaVariant<\/a> has already been detected in our community, and it poses the greatest risk to the unvaccinated. Huntington Hospital&#39;s Dr. Kimberly Shriner urges everyone who is eligible to <a href=\"https:\/\/twitter.com\/hashtag\/GetVaccinated?src=hash&amp;ref_src=twsrc%5Etfw\">#GetVaccinated<\/a> today! Read her full message at <a href=\"https:\/\/t.co\/3qT1LfKm2b\">https:\/\/t.co\/3qT1LfKm2b<\/a>. <a href=\"https:\/\/t.co\/MgF0QQiR3O\">pic.twitter.com\/MgF0QQiR3O<\/a><\/p>&mdash; City of Pasadena (@PasadenaGov) <a href=\"https:\/\/twitter.com\/PasadenaGov\/status\/1417516031879254017?ref_src=twsrc%5Etfw\">July 20, 2021<\/a><\/blockquote><script async src=\"https:\/\/platform.twitter.com\/widgets.js\" charset=\"utf-8\"><\/script>\n<\/div><\/figure>\n","protected":false},"excerpt":{"rendered":"<p>M\u00e1s del 80% de los residentes de Pasadena mayores de la edad m\u00ednima elegible de 12 a\u00f1os han sido vacunados contra COVID-19, dijeron el martes funcionarios de salud p\u00fablica. Adem\u00e1s del 80,5% de la poblaci\u00f3n local que ha sido completamente vacunada, otro 8,4% de los residentes ha recibido dosis \u00fanicas de reg\u00edmenes de vacunas de dos dosis, seg\u00fan el Departamento de Salud P\u00fablica de Pasadena. La Dra. Kimberly Shriner, especialista en enfermedades infecciosas del Huntington Hospital, advirti\u00f3 que el virus, [&hellip;]<\/p>\n","protected":false},"author":4,"featured_media":9888,"comment_status":"open","ping_status":"closed","sticky":false,"template":"","format":"standard","meta":[],"categories":[4],"tags":[],"acf":[],"_links":{"self":[{"href":"http:\/\/www.pasadenahoy.com\/primero\/wp-json\/wp\/v2\/posts\/9887"}],"collection":[{"href":"http:\/\/www.pasadenahoy.com\/primero\/wp-json\/wp\/v2\/posts"}],"about":[{"href":"http:\/\/www.pasadenahoy.com\/primero\/wp-json\/wp\/v2\/types\/post"}],"author":[{"embeddable":true,"href":"http:\/\/www.pasadenahoy.com\/primero\/wp-json\/wp\/v2\/users\/4"}],"replies":[{"embeddable":true,"href":"http:\/\/www.pasadenahoy.com\/primero\/wp-json\/wp\/v2\/comments?post=9887"}],"version-history":[{"count":2,"href":"http:\/\/www.pasadenahoy.com\/primero\/wp-json\/wp\/v2\/posts\/9887\/revisions"}],"predecessor-version":[{"id":9890,"href":"http:\/\/www.pasadenahoy.com\/primero\/wp-json\/wp\/v2\/posts\/9887\/revisions\/9890"}],"wp:featuredmedia":[{"embeddable":true,"href":"http:\/\/www.pasadenahoy.com\/primero\/wp-json\/wp\/v2\/media\/9888"}],"wp:attachment":[{"href":"http:\/\/www.pasadenahoy.com\/primero\/wp-json\/wp\/v2\/media?parent=9887"}],"wp:term":[{"taxonomy":"category","embeddable":true,"href":"http:\/\/www.pasadenahoy.com\/primero\/wp-json\/wp\/v2\/categories?post=9887"},{"taxonomy":"post_tag","embeddable":true,"href":"http:\/\/www.pasadenahoy.com\/primero\/wp-json\/wp\/v2\/tags?post=9887"}],"curies":[{"name":"wp","href":"https:\/\/api.w.org\/{rel}","templated":true}]}}