{"id":9891,"date":"2021-07-21T16:13:26","date_gmt":"2021-07-21T16:13:26","guid":{"rendered":"http:\/\/www.pasadenahoy.com\/primero\/?p=9891"},"modified":"2021-07-21T16:13:27","modified_gmt":"2021-07-21T16:13:27","slug":"el-condado-de-los-angeles-marca-el-duodecimo-dia-consecutivo-de-mas-de-1000-casos-de-covid-hospitalizaciones-en-el-condado-cerca-de-600","status":"publish","type":"post","link":"http:\/\/www.pasadenahoy.com\/primero\/la-comunidad\/el-condado-de-los-angeles-marca-el-duodecimo-dia-consecutivo-de-mas-de-1000-casos-de-covid-hospitalizaciones-en-el-condado-cerca-de-600\/","title":{"rendered":"El condado de Los \u00c1ngeles marca el duod\u00e9cimo d\u00eda consecutivo de m\u00e1s de 1000 casos de COVID; Hospitalizaciones en el condado cerca de 600"},"content":{"rendered":"\n<figure class=\"wp-block-image alignnone size-large\"><figure class=\"alignnone\"><img loading=\"lazy\" width=\"740\" height=\"400\" src=\"http:\/\/www.pasadenahoy.com\/primero\/wp-content\/uploads\/2021\/07\/pic-3-2.png\" alt=\"\" class=\"wp-image-9892\" srcset=\"http:\/\/www.pasadenahoy.com\/primero\/wp-content\/uploads\/2021\/07\/pic-3-2.png 740w, http:\/\/www.pasadenahoy.com\/primero\/wp-content\/uploads\/2021\/07\/pic-3-2-300x162.png 300w, http:\/\/www.pasadenahoy.com\/primero\/wp-content\/uploads\/2021\/07\/pic-3-2-241x130.png 241w, http:\/\/www.pasadenahoy.com\/primero\/wp-content\/uploads\/2021\/07\/pic-3-2-333x180.png 333w, http:\/\/www.pasadenahoy.com\/primero\/wp-content\/uploads\/2021\/07\/pic-3-2-700x378.png 700w, http:\/\/www.pasadenahoy.com\/primero\/wp-content\/uploads\/2021\/07\/pic-3-2-360x195.png 360w, http:\/\/www.pasadenahoy.com\/primero\/wp-content\/uploads\/2021\/07\/pic-3-2-720x389.png 720w\" sizes=\"100vw\" \/><figcaption><span class=\"caption-text\">El sello del condado y el gr\u00e1fico de coronaviris se muestran en comparaci\u00f3n con la tasa de positividad promedio de pruebas diarias de 7 d\u00edas del condado de Los \u00c1ngeles desde el 21 de abril hasta el 12 de julio de 2021 (Cortes\u00eda del Departamento de Salud P\u00fablica del Condado de Los \u00c1ngeles).<\/span><\/figcaption><\/figure><\/figure>\n\n\n\n<p>El condado de Los \u00c1ngeles marc\u00f3 el martes su duod\u00e9cimo d\u00eda consecutivo de mil o m\u00e1s nuevas infecciones por COVID-19, al tiempo que not\u00f3 un ligero aumento en las infecciones que ocurren entre el personal y los residentes de las instalaciones de enfermer\u00eda especializada, a pesar de la tasa relativamente alta de vacunaciones en tales entornos.<\/p>\n\n\n\n<p>El condado report\u00f3 otros 1.821 nuevos casos de COVID el martes y cinco muertes m\u00e1s. Seg\u00fan cifras estatales, hasta el martes hab\u00eda 585 personas hospitalizadas en el condado de Los \u00c1ngeles debido al COVID-19, frente a las 544 del lunes. Hab\u00eda 134 personas en cuidados intensivos, frente a las 121 del lunes.<\/p>\n\n\n\n<p>El n\u00famero de hospitalizaciones ha ido aumentando lenta pero constantemente durante varias semanas. Los n\u00fameros todav\u00eda est\u00e1n muy por debajo de las aproximadamente 8,000 personas que fueron hospitalizadas debido al COVID-19 durante el aumento invernal de casos. Sin embargo, el n\u00famero actual es m\u00e1s del doble de las 218 hospitalizaciones reportadas el 15 de junio, cuando las restricciones de COVID se levantaron en gran medida en todo el estado.<\/p>\n\n\n\n<p>La tasa diaria promedio de personas que dieron positivo por el virus tambi\u00e9n sigui\u00f3 aumentando, alcanzando el 4,8% el martes, frente al 4,1% del lunes y m\u00e1s del doble de la tasa del 2% de hace dos semanas. La tasa de positividad fue del 0,4% el 15 de junio.<\/p>\n\n\n\n<p>En las \u00faltimas semanas, el Departamento de Salud P\u00fablica del condado ha se\u00f1alado repetidamente la disminuci\u00f3n del n\u00famero de casos en los centros de enfermer\u00eda especializada, que tienen una tasa de vacunaci\u00f3n de aproximadamente el 85%, como ejemplos de la eficacia de las vacunas.<\/p>\n\n\n\n<p>El martes, sin embargo, el condado not\u00f3 un ligero repunte en los centros de enfermer\u00eda, con 25 nuevos casos confirmados durante la semana que termin\u00f3 el 11 de julio: tres entre los residentes y 22 entre el personal. Los centros de enfermer\u00eda ten\u00edan un promedio de 16 casos nuevos por semana. Los funcionarios de salud del condado atribuyeron el aumento &#8220;en parte&#8221; a las llamadas infecciones de &#8220;avance&#8221; de personas completamente vacunadas.<\/p>\n\n\n\n<p>Los funcionarios de salud han admitido la presencia de tales infecciones, pero las tasas son extremadamente bajas. Hasta el 13 de julio, el condado ha registrado 4,122 infecciones &#8220;revolucionarias&#8221; de entre casi 4,8 millones de residentes completamente vacunados, una tasa de infecci\u00f3n del 0,09%. Ha habido 213 casos de hospitalizaci\u00f3n de personas totalmente vacunadas, una tasa del 0,0045%, y 26 han muerto, con una tasa del 0,0005%.<\/p>\n\n\n\n<p>\u201cLa mayor\u00eda de las enfermedades y muertes que experimentan los residentes del condado de Los \u00c1ngeles por el COVID-19 se pueden prevenir debido a la disponibilidad actual de vacunas\u201d, dijo la directora de Salud P\u00fablica del condado, Barbara Ferrer, en un comunicado. \u201cY aunque las vacunas no son perfectas para prevenir todas las infecciones y enfermedades, contin\u00faan ofreciendo una herramienta poderosa para reducir la transmisi\u00f3n.<\/p>\n\n\n\n<p>&#8220;Agregar enmascaramiento para todos en el interior proporciona una capa adicional de protecci\u00f3n para contrarrestar la variante Delta muy infecciosa&#8221;, agreg\u00f3. &#8220;Y si bien es decepcionante que nuevamente estemos presenciando un aumento en los casos, el cumplimiento de la nueva directiva de mascarillas y el aumento de las tasas de vacunaci\u00f3n nos brindan estrategias para volver a las bajas tasas de transmisi\u00f3n&#8221;.<\/p>\n\n\n\n<p>El condado a \u00faltima hora de la noche del s\u00e1bado restableci\u00f3 el requisito de que todos usen m\u00e1scaras en entornos p\u00fablicos cerrados, independientemente del estado de vacunaci\u00f3n. Anteriormente, solo las personas no vacunadas deb\u00edan usar m\u00e1scaras en el interior. Sin embargo, dado que el cumplimiento se bas\u00f3 \u00fanicamente en el sistema de honor, los funcionarios dijeron que es probable que muchas personas no vacunadas no cumplan con la regla.<\/p>\n\n\n\n<p>El mandato significa que nuevamente se requiere que los clientes se enmascaren al ingresar a cualquier establecimiento p\u00fablico interior, incluidas tiendas minoristas, supermercados, restaurantes y lugares de trabajo. El comedor interior permanece abierto, pero los clientes deben permanecer enmascarados mientras no coman ni beban.<\/p>\n\n\n\n<p>La ciudad de Long Beach, que tiene su propio departamento de salud, anunci\u00f3 la semana pasada que tambi\u00e9n impondr\u00eda el requisito de usar mascarillas. Pasadena, otra ciudad con su propia agencia de salud, hizo lo mismo el lunes por la noche y formalizar\u00e1 el requisito en los pr\u00f3ximos d\u00edas.<\/p>\n\n\n\n<p>Los funcionarios de salud contin\u00faan culpando del aumento actual de infecciones a la variante altamente contagiosa &#8220;Delta&#8221; del virus que se alimenta de la poblaci\u00f3n no vacunada. Hay casi 4 millones de residentes del condado que no han sido vacunados, incluidos 1,3 millones de ni\u00f1os que no son elegibles para recibir las vacunas.<\/p>\n\n\n\n<p>Las cifras m\u00e1s recientes del condado muestran que el 69% de los residentes de 16 a\u00f1os o m\u00e1s han recibido al menos una dosis de la vacuna, mientras que el 61% est\u00e1n completamente vacunados. Los residentes negros y latinos contin\u00faan a la zaga del resto de la poblaci\u00f3n en lo que respecta a las vacunas, particularmente entre los residentes m\u00e1s j\u00f3venes.<\/p>\n\n\n\n<p>Con la esperanza de alentar a m\u00e1s personas a vacunarse, el condado contin\u00faa ofreciendo incentivos. Hasta el jueves, cualquier persona que se vacune en sitios operados por el condado, la ciudad de Los \u00c1ngeles o St. John\u2019s Well Child and Family Center participar\u00e1 para tener la oportunidad de ganar uno de los siete paquetes de boletos para conciertos, con boletos para ver los Harlem Globetrotters, Disney on Ice y el Gold Over America Tour con Simone Biles en el Staples Center.<\/p>\n","protected":false},"excerpt":{"rendered":"<p>El condado de Los \u00c1ngeles marc\u00f3 el martes su duod\u00e9cimo d\u00eda consecutivo de mil o m\u00e1s nuevas infecciones por COVID-19, al tiempo que not\u00f3 un ligero aumento en las infecciones que ocurren entre el personal y los residentes de las instalaciones de enfermer\u00eda especializada, a pesar de la tasa relativamente alta de vacunaciones en tales entornos. El condado report\u00f3 otros 1.821 nuevos casos de COVID el martes y cinco muertes m\u00e1s. Seg\u00fan cifras estatales, hasta el martes hab\u00eda 585 personas [&hellip;]<\/p>\n","protected":false},"author":4,"featured_media":9892,"comment_status":"open","ping_status":"closed","sticky":false,"template":"","format":"standard","meta":[],"categories":[4],"tags":[],"acf":[],"_links":{"self":[{"href":"http:\/\/www.pasadenahoy.com\/primero\/wp-json\/wp\/v2\/posts\/9891"}],"collection":[{"href":"http:\/\/www.pasadenahoy.com\/primero\/wp-json\/wp\/v2\/posts"}],"about":[{"href":"http:\/\/www.pasadenahoy.com\/primero\/wp-json\/wp\/v2\/types\/post"}],"author":[{"embeddable":true,"href":"http:\/\/www.pasadenahoy.com\/primero\/wp-json\/wp\/v2\/users\/4"}],"replies":[{"embeddable":true,"href":"http:\/\/www.pasadenahoy.com\/primero\/wp-json\/wp\/v2\/comments?post=9891"}],"version-history":[{"count":2,"href":"http:\/\/www.pasadenahoy.com\/primero\/wp-json\/wp\/v2\/posts\/9891\/revisions"}],"predecessor-version":[{"id":9894,"href":"http:\/\/www.pasadenahoy.com\/primero\/wp-json\/wp\/v2\/posts\/9891\/revisions\/9894"}],"wp:featuredmedia":[{"embeddable":true,"href":"http:\/\/www.pasadenahoy.com\/primero\/wp-json\/wp\/v2\/media\/9892"}],"wp:attachment":[{"href":"http:\/\/www.pasadenahoy.com\/primero\/wp-json\/wp\/v2\/media?parent=9891"}],"wp:term":[{"taxonomy":"category","embeddable":true,"href":"http:\/\/www.pasadenahoy.com\/primero\/wp-json\/wp\/v2\/categories?post=9891"},{"taxonomy":"post_tag","embeddable":true,"href":"http:\/\/www.pasadenahoy.com\/primero\/wp-json\/wp\/v2\/tags?post=9891"}],"curies":[{"name":"wp","href":"https:\/\/api.w.org\/{rel}","templated":true}]}}