{"id":9895,"date":"2021-07-21T16:18:34","date_gmt":"2021-07-21T16:18:34","guid":{"rendered":"http:\/\/www.pasadenahoy.com\/primero\/?p=9895"},"modified":"2021-07-21T16:18:35","modified_gmt":"2021-07-21T16:18:35","slug":"coches-golpeados-por-disparos-en-pasadena","status":"publish","type":"post","link":"http:\/\/www.pasadenahoy.com\/primero\/la-comunidad\/coches-golpeados-por-disparos-en-pasadena\/","title":{"rendered":"Coches golpeados por disparos en Pasadena"},"content":{"rendered":"\n<figure class=\"wp-block-image alignnone size-large\"><figure class=\"alignnone\"><img loading=\"lazy\" width=\"740\" height=\"400\" src=\"http:\/\/www.pasadenahoy.com\/primero\/wp-content\/uploads\/2021\/07\/pic4-1.png\" alt=\"\" class=\"wp-image-9896\" srcset=\"http:\/\/www.pasadenahoy.com\/primero\/wp-content\/uploads\/2021\/07\/pic4-1.png 740w, http:\/\/www.pasadenahoy.com\/primero\/wp-content\/uploads\/2021\/07\/pic4-1-300x162.png 300w, http:\/\/www.pasadenahoy.com\/primero\/wp-content\/uploads\/2021\/07\/pic4-1-241x130.png 241w, http:\/\/www.pasadenahoy.com\/primero\/wp-content\/uploads\/2021\/07\/pic4-1-333x180.png 333w, http:\/\/www.pasadenahoy.com\/primero\/wp-content\/uploads\/2021\/07\/pic4-1-700x378.png 700w, http:\/\/www.pasadenahoy.com\/primero\/wp-content\/uploads\/2021\/07\/pic4-1-360x195.png 360w, http:\/\/www.pasadenahoy.com\/primero\/wp-content\/uploads\/2021\/07\/pic4-1-720x389.png 720w\" sizes=\"100vw\" \/><figcaption><span class=\"caption-text\">\u00a9 Colaboradores de OpenStreetMap<\/span><\/figcaption><\/figure><\/figure>\n\n\n\n<p>Una familia lleg\u00f3 a casa despu\u00e9s de las vacaciones el martes y descubri\u00f3 que dos veh\u00edculos estacionados en el camino de entrada hab\u00edan sido alcanzados por balas, dijo la polic\u00eda.<\/p>\n\n\n\n<p>El tiroteo se descubri\u00f3 alrededor de las 7:45 p.m. cuando las v\u00edctimas llegaron a casa en la cuadra 1200 de Summit Avenue, dijo el teniente Anthony Burgess de la polic\u00eda de Pasadena.<\/p>\n\n\n\n<p>Los residentes encontraron que las ventanas de dos autos estacionados en su camino de entrada hab\u00edan sido da\u00f1adas por disparos, dijo.<\/p>\n\n\n\n<p>Las autoridades dijeron que los veh\u00edculos hab\u00edan estado estacionados durante varios d\u00edas y no estaba claro cu\u00e1ndo ocurri\u00f3 el tiroteo. Los vecinos no informaron haber escuchado disparos, agreg\u00f3 Burgess.<\/p>\n\n\n\n<p>Cualquier persona que tenga informaci\u00f3n puede comunicarse con el Departamento de Polic\u00eda de Pasadena al (626) 744-4501. Las pistas tambi\u00e9n se pueden enviar de forma an\u00f3nima a <a href=\"https:\/\/www.lacrimestoppers.org\/\">L.A. Regional Crime Stoppers<\/a> al (800) 222-8477.<\/p>\n","protected":false},"excerpt":{"rendered":"<p>Una familia lleg\u00f3 a casa despu\u00e9s de las vacaciones el martes y descubri\u00f3 que dos veh\u00edculos estacionados en el camino de entrada hab\u00edan sido alcanzados por balas, dijo la polic\u00eda. El tiroteo se descubri\u00f3 alrededor de las 7:45 p.m. cuando las v\u00edctimas llegaron a casa en la cuadra 1200 de Summit Avenue, dijo el teniente Anthony Burgess de la polic\u00eda de Pasadena. Los residentes encontraron que las ventanas de dos autos estacionados en su camino de entrada hab\u00edan sido da\u00f1adas [&hellip;]<\/p>\n","protected":false},"author":4,"featured_media":0,"comment_status":"open","ping_status":"closed","sticky":false,"template":"","format":"standard","meta":[],"categories":[4],"tags":[],"acf":[],"_links":{"self":[{"href":"http:\/\/www.pasadenahoy.com\/primero\/wp-json\/wp\/v2\/posts\/9895"}],"collection":[{"href":"http:\/\/www.pasadenahoy.com\/primero\/wp-json\/wp\/v2\/posts"}],"about":[{"href":"http:\/\/www.pasadenahoy.com\/primero\/wp-json\/wp\/v2\/types\/post"}],"author":[{"embeddable":true,"href":"http:\/\/www.pasadenahoy.com\/primero\/wp-json\/wp\/v2\/users\/4"}],"replies":[{"embeddable":true,"href":"http:\/\/www.pasadenahoy.com\/primero\/wp-json\/wp\/v2\/comments?post=9895"}],"version-history":[{"count":2,"href":"http:\/\/www.pasadenahoy.com\/primero\/wp-json\/wp\/v2\/posts\/9895\/revisions"}],"predecessor-version":[{"id":9898,"href":"http:\/\/www.pasadenahoy.com\/primero\/wp-json\/wp\/v2\/posts\/9895\/revisions\/9898"}],"wp:attachment":[{"href":"http:\/\/www.pasadenahoy.com\/primero\/wp-json\/wp\/v2\/media?parent=9895"}],"wp:term":[{"taxonomy":"category","embeddable":true,"href":"http:\/\/www.pasadenahoy.com\/primero\/wp-json\/wp\/v2\/categories?post=9895"},{"taxonomy":"post_tag","embeddable":true,"href":"http:\/\/www.pasadenahoy.com\/primero\/wp-json\/wp\/v2\/tags?post=9895"}],"curies":[{"name":"wp","href":"https:\/\/api.w.org\/{rel}","templated":true}]}}