{"id":9899,"date":"2021-07-21T16:23:03","date_gmt":"2021-07-21T16:23:03","guid":{"rendered":"http:\/\/www.pasadenahoy.com\/primero\/?p=9899"},"modified":"2021-07-21T16:23:04","modified_gmt":"2021-07-21T16:23:04","slug":"el-concejal-de-la-ciudad-de-los-angeles-detras-de-las-viviendas-de-paletas-para-personas-sin-hogar-cerca-de-west-pasadena-border-faces-retirada","status":"publish","type":"post","link":"http:\/\/www.pasadenahoy.com\/primero\/la-comunidad\/el-concejal-de-la-ciudad-de-los-angeles-detras-de-las-viviendas-de-paletas-para-personas-sin-hogar-cerca-de-west-pasadena-border-faces-retirada\/","title":{"rendered":"El concejal de la ciudad de Los \u00c1ngeles detr\u00e1s de las viviendas de paletas para personas sin hogar cerca de West Pasadena Border Faces Retirada"},"content":{"rendered":"\n<figure class=\"wp-block-image alignnone size-large\"><figure class=\"alignnone\"><img loading=\"lazy\" width=\"740\" height=\"400\" src=\"http:\/\/www.pasadenahoy.com\/primero\/wp-content\/uploads\/2021\/07\/pic5-2.jpg\" alt=\"\" class=\"wp-image-9900\" srcset=\"http:\/\/www.pasadenahoy.com\/primero\/wp-content\/uploads\/2021\/07\/pic5-2.jpg 740w, http:\/\/www.pasadenahoy.com\/primero\/wp-content\/uploads\/2021\/07\/pic5-2-300x162.jpg 300w, http:\/\/www.pasadenahoy.com\/primero\/wp-content\/uploads\/2021\/07\/pic5-2-241x130.jpg 241w, http:\/\/www.pasadenahoy.com\/primero\/wp-content\/uploads\/2021\/07\/pic5-2-333x180.jpg 333w, http:\/\/www.pasadenahoy.com\/primero\/wp-content\/uploads\/2021\/07\/pic5-2-700x378.jpg 700w, http:\/\/www.pasadenahoy.com\/primero\/wp-content\/uploads\/2021\/07\/pic5-2-360x195.jpg 360w, http:\/\/www.pasadenahoy.com\/primero\/wp-content\/uploads\/2021\/07\/pic5-2-720x389.jpg 720w\" sizes=\"100vw\" \/><figcaption><span class=\"caption-text\">El concejal de la ciudad de Los \u00c1ngeles Kevin de Leon (cortes\u00eda de Facebook de Kevin De Leon)<\/span><\/figcaption><\/figure><\/figure>\n\n\n\n<p>El concejal de la ciudad de Los \u00c1ngeles Kevin de Leon, quien lidera un esfuerzo para traer aldeas de &#8220;casas peque\u00f1as&#8221; hechas de pal\u00e9s a Eagle Rock y Highland Park cerca de Pasadena, recibi\u00f3 un aviso de un esfuerzo de destituci\u00f3n en su contra dirigido por residentes de de Leon&#8217;s manejo de la crisis de las personas sin hogar.<\/p>\n\n\n\n<p>De Leon recibi\u00f3 documentos de retiro el martes, seg\u00fan su director de comunicaciones.<\/p>\n\n\n\n<p>Los residentes de Pasadena que viven en West Pasadena expresaron su preocupaci\u00f3n en marzo por el proyecto de viviendas de paletas en 7570 N. Figueroa St. en Eagle Rock.<\/p>\n\n\n\n<p>El sitio estaba destinado a albergar hasta 134 personas sin hogar, mientras que se esperaba que el sitio de Highland Park pudiera albergar a 224 personas.<\/p>\n\n\n\n<p>Despu\u00e9s de que los residentes expresaron sus preocupaciones, el alcalde de Pasadena, V\u00edctor Gordo, habl\u00f3 con De Leon y luego visit\u00f3 el proyecto.<\/p>\n\n\n\n<p>Los funcionarios de la ciudad de Pasadena no fueron consultados antes de que los funcionarios de Los \u00c1ngeles aprobaran el proyecto.<\/p>\n\n\n\n<p>Los refugios de paletas son estructuras de 8 por 8 que fueron dise\u00f1adas para el alivio de desastres despu\u00e9s del hurac\u00e1n Katrina. Est\u00e1n hechos para almacenar planos y ensamblar r\u00e1pidamente.<\/p>\n\n\n\n<p>Cada unidad est\u00e1 hecha de aluminio que no se oxida, debe durar unos 10 a\u00f1os y tiene literas, estantes, calefacci\u00f3n, aire acondicionado y paneles el\u00e9ctricos. Se pueden desinfectar f\u00e1cilmente entre usuarios.<\/p>\n\n\n\n<p>Los equipos comenzaron la construcci\u00f3n el 29 de junio en una aldea de paletas de 224 camas en Highland Park.<\/p>\n\n\n\n<p>Para que la petici\u00f3n de destituci\u00f3n contra de Le\u00f3n llegue a la boleta electoral, se necesitar\u00eda el 15% de los votantes, o alrededor de 21,000 firmas, dentro de los 120 d\u00edas cuatro semanas posteriores a la entrega del aviso.<br>More about this source textSource text required for additional translation information<\/p>\n","protected":false},"excerpt":{"rendered":"<p>El concejal de la ciudad de Los \u00c1ngeles Kevin de Leon, quien lidera un esfuerzo para traer aldeas de &#8220;casas peque\u00f1as&#8221; hechas de pal\u00e9s a Eagle Rock y Highland Park cerca de Pasadena, recibi\u00f3 un aviso de un esfuerzo de destituci\u00f3n en su contra dirigido por residentes de de Leon&#8217;s manejo de la crisis de las personas sin hogar. De Leon recibi\u00f3 documentos de retiro el martes, seg\u00fan su director de comunicaciones. Los residentes de Pasadena que viven en West [&hellip;]<\/p>\n","protected":false},"author":4,"featured_media":0,"comment_status":"open","ping_status":"closed","sticky":false,"template":"","format":"standard","meta":[],"categories":[4],"tags":[],"acf":[],"_links":{"self":[{"href":"http:\/\/www.pasadenahoy.com\/primero\/wp-json\/wp\/v2\/posts\/9899"}],"collection":[{"href":"http:\/\/www.pasadenahoy.com\/primero\/wp-json\/wp\/v2\/posts"}],"about":[{"href":"http:\/\/www.pasadenahoy.com\/primero\/wp-json\/wp\/v2\/types\/post"}],"author":[{"embeddable":true,"href":"http:\/\/www.pasadenahoy.com\/primero\/wp-json\/wp\/v2\/users\/4"}],"replies":[{"embeddable":true,"href":"http:\/\/www.pasadenahoy.com\/primero\/wp-json\/wp\/v2\/comments?post=9899"}],"version-history":[{"count":2,"href":"http:\/\/www.pasadenahoy.com\/primero\/wp-json\/wp\/v2\/posts\/9899\/revisions"}],"predecessor-version":[{"id":9902,"href":"http:\/\/www.pasadenahoy.com\/primero\/wp-json\/wp\/v2\/posts\/9899\/revisions\/9902"}],"wp:attachment":[{"href":"http:\/\/www.pasadenahoy.com\/primero\/wp-json\/wp\/v2\/media?parent=9899"}],"wp:term":[{"taxonomy":"category","embeddable":true,"href":"http:\/\/www.pasadenahoy.com\/primero\/wp-json\/wp\/v2\/categories?post=9899"},{"taxonomy":"post_tag","embeddable":true,"href":"http:\/\/www.pasadenahoy.com\/primero\/wp-json\/wp\/v2\/tags?post=9899"}],"curies":[{"name":"wp","href":"https:\/\/api.w.org\/{rel}","templated":true}]}}