{"id":9903,"date":"2021-07-21T16:26:58","date_gmt":"2021-07-21T16:26:58","guid":{"rendered":"http:\/\/www.pasadenahoy.com\/primero\/?p=9903"},"modified":"2021-07-21T16:26:59","modified_gmt":"2021-07-21T16:26:59","slug":"el-comite-de-seguridad-publica-escuchara-el-informe-de-impacto-de-personas-sin-hogar","status":"publish","type":"post","link":"http:\/\/www.pasadenahoy.com\/primero\/la-comunidad\/el-comite-de-seguridad-publica-escuchara-el-informe-de-impacto-de-personas-sin-hogar\/","title":{"rendered":"El Comit\u00e9 de Seguridad P\u00fablica escuchar\u00e1 el informe de impacto de personas sin hogar"},"content":{"rendered":"\n<figure class=\"wp-block-image alignnone size-large\"><figure class=\"alignnone\"><img loading=\"lazy\" width=\"740\" height=\"400\" src=\"http:\/\/www.pasadenahoy.com\/primero\/wp-content\/uploads\/2021\/07\/pic-6-7.jpg\" alt=\"\" class=\"wp-image-9904\" srcset=\"http:\/\/www.pasadenahoy.com\/primero\/wp-content\/uploads\/2021\/07\/pic-6-7.jpg 740w, http:\/\/www.pasadenahoy.com\/primero\/wp-content\/uploads\/2021\/07\/pic-6-7-300x162.jpg 300w, http:\/\/www.pasadenahoy.com\/primero\/wp-content\/uploads\/2021\/07\/pic-6-7-241x130.jpg 241w, http:\/\/www.pasadenahoy.com\/primero\/wp-content\/uploads\/2021\/07\/pic-6-7-333x180.jpg 333w, http:\/\/www.pasadenahoy.com\/primero\/wp-content\/uploads\/2021\/07\/pic-6-7-700x378.jpg 700w, http:\/\/www.pasadenahoy.com\/primero\/wp-content\/uploads\/2021\/07\/pic-6-7-360x195.jpg 360w, http:\/\/www.pasadenahoy.com\/primero\/wp-content\/uploads\/2021\/07\/pic-6-7-720x389.jpg 720w\" sizes=\"100vw\" \/><\/figure><\/figure>\n\n\n\n<p>El Comit\u00e9 de Seguridad P\u00fablica del Ayuntamiento de Pasadena escuchar\u00e1 el mi\u00e9rcoles c\u00f3mo la pandemia de coronavirus ha afectado a las personas sin hogar en la ciudad, y c\u00f3mo varios departamentos de la ciudad han trabajado para ayudar a las familias y las personas sin hogar a enfrentar los complejos desaf\u00edos que enfrentan a medida que contin\u00faa la pandemia.<\/p>\n\n\n\n<p>Los funcionarios de la ciudad no pudieron realizar un recuento de personas sin hogar sin refugio este a\u00f1o debido a las restricciones de COVID-19, pero el Departamento de Vivienda pudo continuar trabajando con las partes interesadas locales y las agencias asociadas para recopilar datos y observaciones relacionadas con las personas que est\u00e1n experimentando la falta de hogar sin hogar.<\/p>\n\n\n\n<p>Los equipos de alcance callejero de Evaluaci\u00f3n psiqui\u00e1trica y de extensi\u00f3n para personas sin hogar (HOPE) de la ciudad y del Equipo de respuesta de extensi\u00f3n de Pasadena (PORT) informaron que ha habido un aumento en la falta de vivienda sin hogar desde el inicio de la pandemia, sobre todo cerca de los terraplenes de las autopistas. El personal que supervisa la remoci\u00f3n de propiedad personal abandonada ha observado campamentos de mayor tama\u00f1o que se extienden a lo largo de los l\u00edmites de la ciudad. El Portal de Alcance para Personas sin Hogar de Los \u00c1ngeles (LA-HOP), una plataforma en l\u00ednea para enviar solicitudes de servicios de alcance en la calle, tambi\u00e9n recibi\u00f3 un aumento significativo en las solicitudes de miembros de la comunidad preocupados en 2020.<\/p>\n\n\n\n<p>Seg\u00fan un memorando del Director de Vivienda, Bill Huang, el equipo de HOPE respondi\u00f3 a un n\u00famero ligeramente mayor de llamadas de servicio relacionadas con la falta de vivienda en 2020 en comparaci\u00f3n con 2019, un aumento de alrededor del 3%. El Centro de Servicio al Ciudadano de Pasadena tambi\u00e9n experiment\u00f3 un aumento del 30% en la cantidad de solicitudes espec\u00edficas para personas sin hogar en 2020 en comparaci\u00f3n con 2019, incluida la eliminaci\u00f3n de pertenencias personales desatendidas y desechos humanos. El memorando dec\u00eda que estos aumentos en las solicitudes y llamadas de servicio podr\u00edan atribuirse a la interrupci\u00f3n de la prestaci\u00f3n de servicios entre las agencias de servicios para personas sin hogar y a una disminuci\u00f3n en la presencia de equipos de alcance callejero existentes, ya que los servicios directos se suspendieron en gran medida durante los primeros seis meses de la pandemia. .<\/p>\n\n\n\n<p>\u201cDurante ese tiempo, todav\u00eda quedaba mucho por aprender sobre la transmisibilidad, la gravedad y otras caracter\u00edsticas del virus COVID-19, y el EPP apropiado para los trabajadores de extensi\u00f3n y los proveedores de servicios era dif\u00edcil de obtener\u201d, afirma el memorando de Huang. &#8220;El cierre generalizado de los ba\u00f1os p\u00fablicos, as\u00ed como de las instalaciones comunes de higiene y saneamiento durante la pandemia, impidi\u00f3 notablemente la capacidad de las personas sin hogar para atender sus necesidades b\u00e1sicas de higiene&#8221;.<\/p>\n\n\n\n<p>El memorando de Huang agreg\u00f3 que la falta de vivienda se ha hecho m\u00e1s visible en la comunidad de Pasadena como consecuencia de la pandemia y del cierre resultante de los espacios p\u00fablicos interiores donde las personas sin hogar sol\u00edan congregarse durante el d\u00eda. COVID-19 oblig\u00f3 a este segmento de la poblaci\u00f3n a espacios al aire libre m\u00e1s visibles.<\/p>\n\n\n\n<p>\u201cDe manera similar, los refugios en el sitio tuvieron que reducir significativamente su capacidad para adaptarse al distanciamiento f\u00edsico y otros protocolos de seguridad para proteger la salud y el bienestar tanto de los clientes como del personal\u201d, escribi\u00f3 Huang.<\/p>\n\n\n\n<p>El memorando de Huang tambi\u00e9n inform\u00f3 que la cantidad de camas disponibles en refugios para congregados en la ciudad se redujo en casi un 75% en 2020 a pesar de los aumentos proyectados en la falta de vivienda relacionados con la pandemia. A medida que cerraron las empresas, los equipos de divulgaci\u00f3n callejera tambi\u00e9n observaron un aumento en la cantidad de personas sin hogar que ocupan esos espacios.<\/p>\n\n\n\n<p>Sin embargo, el memorando se\u00f1al\u00f3 que una poblaci\u00f3n sin hogar m\u00e1s notable &#8220;no indica necesariamente que haya m\u00e1s personas sin hogar&#8221;, solo que son m\u00e1s visibles de lo que pudieron haber sido anteriormente.<\/p>\n\n\n\n<p>Con respecto al aspecto policial de la falta de vivienda, el Departamento de Polic\u00eda de Pasadena inform\u00f3 que los datos no indican que haya habido un aumento en el crimen relacionado con la mayor visibilidad de la poblaci\u00f3n desamparada. Un detalle m\u00e1s alentador es que los arrestos que involucran a personas sin hogar se redujeron en un 57% o m\u00e1s de la mitad en 2020 en comparaci\u00f3n con 2019.<\/p>\n\n\n\n<p>Se registraron 917 arrestos relacionados con transitorios desde el 1 de enero hasta el 31 de diciembre de 2020, mucho menos que las 2139 reservas individuales realizadas a lo largo de 2019, seg\u00fan el memorando.<\/p>\n\n\n\n<p>En la reuni\u00f3n del Comit\u00e9 de Seguridad P\u00fablica, que comienza a las 4 p.m. El mi\u00e9rcoles, Huang tambi\u00e9n informar\u00e1 sobre c\u00f3mo trabaj\u00f3 la ciudad para proteger y preservar la salud de la poblaci\u00f3n sin hogar de Pasadena mediante la implementaci\u00f3n de una variedad de servicios para prevenir y reducir la propagaci\u00f3n del COVID-19.<\/p>\n","protected":false},"excerpt":{"rendered":"<p>El Comit\u00e9 de Seguridad P\u00fablica del Ayuntamiento de Pasadena escuchar\u00e1 el mi\u00e9rcoles c\u00f3mo la pandemia de coronavirus ha afectado a las personas sin hogar en la ciudad, y c\u00f3mo varios departamentos de la ciudad han trabajado para ayudar a las familias y las personas sin hogar a enfrentar los complejos desaf\u00edos que enfrentan a medida que contin\u00faa la pandemia. Los funcionarios de la ciudad no pudieron realizar un recuento de personas sin hogar sin refugio este a\u00f1o debido a las [&hellip;]<\/p>\n","protected":false},"author":4,"featured_media":0,"comment_status":"open","ping_status":"closed","sticky":false,"template":"","format":"standard","meta":[],"categories":[4],"tags":[],"acf":[],"_links":{"self":[{"href":"http:\/\/www.pasadenahoy.com\/primero\/wp-json\/wp\/v2\/posts\/9903"}],"collection":[{"href":"http:\/\/www.pasadenahoy.com\/primero\/wp-json\/wp\/v2\/posts"}],"about":[{"href":"http:\/\/www.pasadenahoy.com\/primero\/wp-json\/wp\/v2\/types\/post"}],"author":[{"embeddable":true,"href":"http:\/\/www.pasadenahoy.com\/primero\/wp-json\/wp\/v2\/users\/4"}],"replies":[{"embeddable":true,"href":"http:\/\/www.pasadenahoy.com\/primero\/wp-json\/wp\/v2\/comments?post=9903"}],"version-history":[{"count":2,"href":"http:\/\/www.pasadenahoy.com\/primero\/wp-json\/wp\/v2\/posts\/9903\/revisions"}],"predecessor-version":[{"id":9906,"href":"http:\/\/www.pasadenahoy.com\/primero\/wp-json\/wp\/v2\/posts\/9903\/revisions\/9906"}],"wp:attachment":[{"href":"http:\/\/www.pasadenahoy.com\/primero\/wp-json\/wp\/v2\/media?parent=9903"}],"wp:term":[{"taxonomy":"category","embeddable":true,"href":"http:\/\/www.pasadenahoy.com\/primero\/wp-json\/wp\/v2\/categories?post=9903"},{"taxonomy":"post_tag","embeddable":true,"href":"http:\/\/www.pasadenahoy.com\/primero\/wp-json\/wp\/v2\/tags?post=9903"}],"curies":[{"name":"wp","href":"https:\/\/api.w.org\/{rel}","templated":true}]}}