{"id":9911,"date":"2021-07-22T15:54:22","date_gmt":"2021-07-22T15:54:22","guid":{"rendered":"http:\/\/www.pasadenahoy.com\/primero\/?p=9911"},"modified":"2021-07-22T15:54:24","modified_gmt":"2021-07-22T15:54:24","slug":"pasadena-emite-una-orden-de-salud-actualizada-que-requiere-enmascaramiento-en-interiores-independientemente-del-estado-de-vacunacion","status":"publish","type":"post","link":"http:\/\/www.pasadenahoy.com\/primero\/la-comunidad\/pasadena-emite-una-orden-de-salud-actualizada-que-requiere-enmascaramiento-en-interiores-independientemente-del-estado-de-vacunacion\/","title":{"rendered":"Pasadena emite una orden de salud actualizada que requiere enmascaramiento en interiores, independientemente del estado de vacunaci\u00f3n"},"content":{"rendered":"\n<figure class=\"wp-block-image alignnone size-large\"><figure class=\"alignnone\"><img loading=\"lazy\" width=\"740\" height=\"400\" src=\"http:\/\/www.pasadenahoy.com\/primero\/wp-content\/uploads\/2021\/07\/pic-1-11.jpg\" alt=\"\" class=\"wp-image-9912\" srcset=\"http:\/\/www.pasadenahoy.com\/primero\/wp-content\/uploads\/2021\/07\/pic-1-11.jpg 740w, http:\/\/www.pasadenahoy.com\/primero\/wp-content\/uploads\/2021\/07\/pic-1-11-300x162.jpg 300w, http:\/\/www.pasadenahoy.com\/primero\/wp-content\/uploads\/2021\/07\/pic-1-11-241x130.jpg 241w, http:\/\/www.pasadenahoy.com\/primero\/wp-content\/uploads\/2021\/07\/pic-1-11-333x180.jpg 333w, http:\/\/www.pasadenahoy.com\/primero\/wp-content\/uploads\/2021\/07\/pic-1-11-700x378.jpg 700w, http:\/\/www.pasadenahoy.com\/primero\/wp-content\/uploads\/2021\/07\/pic-1-11-360x195.jpg 360w, http:\/\/www.pasadenahoy.com\/primero\/wp-content\/uploads\/2021\/07\/pic-1-11-720x389.jpg 720w\" sizes=\"100vw\" \/><\/figure><\/figure>\n\n\n\n<p>Los funcionarios de Pasadena emitieron una orden de salud actualizada el mi\u00e9rcoles, restableciendo el uso de m\u00e1scaras para todos en entornos p\u00fablicos y negocios cerrados, independientemente del estado de vacunaci\u00f3n, a partir de las 12:01 a.m. del jueves.<\/p>\n\n\n\n<p>La orden requiere que todas las personas se cubran la cara, independientemente del estado de vacunaci\u00f3n, en todos los entornos p\u00fablicos interiores, lugares, reuniones y negocios.<\/p>\n\n\n\n<p>Entre los ejemplos de estas configuraciones se incluyen, entre otros:<br>\u2022 Oficinas<br>\u2022 Tiendas minoristas<br>\u2022 Tiendas de comestibles<br>\u2022 Restaurantes, bares, pubs y cervecer\u00edas cuando no est\u00e1 comiendo ni bebiendo<br>\u2022 Teatros<br>\u2022 Gimnasios y centros de fitness<br>\u2022 Oficinas gubernamentales estatales y locales que atienden al p\u00fablico<\/p>\n\n\n\n<p>Las empresas, las personas y los operadores del lugar o los anfitriones de entornos p\u00fablicos interiores deben exigir a los clientes que usen m\u00e1scaras, independientemente del estado de vacunaci\u00f3n, y que coloquen carteles en los puntos de entrada que comuniquen el requisito de enmascaramiento para todos los clientes.<\/p>\n\n\n\n<p>Las reuniones privadas no est\u00e1n sujetas a requisitos de enmascaramiento y, en este momento, no se incluyen restricciones de capacidad ni cambios en otras operaciones comerciales en la orden de salud.<\/p>\n\n\n\n<p>El Departamento de Salud P\u00fablica de California requiere enmascaramiento interior para todos, independientemente del estado de vacunaci\u00f3n, en entornos escolares K-12. Cuanto m\u00e1s espere para vacunarse, mayor ser\u00e1 el riesgo de contraer COVID-19 e infectar a un amigo, ser querido o compa\u00f1ero de trabajo.<\/p>\n\n\n\n<p>El mandato se produce cuando tanto Pasadena como el condado de Los \u00c1ngeles han experimentado un fuerte aumento en los casos y hospitalizaciones de COVID-19.<\/p>\n\n\n\n<p>Desde el 15 de junio, cuando se levantaron la mayor\u00eda de las restricciones del estado, la tasa promedio de casos de incidentes diarios de COVID-19 en la ciudad de Pasadena ha aumentado en un 586% para alcanzar el nivel de &#8220;Transmisi\u00f3n sustancial&#8221; de los Centros para el Control y la Prevenci\u00f3n de Enfermedades de EE. UU. (CDC) I<a href=\"https:\/\/covid.cdc.gov\/covid-data-tracker\/#county-view\">ndicadores de niveles de transmisi\u00f3n comunitaria.<\/a><\/p>\n\n\n\n<p>\u201cTodas las personas elegibles deben vacunarse lo antes posible. Las vacunas actualmente autorizadas han demostrado ser efectivas para prevenir resultados graves del virus que causa COVID-19, incluida la variante Delta. Vacunarse es una de las formas m\u00e1s importantes de ayudar a detener la propagaci\u00f3n del COVID-19, especialmente mientras nos preparamos para dar la bienvenida a nuestros ni\u00f1os en edad escolar al aprendizaje en persona a tiempo completo en solo unas pocas semanas \u201d, dijo el Dr. Ying- Ying Goh, oficial de salud y director del Departamento de Salud P\u00fablica de Pasadena. \u201cLas vacunas son seguras, efectivas y est\u00e1n disponibles sin costo alguno para usted\u201d.<\/p>\n\n\n\n<p>La tasa de positividad de las pruebas en Pasadena tambi\u00e9n se ha elevado al nivel de &#8220;Transmisi\u00f3n sustancial&#8221;. En el condado de Los \u00c1ngeles, donde reside una gran proporci\u00f3n de las personas que trabajan, visitan o frecuentan negocios en Pasadena, la tasa de casos de COVID-19 ha aumentado al nivel de \u201ctransmisi\u00f3n alta\u201d, lo que introduce un riesgo a\u00fan mayor de transmisi\u00f3n en Pasadena. Las hospitalizaciones por COVID-19 tanto a nivel local como en todo el condado de Los \u00c1ngeles se han m\u00e1s que duplicado.<\/p>\n\n\n\n<p>Adem\u00e1s, la variante Delta significativamente m\u00e1s transmisible del virus se ha convertido en la cepa predominante en los EE. UU. Y se ha detectado en muestras recolectadas de residentes de Pasadena con COVID-19 confirmado en laboratorio, de m\u00faltiples hogares no relacionados.<\/p>\n\n\n\n<p>La evidencia reciente del mundo real respalda los hallazgos de la investigaci\u00f3n que sugieren que las vacunas autorizadas son altamente protectoras contra la hospitalizaci\u00f3n y la muerte por infecci\u00f3n con la variante Delta, y las personas que est\u00e1n completamente vacunadas tienen muchas menos probabilidades de contagiar o transmitir el virus a otra persona.<\/p>\n\n\n\n<p>Sin embargo, todav\u00eda se est\u00e1n recopilando y analizando datos para mayor claridad sobre las tasas de infecci\u00f3n entre las personas completamente vacunadas y su papel en la transmisi\u00f3n, que es una raz\u00f3n importante para que todos se cubran con m\u00e1scara en este momento.<\/p>\n\n\n\n<p>Al considerar opciones para detener este r\u00e1pido aumento en la transmisi\u00f3n de COVID-19, es primordial un aumento continuo en la tasa de vacunaci\u00f3n, pero se necesitan medidas adicionales. El enmascaramiento interior universal es la medida adicional menos disruptiva y m\u00e1s eficaz a tomar. Todas las personas, especialmente aquellas que no est\u00e1n vacunadas o que tienen un mayor riesgo de resultados graves por COVID-19, deben tomar medidas personales para reducir el riesgo adem\u00e1s del enmascaramiento.<\/p>\n\n\n\n<p>La nueva orden de salud estar\u00e1 disponible en <a href=\"http:\/\/www.cityofpasadena.net\/covid-19\">www.cityofpasadena.net\/covid-19<\/a> el mi\u00e9rcoles por la noche.<\/p>\n\n\n\n<p>Las vacunas COVID-19 est\u00e1n disponibles a trav\u00e9s del Departamento de Salud P\u00fablica de Pasadena sin costo alguno. Los ni\u00f1os mayores de 12 a\u00f1os son elegibles para recibir la vacuna. Para obtener m\u00e1s informaci\u00f3n y registrarse para una cita, visite <a href=\"http:\/\/myturn.ca.gov\/\">MyTurn.ca.gov<\/a> o <a href=\"http:\/\/www.cityofpasadena.net\/public-health\/covid-19-vaccine\/#vaccination-sites\">www.cityofpasadena.net\/public-health\/covid-19-vaccine\/#vaccination-sites.<\/a><\/p>\n","protected":false},"excerpt":{"rendered":"<p>Los funcionarios de Pasadena emitieron una orden de salud actualizada el mi\u00e9rcoles, restableciendo el uso de m\u00e1scaras para todos en entornos p\u00fablicos y negocios cerrados, independientemente del estado de vacunaci\u00f3n, a partir de las 12:01 a.m. del jueves. La orden requiere que todas las personas se cubran la cara, independientemente del estado de vacunaci\u00f3n, en todos los entornos p\u00fablicos interiores, lugares, reuniones y negocios. Entre los ejemplos de estas configuraciones se incluyen, entre otros:\u2022 Oficinas\u2022 Tiendas minoristas\u2022 Tiendas de comestibles\u2022 [&hellip;]<\/p>\n","protected":false},"author":4,"featured_media":9912,"comment_status":"open","ping_status":"closed","sticky":false,"template":"","format":"standard","meta":[],"categories":[4],"tags":[],"acf":[],"_links":{"self":[{"href":"http:\/\/www.pasadenahoy.com\/primero\/wp-json\/wp\/v2\/posts\/9911"}],"collection":[{"href":"http:\/\/www.pasadenahoy.com\/primero\/wp-json\/wp\/v2\/posts"}],"about":[{"href":"http:\/\/www.pasadenahoy.com\/primero\/wp-json\/wp\/v2\/types\/post"}],"author":[{"embeddable":true,"href":"http:\/\/www.pasadenahoy.com\/primero\/wp-json\/wp\/v2\/users\/4"}],"replies":[{"embeddable":true,"href":"http:\/\/www.pasadenahoy.com\/primero\/wp-json\/wp\/v2\/comments?post=9911"}],"version-history":[{"count":2,"href":"http:\/\/www.pasadenahoy.com\/primero\/wp-json\/wp\/v2\/posts\/9911\/revisions"}],"predecessor-version":[{"id":9914,"href":"http:\/\/www.pasadenahoy.com\/primero\/wp-json\/wp\/v2\/posts\/9911\/revisions\/9914"}],"wp:featuredmedia":[{"embeddable":true,"href":"http:\/\/www.pasadenahoy.com\/primero\/wp-json\/wp\/v2\/media\/9912"}],"wp:attachment":[{"href":"http:\/\/www.pasadenahoy.com\/primero\/wp-json\/wp\/v2\/media?parent=9911"}],"wp:term":[{"taxonomy":"category","embeddable":true,"href":"http:\/\/www.pasadenahoy.com\/primero\/wp-json\/wp\/v2\/categories?post=9911"},{"taxonomy":"post_tag","embeddable":true,"href":"http:\/\/www.pasadenahoy.com\/primero\/wp-json\/wp\/v2\/tags?post=9911"}],"curies":[{"name":"wp","href":"https:\/\/api.w.org\/{rel}","templated":true}]}}