{"id":9927,"date":"2021-07-22T16:25:05","date_gmt":"2021-07-22T16:25:05","guid":{"rendered":"http:\/\/www.pasadenahoy.com\/primero\/?p=9927"},"modified":"2021-07-22T16:25:07","modified_gmt":"2021-07-22T16:25:07","slug":"la-policia-de-pasadena-y-el-concejal-williams-seran-los-anfitriones-de-coffee-with-a-cop","status":"publish","type":"post","link":"http:\/\/www.pasadenahoy.com\/primero\/la-comunidad\/la-policia-de-pasadena-y-el-concejal-williams-seran-los-anfitriones-de-coffee-with-a-cop\/","title":{"rendered":"La polic\u00eda de Pasadena y el concejal Williams ser\u00e1n los anfitriones de &#8220;Coffee With a Cop&#8221;"},"content":{"rendered":"\n<figure class=\"wp-block-image alignnone size-large\"><figure class=\"alignnone\"><img loading=\"lazy\" width=\"740\" height=\"400\" src=\"http:\/\/www.pasadenahoy.com\/primero\/wp-content\/uploads\/2021\/07\/pic-7-2.jpg\" alt=\"\" class=\"wp-image-9928\" srcset=\"http:\/\/www.pasadenahoy.com\/primero\/wp-content\/uploads\/2021\/07\/pic-7-2.jpg 740w, http:\/\/www.pasadenahoy.com\/primero\/wp-content\/uploads\/2021\/07\/pic-7-2-300x162.jpg 300w, http:\/\/www.pasadenahoy.com\/primero\/wp-content\/uploads\/2021\/07\/pic-7-2-241x130.jpg 241w, http:\/\/www.pasadenahoy.com\/primero\/wp-content\/uploads\/2021\/07\/pic-7-2-333x180.jpg 333w, http:\/\/www.pasadenahoy.com\/primero\/wp-content\/uploads\/2021\/07\/pic-7-2-700x378.jpg 700w, http:\/\/www.pasadenahoy.com\/primero\/wp-content\/uploads\/2021\/07\/pic-7-2-360x195.jpg 360w, http:\/\/www.pasadenahoy.com\/primero\/wp-content\/uploads\/2021\/07\/pic-7-2-720x389.jpg 720w\" sizes=\"100vw\" \/><\/figure><\/figure>\n\n\n\n<p>La polic\u00eda de Pasadena planea reunirse el viernes con la comunidad para tomar un caf\u00e9 y conversar en el Distrito 2 de la ciudad.<\/p>\n\n\n\n<p>La reuni\u00f3n informal de &#8220;Caf\u00e9 con un polic\u00eda&#8221; se llevar\u00e1 a cabo de 8 a.m. a 10 a.m. en Seed Bakery, 942 E. Washington Blvd., seg\u00fan los oficiales de polic\u00eda de Pasadena.<\/p>\n\n\n\n<p>Ser\u00e1 presentado por la concejal del Distrito 2 Felicia Williams.<\/p>\n\n\n\n<p>&#8220;Disfrute de un caf\u00e9 y una conversaci\u00f3n con los miembros del Departamento de Polic\u00eda&#8221;, dijo la polic\u00eda en una declaraci\u00f3n escrita.<\/p>\n","protected":false},"excerpt":{"rendered":"<p>La polic\u00eda de Pasadena planea reunirse el viernes con la comunidad para tomar un caf\u00e9 y conversar en el Distrito 2 de la ciudad. La reuni\u00f3n informal de &#8220;Caf\u00e9 con un polic\u00eda&#8221; se llevar\u00e1 a cabo de 8 a.m. a 10 a.m. en Seed Bakery, 942 E. Washington Blvd., seg\u00fan los oficiales de polic\u00eda de Pasadena. Ser\u00e1 presentado por la concejal del Distrito 2 Felicia Williams. &#8220;Disfrute de un caf\u00e9 y una conversaci\u00f3n con los miembros del Departamento de Polic\u00eda&#8221;, [&hellip;]<\/p>\n","protected":false},"author":4,"featured_media":0,"comment_status":"open","ping_status":"closed","sticky":false,"template":"","format":"standard","meta":[],"categories":[4],"tags":[],"acf":[],"_links":{"self":[{"href":"http:\/\/www.pasadenahoy.com\/primero\/wp-json\/wp\/v2\/posts\/9927"}],"collection":[{"href":"http:\/\/www.pasadenahoy.com\/primero\/wp-json\/wp\/v2\/posts"}],"about":[{"href":"http:\/\/www.pasadenahoy.com\/primero\/wp-json\/wp\/v2\/types\/post"}],"author":[{"embeddable":true,"href":"http:\/\/www.pasadenahoy.com\/primero\/wp-json\/wp\/v2\/users\/4"}],"replies":[{"embeddable":true,"href":"http:\/\/www.pasadenahoy.com\/primero\/wp-json\/wp\/v2\/comments?post=9927"}],"version-history":[{"count":2,"href":"http:\/\/www.pasadenahoy.com\/primero\/wp-json\/wp\/v2\/posts\/9927\/revisions"}],"predecessor-version":[{"id":9930,"href":"http:\/\/www.pasadenahoy.com\/primero\/wp-json\/wp\/v2\/posts\/9927\/revisions\/9930"}],"wp:attachment":[{"href":"http:\/\/www.pasadenahoy.com\/primero\/wp-json\/wp\/v2\/media?parent=9927"}],"wp:term":[{"taxonomy":"category","embeddable":true,"href":"http:\/\/www.pasadenahoy.com\/primero\/wp-json\/wp\/v2\/categories?post=9927"},{"taxonomy":"post_tag","embeddable":true,"href":"http:\/\/www.pasadenahoy.com\/primero\/wp-json\/wp\/v2\/tags?post=9927"}],"curies":[{"name":"wp","href":"https:\/\/api.w.org\/{rel}","templated":true}]}}