{"id":9937,"date":"2021-07-22T16:44:39","date_gmt":"2021-07-22T16:44:39","guid":{"rendered":"http:\/\/www.pasadenahoy.com\/primero\/?p=9937"},"modified":"2021-07-22T16:44:41","modified_gmt":"2021-07-22T16:44:41","slug":"el-pusd-redisena-la-estructura-administrativa-antes-del-nuevo-ano-escolar","status":"publish","type":"post","link":"http:\/\/www.pasadenahoy.com\/primero\/la-comunidad\/el-pusd-redisena-la-estructura-administrativa-antes-del-nuevo-ano-escolar\/","title":{"rendered":"El PUSD redise\u00f1a la estructura administrativa antes del nuevo a\u00f1o escolar"},"content":{"rendered":"\n<figure class=\"wp-block-image alignnone size-large\"><figure class=\"alignnone\"><img loading=\"lazy\" width=\"740\" height=\"400\" src=\"http:\/\/www.pasadenahoy.com\/primero\/wp-content\/uploads\/2021\/07\/pic-9-3.jpg\" alt=\"\" class=\"wp-image-9938\" srcset=\"http:\/\/www.pasadenahoy.com\/primero\/wp-content\/uploads\/2021\/07\/pic-9-3.jpg 740w, http:\/\/www.pasadenahoy.com\/primero\/wp-content\/uploads\/2021\/07\/pic-9-3-300x162.jpg 300w, http:\/\/www.pasadenahoy.com\/primero\/wp-content\/uploads\/2021\/07\/pic-9-3-241x130.jpg 241w, http:\/\/www.pasadenahoy.com\/primero\/wp-content\/uploads\/2021\/07\/pic-9-3-333x180.jpg 333w, http:\/\/www.pasadenahoy.com\/primero\/wp-content\/uploads\/2021\/07\/pic-9-3-700x378.jpg 700w, http:\/\/www.pasadenahoy.com\/primero\/wp-content\/uploads\/2021\/07\/pic-9-3-360x195.jpg 360w, http:\/\/www.pasadenahoy.com\/primero\/wp-content\/uploads\/2021\/07\/pic-9-3-720x389.jpg 720w\" sizes=\"100vw\" \/><\/figure><\/figure>\n\n\n\n<p>Con los estudiantes del Distrito Escolar Unificado de Pasadena prepar\u00e1ndose para regresar a las aulas el pr\u00f3ximo mes, el distrito ha anunciado una serie de cambios en la estructura de informes de la oficina central con el objetivo de brindar \u201cmayor consistencia, coherencia y servicio al cliente para nuestras escuelas, estudiantes, familias y empleados, \u201dSeg\u00fan el superintendente Brian McDonald.<\/p>\n\n\n\n<p>McDonald anunci\u00f3 los cambios, junto con nuevos nombramientos de personal para apoyar el plan, en una carta enviada a las familias del distrito.<\/p>\n\n\n\n<p>\u201cCon el bienestar socioemocional de nuestros estudiantes y personal como la fuerza gu\u00eda, estos cambios posicionan a nuestro distrito para un comienzo saludable del nuevo a\u00f1o escolar\u201d, dijo McDonald.<\/p>\n\n\n\n<p>\u201cLos departamentos y servicios que tengan contacto directo con los estudiantes y su bienestar acad\u00e9mico y socioemocional ir\u00e1n a la Divisi\u00f3n Acad\u00e9mica liderada por la Jefa Acad\u00e9mica, Dra. Elizabeth Blanco\u201d, dijo.<\/p>\n\n\n\n<p>M\u00e1s all\u00e1 de su experiencia en educaci\u00f3n, la \u201cDra. Blanco tiene una gran experiencia en apoyo a los estudiantes y participaci\u00f3n familiar \u201d, dijo McDonald. &#8220;Dr. Blanco tiene la capacidad y las habilidades para liderar y apoyar este equipo coherente dise\u00f1ado para servir al ni\u00f1o en su totalidad y a sus familias \u201d.<\/p>\n\n\n\n<p>Los departamentos del PUSD que reportar\u00e1n a la Divisi\u00f3n Acad\u00e9mica incluyen instrucci\u00f3n desde TK hasta el grado 12; educaci\u00f3n de la primera infancia; Plan de estudios, instrucci\u00f3n y desarrollo profesional; el Departamento de Desarrollo de la Evaluaci\u00f3n del Lenguaje; Educaci\u00f3n Art\u00edstica y GATE; Servicios de apoyo y bienestar para estudiantes; APRENDE; Matr\u00edcula, permisos y registros; Compromiso familiar; Proyectos Especiales Programas Estatales y Federales; y el Centro Universitario y Profesional.<\/p>\n\n\n\n<p>Como parte de la reorganizaci\u00f3n del distrito, la superintendente adjunta Julianne Reynoso se har\u00e1 cargo del Departamento de Servicios de Apoyo y Bienestar Estudiantil.<\/p>\n\n\n\n<p>\u201cUna de sus muchas pasiones es el bienestar de los estudiantes y la atenci\u00f3n basada en el trauma\u201d, seg\u00fan McDonald. &#8220;En los \u00faltimos a\u00f1os, supervis\u00f3 el Departamento de Salud del Distrito y desarroll\u00f3 programas de bienestar para el personal con el director&#8221;.<\/p>\n\n\n\n<p>La superintendente asistente Helen Hill, quien dirige el Departamento de Curr\u00edculo, Instrucci\u00f3n y Desarrollo Profesional del PUSD, tambi\u00e9n se har\u00e1 cargo del Centro de Carreras y Universidades del distrito, el programa LEARNs y la Iniciativa de Diversidad, Equidad e Inclusi\u00f3n.<\/p>\n\n\n\n<p>&#8220;Una veterana de 22 a\u00f1os de PUSD, ha dirigido el curr\u00edculo y el desarrollo profesional a nivel del distrito desde 2010, incluido el desarrollo de la capacidad de los entrenadores instructivos para garantizar la implementaci\u00f3n del marco instructivo del PUSD para la instrucci\u00f3n basada en est\u00e1ndares e impulsada por los estudiantes&#8221;, seg\u00fan el superintendente.<\/p>\n\n\n\n<p>El Coordinador interino de la Oficina de Proyectos Especiales y Programas Categ\u00f3ricos del PUSD, David Rennie, dirigir\u00e1 el Departamento de Participaci\u00f3n Familiar y el Centro de Recursos Familiares, mientras que el Coordinador de Inscripci\u00f3n, Permisos y Expedientes Estudiantiles, Trudell Skinner, se convertir\u00e1 en el Director Senior de las escuelas TK-12.<\/p>\n\n\n\n<p>Shannon Mumolo se desempe\u00f1ar\u00e1 como Coordinadora de la Oficina de Inscripci\u00f3n.<\/p>\n\n\n\n<p>&#8220;El Equipo de Liderazgo Ejecutivo del Distrito y yo estamos comprometidos a enfocarnos en el servicio al cliente, la mejora continua y la provisi\u00f3n de servicios de alta calidad para el personal, las escuelas y la comunidad&#8221;, dijo McDonald. &#8220;Con estos cambios en su lugar, estamos posicionados para un nuevo a\u00f1o escolar exitoso&#8221;.<\/p>\n","protected":false},"excerpt":{"rendered":"<p>Con los estudiantes del Distrito Escolar Unificado de Pasadena prepar\u00e1ndose para regresar a las aulas el pr\u00f3ximo mes, el distrito ha anunciado una serie de cambios en la estructura de informes de la oficina central con el objetivo de brindar \u201cmayor consistencia, coherencia y servicio al cliente para nuestras escuelas, estudiantes, familias y empleados, \u201dSeg\u00fan el superintendente Brian McDonald. McDonald anunci\u00f3 los cambios, junto con nuevos nombramientos de personal para apoyar el plan, en una carta enviada a las familias [&hellip;]<\/p>\n","protected":false},"author":4,"featured_media":0,"comment_status":"open","ping_status":"closed","sticky":false,"template":"","format":"standard","meta":[],"categories":[4],"tags":[],"acf":[],"_links":{"self":[{"href":"http:\/\/www.pasadenahoy.com\/primero\/wp-json\/wp\/v2\/posts\/9937"}],"collection":[{"href":"http:\/\/www.pasadenahoy.com\/primero\/wp-json\/wp\/v2\/posts"}],"about":[{"href":"http:\/\/www.pasadenahoy.com\/primero\/wp-json\/wp\/v2\/types\/post"}],"author":[{"embeddable":true,"href":"http:\/\/www.pasadenahoy.com\/primero\/wp-json\/wp\/v2\/users\/4"}],"replies":[{"embeddable":true,"href":"http:\/\/www.pasadenahoy.com\/primero\/wp-json\/wp\/v2\/comments?post=9937"}],"version-history":[{"count":2,"href":"http:\/\/www.pasadenahoy.com\/primero\/wp-json\/wp\/v2\/posts\/9937\/revisions"}],"predecessor-version":[{"id":9940,"href":"http:\/\/www.pasadenahoy.com\/primero\/wp-json\/wp\/v2\/posts\/9937\/revisions\/9940"}],"wp:attachment":[{"href":"http:\/\/www.pasadenahoy.com\/primero\/wp-json\/wp\/v2\/media?parent=9937"}],"wp:term":[{"taxonomy":"category","embeddable":true,"href":"http:\/\/www.pasadenahoy.com\/primero\/wp-json\/wp\/v2\/categories?post=9937"},{"taxonomy":"post_tag","embeddable":true,"href":"http:\/\/www.pasadenahoy.com\/primero\/wp-json\/wp\/v2\/tags?post=9937"}],"curies":[{"name":"wp","href":"https:\/\/api.w.org\/{rel}","templated":true}]}}