{"id":9944,"date":"2021-07-23T15:07:18","date_gmt":"2021-07-23T15:07:18","guid":{"rendered":"http:\/\/www.pasadenahoy.com\/primero\/?p=9944"},"modified":"2021-07-23T15:51:31","modified_gmt":"2021-07-23T15:51:31","slug":"el-alcalde-pide-al-condado-y-a-las-ciudades-que-obliguen-a-vacunar-a-los-empleados-del-gobierno","status":"publish","type":"post","link":"http:\/\/www.pasadenahoy.com\/primero\/el-gobierno-local\/el-alcalde-pide-al-condado-y-a-las-ciudades-que-obliguen-a-vacunar-a-los-empleados-del-gobierno\/","title":{"rendered":"El alcalde pide al condado y a las ciudades que obliguen a vacunar a los empleados del gobierno"},"content":{"rendered":"\n<figure class=\"wp-block-image alignnone size-large\"><figure class=\"alignnone\"><img loading=\"lazy\" width=\"740\" height=\"396\" src=\"http:\/\/www.pasadenahoy.com\/primero\/wp-content\/uploads\/2021\/07\/pic-1-12.jpg\" alt=\"\" class=\"wp-image-9945\" srcset=\"http:\/\/www.pasadenahoy.com\/primero\/wp-content\/uploads\/2021\/07\/pic-1-12.jpg 740w, http:\/\/www.pasadenahoy.com\/primero\/wp-content\/uploads\/2021\/07\/pic-1-12-300x161.jpg 300w, http:\/\/www.pasadenahoy.com\/primero\/wp-content\/uploads\/2021\/07\/pic-1-12-243x130.jpg 243w, http:\/\/www.pasadenahoy.com\/primero\/wp-content\/uploads\/2021\/07\/pic-1-12-336x180.jpg 336w, http:\/\/www.pasadenahoy.com\/primero\/wp-content\/uploads\/2021\/07\/pic-1-12-700x375.jpg 700w, http:\/\/www.pasadenahoy.com\/primero\/wp-content\/uploads\/2021\/07\/pic-1-12-360x193.jpg 360w, http:\/\/www.pasadenahoy.com\/primero\/wp-content\/uploads\/2021\/07\/pic-1-12-720x385.jpg 720w\" sizes=\"100vw\" \/><figcaption><span class=\"caption-text\">Alcalde V\u00edctor Gordo. Cr\u00e9dito James Carbone<\/span><\/figcaption><\/figure><\/figure>\n\n\n\n<p>El jueves, el alcalde de Pasadena, V\u00edctor Gordo, pidi\u00f3 a los alcaldes de las 88 ciudades del condado de Los \u00c1ngeles y a los funcionarios del condado que ordenen que todos los empleados de la ciudad y el condado se vacunen contra el COVID-19.<\/p>\n\n\n\n<p>El lunes, el administrador de la ciudad Steve Mermell dijo que estaba instituyendo una pol\u00edtica que requerir\u00eda que todos los empleados de la ciudad de Pasadena fueran vacunados.<\/p>\n\n\n\n<p>Pasadena enfrenta una propagaci\u00f3n significativa de la variante Delta del virus y los residentes locales ahora deben usar m\u00e1scaras en el interior de las empresas locales y otros lugares p\u00fablicos.<\/p>\n\n\n\n<p>\u201cInsto al condado de Los \u00c1ngeles ya las 88 ciudades dentro del condado de Los \u00c1ngeles, y las que est\u00e1n m\u00e1s all\u00e1, a que se unan a Pasadena en la implementaci\u00f3n de una pol\u00edtica similar para sus respectivas jurisdicciones\u201d, dijo Gordo. \u201cEl gobierno local funciona como empleador y tenemos la responsabilidad de garantizar un entorno de trabajo seguro para todos los empleados. Esperamos que nuestro ejemplo anime a los empleadores privados a adoptar pol\u00edticas similares. La vacunaci\u00f3n es la \u00fanica herramienta que sabemos que funciona. Un\u00e1monos en este esfuerzo &#8220;.<\/p>\n\n\n\n<p>Seg\u00fan los cient\u00edficos, las personas no vacunadas podr\u00edan aumentar la posibilidad de m\u00e1s variantes. Las variantes tienen el potencial de ser m\u00e1s mortales que la variante actual.<\/p>\n\n\n\n<p>\u201cCada persona que se vacuna est\u00e1 desacelerando el desarrollo de nuevas variantes\u201d, dijo el lunes el Director de Salud P\u00fablica de Pasadena, el Dr. Ying-Ying Goh, al Concejo Municipal. &#8220;Los estudios demuestran que las vacunas protegen contra el virus, incluida la variante&#8221;.<\/p>\n\n\n\n<p>La variante Delta se propaga m\u00e1s f\u00e1cilmente entre las personas, y algunas investigaciones muestran que las personas transmiten la variante a otras antes de que las personas propaguen la cepa original del nuevo coronavirus.<br>&#8220;Es desconcertante presenciar este marcado aumento en las tasas de positividad y hospitalizaciones de COVID-19 en todo el condado de Los \u00c1ngeles, nuestro estado y el pa\u00eds, particularmente porque las vacunas son gratuitas, seguras, ampliamente disponibles y efectivas para prevenir la hospitalizaci\u00f3n y la muerte&#8221;, dijo Gordo. .<\/p>\n\n\n\n<p>El mandato de Pasadena incluir\u00e1 un proceso interno para revisar las solicitudes de exenciones m\u00e9dicas y religiosas.<\/p>\n\n\n\n<p>No se sabe c\u00f3mo tratar\u00e1 la ciudad con los empleados que no cumplan o cu\u00e1ndo entrar\u00e1 en vigencia la pol\u00edtica.<\/p>\n\n\n\n<p>El lunes, Mermell dijo que la pol\u00edtica de la ciudad ser\u00eda similar a la desarrollada en San Francisco.<\/p>\n\n\n\n<p>En esa regi\u00f3n, a los empleados de la ciudad se les dio 30 d\u00edas para demostrar que hab\u00edan sido vacunados a partir del 28 de junio.<\/p>\n\n\n\n<p>En San Francisco, los empleados que no cumplan con la nueva regla se enfrentan a medidas disciplinarias o despidos.<br>\u201cDado que brindamos servicios directos al p\u00fablico, y los ciudadanos no tienen m\u00e1s remedio que confiar en esos servicios [p. Ej. vigilancia policial, bomberos, aplicaci\u00f3n de c\u00f3digos, etc.] &#8211; es de suma importancia garantizar la prestaci\u00f3n del servicio de una manera que proteja la salud p\u00fablica, la seguridad y el bienestar. Los empleados de la ciudad vacunados son parte de la ecuaci\u00f3n, junto con permanecer diligentes y seguir los protocolos de seguridad que incluyen lavarse las manos con frecuencia, usar desinfectante de manos, cubrirse la cara y quedarse en casa si est\u00e1 enfermo \u201d, dijo Gordo. \u201cEs nuestra responsabilidad como l\u00edderes asegurar que nuestra fuerza laboral municipal est\u00e9 haciendo su parte para detener este r\u00e1pido aumento en la transmisi\u00f3n de COVID-19, y tengo la esperanza de que el condado de Los \u00c1ngeles y cada ciudad dentro del condado de Los \u00c1ngeles tomar\u00e1n medidas para garantizar vacunaci\u00f3n de sus empleados municipales \u201d.<\/p>\n","protected":false},"excerpt":{"rendered":"<p>El jueves, el alcalde de Pasadena, V\u00edctor Gordo, pidi\u00f3 a los alcaldes de las 88 ciudades del condado de Los \u00c1ngeles y a los funcionarios del condado que ordenen que todos los empleados de la ciudad y el condado se vacunen contra el COVID-19. El lunes, el administrador de la ciudad Steve Mermell dijo que estaba instituyendo una pol\u00edtica que requerir\u00eda que todos los empleados de la ciudad de Pasadena fueran vacunados. Pasadena enfrenta una propagaci\u00f3n significativa de la variante [&hellip;]<\/p>\n","protected":false},"author":4,"featured_media":9945,"comment_status":"open","ping_status":"closed","sticky":false,"template":"","format":"standard","meta":[],"categories":[6],"tags":[],"acf":[],"_links":{"self":[{"href":"http:\/\/www.pasadenahoy.com\/primero\/wp-json\/wp\/v2\/posts\/9944"}],"collection":[{"href":"http:\/\/www.pasadenahoy.com\/primero\/wp-json\/wp\/v2\/posts"}],"about":[{"href":"http:\/\/www.pasadenahoy.com\/primero\/wp-json\/wp\/v2\/types\/post"}],"author":[{"embeddable":true,"href":"http:\/\/www.pasadenahoy.com\/primero\/wp-json\/wp\/v2\/users\/4"}],"replies":[{"embeddable":true,"href":"http:\/\/www.pasadenahoy.com\/primero\/wp-json\/wp\/v2\/comments?post=9944"}],"version-history":[{"count":2,"href":"http:\/\/www.pasadenahoy.com\/primero\/wp-json\/wp\/v2\/posts\/9944\/revisions"}],"predecessor-version":[{"id":9947,"href":"http:\/\/www.pasadenahoy.com\/primero\/wp-json\/wp\/v2\/posts\/9944\/revisions\/9947"}],"wp:featuredmedia":[{"embeddable":true,"href":"http:\/\/www.pasadenahoy.com\/primero\/wp-json\/wp\/v2\/media\/9945"}],"wp:attachment":[{"href":"http:\/\/www.pasadenahoy.com\/primero\/wp-json\/wp\/v2\/media?parent=9944"}],"wp:term":[{"taxonomy":"category","embeddable":true,"href":"http:\/\/www.pasadenahoy.com\/primero\/wp-json\/wp\/v2\/categories?post=9944"},{"taxonomy":"post_tag","embeddable":true,"href":"http:\/\/www.pasadenahoy.com\/primero\/wp-json\/wp\/v2\/tags?post=9944"}],"curies":[{"name":"wp","href":"https:\/\/api.w.org\/{rel}","templated":true}]}}