{"id":9952,"date":"2021-07-23T15:22:26","date_gmt":"2021-07-23T15:22:26","guid":{"rendered":"http:\/\/www.pasadenahoy.com\/primero\/?p=9952"},"modified":"2021-07-23T15:22:29","modified_gmt":"2021-07-23T15:22:29","slug":"primer-ministro-de-espana-tours-jpl","status":"publish","type":"post","link":"http:\/\/www.pasadenahoy.com\/primero\/la-comunidad\/primer-ministro-de-espana-tours-jpl\/","title":{"rendered":"Primer Ministro de Espa\u00f1a Tours JPL"},"content":{"rendered":"\n<figure class=\"wp-block-image alignnone size-large\"><figure class=\"alignnone\"><img loading=\"lazy\" width=\"740\" height=\"400\" src=\"http:\/\/www.pasadenahoy.com\/primero\/wp-content\/uploads\/2021\/07\/pic-3-3.jpg\" alt=\"\" class=\"wp-image-9953\" srcset=\"http:\/\/www.pasadenahoy.com\/primero\/wp-content\/uploads\/2021\/07\/pic-3-3.jpg 740w, http:\/\/www.pasadenahoy.com\/primero\/wp-content\/uploads\/2021\/07\/pic-3-3-300x162.jpg 300w, http:\/\/www.pasadenahoy.com\/primero\/wp-content\/uploads\/2021\/07\/pic-3-3-241x130.jpg 241w, http:\/\/www.pasadenahoy.com\/primero\/wp-content\/uploads\/2021\/07\/pic-3-3-333x180.jpg 333w, http:\/\/www.pasadenahoy.com\/primero\/wp-content\/uploads\/2021\/07\/pic-3-3-700x378.jpg 700w, http:\/\/www.pasadenahoy.com\/primero\/wp-content\/uploads\/2021\/07\/pic-3-3-360x195.jpg 360w, http:\/\/www.pasadenahoy.com\/primero\/wp-content\/uploads\/2021\/07\/pic-3-3-720x389.jpg 720w\" sizes=\"100vw\" \/><figcaption><span class=\"caption-text\">El primer ministro de Espa\u00f1a, Pedro S\u00e1nchez (izquierda, centro) y el alcalde de Los \u00c1ngeles, Eric Garcetti (centro, derecha) visitaron el Laboratorio de Propulsi\u00f3n a Chorro de la NASA en Pasadena el 22 de julio de 2021. (Cr\u00e9dito: Laboratorio de Propulsi\u00f3n a Chorro)<\/span><\/figcaption><\/figure><\/figure>\n\n\n\n<p>El Primer Ministro de Espa\u00f1a se detuvo en Pasadena el jueves para visitar el Laboratorio de Propulsi\u00f3n a Chorro de la NASA.<\/p>\n\n\n\n<p>El primer ministro Pedro S\u00e1nchez, tambi\u00e9n conocido como presidente del Gobierno de Espa\u00f1a, recorri\u00f3 las instalaciones junto con el alcalde de Los \u00c1ngeles, Eric Garcetti.<\/p>\n\n\n\n<figure class=\"wp-block-embed-twitter wp-block-embed is-type-rich is-provider-twitter\"><div class=\"wp-block-embed__wrapper\">\n<blockquote class=\"twitter-tweet\" data-width=\"550\" data-dnt=\"true\"><p lang=\"en\" dir=\"ltr\">We\u2019re honored to show Spain\u2019s President <a href=\"https:\/\/twitter.com\/sanchezcastejon?ref_src=twsrc%5Etfw\">@SanchezCastejon<\/a> &amp; <a href=\"https:\/\/twitter.com\/MayorOfLA?ref_src=twsrc%5Etfw\">@MayorOfLA<\/a> our work. Spain hosts and staffs one of <a href=\"https:\/\/twitter.com\/NASA?ref_src=twsrc%5Etfw\">@NASA<\/a>\u2019s Deep Space Network complexes and provided instruments to <a href=\"https:\/\/twitter.com\/MarsCuriosity?ref_src=twsrc%5Etfw\">@MarsCuriosity<\/a> &amp; <a href=\"https:\/\/twitter.com\/NASAPersevere?ref_src=twsrc%5Etfw\">@NASAPersevere<\/a>. Space is a big place and working together is a sure way to take it on. <a href=\"https:\/\/t.co\/0xabGYxafE\">pic.twitter.com\/0xabGYxafE<\/a><\/p>&mdash; NASA JPL (@NASAJPL) <a href=\"https:\/\/twitter.com\/NASAJPL\/status\/1418325131001163779?ref_src=twsrc%5Etfw\">July 22, 2021<\/a><\/blockquote><script async src=\"https:\/\/platform.twitter.com\/widgets.js\" charset=\"utf-8\"><\/script>\n<\/div><\/figure>\n\n\n\n<p>Espa\u00f1a es el hogar de uno de los complejos de redes de espacio profundo de la NASA y tambi\u00e9n proporcion\u00f3 instrumentos para el Mars Curiosity Rover, que contin\u00faa explorando el Planeta Rojo, seg\u00fan el JPL.<\/p>\n\n\n\n<p>&#8220;El espacio es un lugar grande y trabajar juntos es una forma segura de asumirlo&#8221;, dijo JPL en <a href=\"https:\/\/twitter.com\/NASAJPL\/status\/1418325131001163779\">un Tweet.<\/a><\/p>\n","protected":false},"excerpt":{"rendered":"<p>El Primer Ministro de Espa\u00f1a se detuvo en Pasadena el jueves para visitar el Laboratorio de Propulsi\u00f3n a Chorro de la NASA. El primer ministro Pedro S\u00e1nchez, tambi\u00e9n conocido como presidente del Gobierno de Espa\u00f1a, recorri\u00f3 las instalaciones junto con el alcalde de Los \u00c1ngeles, Eric Garcetti. Espa\u00f1a es el hogar de uno de los complejos de redes de espacio profundo de la NASA y tambi\u00e9n proporcion\u00f3 instrumentos para el Mars Curiosity Rover, que contin\u00faa explorando el Planeta Rojo, seg\u00fan [&hellip;]<\/p>\n","protected":false},"author":4,"featured_media":9953,"comment_status":"open","ping_status":"closed","sticky":false,"template":"","format":"standard","meta":[],"categories":[4],"tags":[],"acf":[],"_links":{"self":[{"href":"http:\/\/www.pasadenahoy.com\/primero\/wp-json\/wp\/v2\/posts\/9952"}],"collection":[{"href":"http:\/\/www.pasadenahoy.com\/primero\/wp-json\/wp\/v2\/posts"}],"about":[{"href":"http:\/\/www.pasadenahoy.com\/primero\/wp-json\/wp\/v2\/types\/post"}],"author":[{"embeddable":true,"href":"http:\/\/www.pasadenahoy.com\/primero\/wp-json\/wp\/v2\/users\/4"}],"replies":[{"embeddable":true,"href":"http:\/\/www.pasadenahoy.com\/primero\/wp-json\/wp\/v2\/comments?post=9952"}],"version-history":[{"count":2,"href":"http:\/\/www.pasadenahoy.com\/primero\/wp-json\/wp\/v2\/posts\/9952\/revisions"}],"predecessor-version":[{"id":9955,"href":"http:\/\/www.pasadenahoy.com\/primero\/wp-json\/wp\/v2\/posts\/9952\/revisions\/9955"}],"wp:featuredmedia":[{"embeddable":true,"href":"http:\/\/www.pasadenahoy.com\/primero\/wp-json\/wp\/v2\/media\/9953"}],"wp:attachment":[{"href":"http:\/\/www.pasadenahoy.com\/primero\/wp-json\/wp\/v2\/media?parent=9952"}],"wp:term":[{"taxonomy":"category","embeddable":true,"href":"http:\/\/www.pasadenahoy.com\/primero\/wp-json\/wp\/v2\/categories?post=9952"},{"taxonomy":"post_tag","embeddable":true,"href":"http:\/\/www.pasadenahoy.com\/primero\/wp-json\/wp\/v2\/tags?post=9952"}],"curies":[{"name":"wp","href":"https:\/\/api.w.org\/{rel}","templated":true}]}}