{"id":9956,"date":"2021-07-23T15:28:57","date_gmt":"2021-07-23T15:28:57","guid":{"rendered":"http:\/\/www.pasadenahoy.com\/primero\/?p=9956"},"modified":"2021-07-23T15:28:59","modified_gmt":"2021-07-23T15:28:59","slug":"camion-de-entrega-de-amazon-robado-en-pasadena-sospechoso-arrestado-tras-persecucion-desde-azusa-hasta-el-monte","status":"publish","type":"post","link":"http:\/\/www.pasadenahoy.com\/primero\/la-comunidad\/camion-de-entrega-de-amazon-robado-en-pasadena-sospechoso-arrestado-tras-persecucion-desde-azusa-hasta-el-monte\/","title":{"rendered":"Cami\u00f3n de entrega de Amazon robado en Pasadena; Sospechoso arrestado tras persecuci\u00f3n desde Azusa hasta El Monte"},"content":{"rendered":"\n<figure class=\"wp-block-image alignnone size-large\"><figure class=\"alignnone\"><img loading=\"lazy\" width=\"740\" height=\"400\" src=\"http:\/\/www.pasadenahoy.com\/primero\/wp-content\/uploads\/2021\/07\/pic-4-3.png\" alt=\"\" class=\"wp-image-9957\" srcset=\"http:\/\/www.pasadenahoy.com\/primero\/wp-content\/uploads\/2021\/07\/pic-4-3.png 740w, http:\/\/www.pasadenahoy.com\/primero\/wp-content\/uploads\/2021\/07\/pic-4-3-300x162.png 300w, http:\/\/www.pasadenahoy.com\/primero\/wp-content\/uploads\/2021\/07\/pic-4-3-241x130.png 241w, http:\/\/www.pasadenahoy.com\/primero\/wp-content\/uploads\/2021\/07\/pic-4-3-333x180.png 333w, http:\/\/www.pasadenahoy.com\/primero\/wp-content\/uploads\/2021\/07\/pic-4-3-700x378.png 700w, http:\/\/www.pasadenahoy.com\/primero\/wp-content\/uploads\/2021\/07\/pic-4-3-360x195.png 360w, http:\/\/www.pasadenahoy.com\/primero\/wp-content\/uploads\/2021\/07\/pic-4-3-720x389.png 720w\" sizes=\"100vw\" \/><figcaption><span class=\"caption-text\">\u00a9 Colaboradores de OpenStreetMap<\/span><\/figcaption><\/figure><\/figure>\n\n\n\n<p>[Actualizado] Un hombre rob\u00f3 un cami\u00f3n de Amazon cargado con paquetes en Pasadena ante las principales autoridades en una persecuci\u00f3n que se extendi\u00f3 desde Azusa hasta El Monte el mi\u00e9rcoles por la noche, dijo la polic\u00eda.<\/p>\n\n\n\n<p>Un conductor de entrega de Amazon inform\u00f3 que alguien aceler\u00f3 en su cami\u00f3n de entrega alrededor de las 7:45 p.m. mientras hac\u00eda una entrega a lo largo de Orange Grove Boulevard, al este de Fair Oaks Avenue, dijo el teniente de polic\u00eda de Pasadena Anthony Burgess.<\/p>\n\n\n\n<p>Adem\u00e1s de los paquetes del cliente, tambi\u00e9n hab\u00eda un perro dentro del veh\u00edculo cuando fue robado, dijo.<\/p>\n\n\n\n<p>La polic\u00eda logr\u00f3 rastrear el cami\u00f3n robado a trav\u00e9s de un iPad que estaba en \u00e9l, seg\u00fan Burgess.<\/p>\n\n\n\n<p>El cami\u00f3n estaba ubicado en Azusa, donde la polic\u00eda intent\u00f3 detenerlo, dijo. El conductor huy\u00f3, iniciando una persecuci\u00f3n.<\/p>\n\n\n\n<p>La persecuci\u00f3n termin\u00f3 en El Monte donde el conductor abandon\u00f3 la camioneta y corri\u00f3, dijo el teniente. Con la ayuda de un polic\u00eda K-9, los agentes encontraron al sospechoso escondido en un arbusto.<\/p>\n\n\n\n<p>El cami\u00f3n y los paquetes robados fueron recuperados, dijo la polic\u00eda. Los detalles sobre el estado del perro no estaban disponibles de inmediato.<\/p>\n\n\n\n<p>Eddie Jessie Valdez, de 37 a\u00f1os, de Downey fue fichado bajo sospecha de robo de auto y evadir a la polic\u00eda, seg\u00fan la polic\u00eda y los registros de reserva del condado de Los \u00c1ngeles.<\/p>\n\n\n\n<p>Valdez, quien ya estaba en libertad condicional por una condena previa, estaba detenido sin derecho a fianza en espera de su comparecencia inicial ante el tribunal, seg\u00fan muestran los registros.<\/p>\n\n\n\n<p>Seg\u00fan los registros del Tribunal Superior del condado de Los \u00c1ngeles, las condenas anteriores en el condado incluyen posesi\u00f3n de metanfetamina en 2018; llevar drogas a una c\u00e1rcel en 2017; posesi\u00f3n de un arma de fuego por una persona prohibida en 2014; Robo de autom\u00f3viles, delito de evasi\u00f3n de la polic\u00eda y asalto por medios que probablemente produzcan lesiones corporales graves en un oficial de polic\u00eda o un bombero en 2009.<\/p>\n\n\n\n<p>A\u00fan no se hab\u00eda programado una fecha inicial en la corte para el jueves.<\/p>\n\n\n\n<p>Relacionada:<\/p>\n\n\n\n<p><a href=\"http:\/\/Amazon Delivery Truck Stolen in Pasadena; Suspect Arrested Following Pursuit from Azusa to El Monte BY BRIAN DAY Published on Thursday, July 22, 2021 | 9:46 am         \u00a9 OpenStreetMap contributors [Updated] A man stole an Amazon truck loaded with packages in Pasadena before leading authorities on a pursuit that stretched from Azusa to El Monte on Wednesday night, police said.  An Amazon delivery driver reported someone sped off in her delivery truck about 7:45 p.m. while she was making a delivery along Orange Grove Boulevard, just east of Fair Oaks Avenue, Pasadena police Lt. Anthony Burgess said.  In addition to the customer\u2019s packages, there was also a dog inside the vehicle when it was stolen, he said.  Police managed to track the stolen truck via an iPad that was in it, according to Burgess.  The truck was located in Azusa, where police tried to pull it over, he said. The driver fled, initiating a chase.  The pursuit ended up in El Monte where the driver abandoned the truck and ran, the lieutenant said. With help from a police K-9, officers found the suspect hiding in a bush.   The stolen truck and packages were recovered, police said. Details regarding the status of the dog were not immediately available.  Eddie Jessie Valdez, 37, of Downey was booked on suspicion of auto theft and evading police, according to police and Los Angeles County booking records.  Valdez, who was already on parole for a prior conviction, was being held without bail pending his initial court appearance, records show.  According to L.A. County Superior Court records, previous convictions in the county include meth possession in 2018; bringing drugs into a jail facility in 2017; possession of a firearm by a prohibited person in 2014; auto theft, felony evading of police and assault by means likely to produce great bodily injury on a peace officer or firefighter in 2009.  An initial court date was yet to be scheduled Thursday.  Related:  Man Taken Into Custody in Pasadena After Leading CHP On Pursuit in Stolen Van  CORRECTION: A previous version of this article misstated the gender of the victim. The story has been updated.\">Hombre detenido en Pasadena despu\u00e9s de liderar la persecuci\u00f3n de CHP en una camioneta robada<\/a><\/p>\n\n\n\n<p>CORRECCI\u00d3N: Una versi\u00f3n anterior de este art\u00edculo indicaba err\u00f3neamente el g\u00e9nero de la v\u00edctima. La historia se ha actualizado.<\/p>\n","protected":false},"excerpt":{"rendered":"<p>[Actualizado] Un hombre rob\u00f3 un cami\u00f3n de Amazon cargado con paquetes en Pasadena ante las principales autoridades en una persecuci\u00f3n que se extendi\u00f3 desde Azusa hasta El Monte el mi\u00e9rcoles por la noche, dijo la polic\u00eda. Un conductor de entrega de Amazon inform\u00f3 que alguien aceler\u00f3 en su cami\u00f3n de entrega alrededor de las 7:45 p.m. mientras hac\u00eda una entrega a lo largo de Orange Grove Boulevard, al este de Fair Oaks Avenue, dijo el teniente de polic\u00eda de Pasadena [&hellip;]<\/p>\n","protected":false},"author":4,"featured_media":0,"comment_status":"open","ping_status":"closed","sticky":false,"template":"","format":"standard","meta":[],"categories":[4],"tags":[],"acf":[],"_links":{"self":[{"href":"http:\/\/www.pasadenahoy.com\/primero\/wp-json\/wp\/v2\/posts\/9956"}],"collection":[{"href":"http:\/\/www.pasadenahoy.com\/primero\/wp-json\/wp\/v2\/posts"}],"about":[{"href":"http:\/\/www.pasadenahoy.com\/primero\/wp-json\/wp\/v2\/types\/post"}],"author":[{"embeddable":true,"href":"http:\/\/www.pasadenahoy.com\/primero\/wp-json\/wp\/v2\/users\/4"}],"replies":[{"embeddable":true,"href":"http:\/\/www.pasadenahoy.com\/primero\/wp-json\/wp\/v2\/comments?post=9956"}],"version-history":[{"count":2,"href":"http:\/\/www.pasadenahoy.com\/primero\/wp-json\/wp\/v2\/posts\/9956\/revisions"}],"predecessor-version":[{"id":9959,"href":"http:\/\/www.pasadenahoy.com\/primero\/wp-json\/wp\/v2\/posts\/9956\/revisions\/9959"}],"wp:attachment":[{"href":"http:\/\/www.pasadenahoy.com\/primero\/wp-json\/wp\/v2\/media?parent=9956"}],"wp:term":[{"taxonomy":"category","embeddable":true,"href":"http:\/\/www.pasadenahoy.com\/primero\/wp-json\/wp\/v2\/categories?post=9956"},{"taxonomy":"post_tag","embeddable":true,"href":"http:\/\/www.pasadenahoy.com\/primero\/wp-json\/wp\/v2\/tags?post=9956"}],"curies":[{"name":"wp","href":"https:\/\/api.w.org\/{rel}","templated":true}]}}