{"id":9960,"date":"2021-07-23T15:34:56","date_gmt":"2021-07-23T15:34:56","guid":{"rendered":"http:\/\/www.pasadenahoy.com\/primero\/?p=9960"},"modified":"2021-07-23T15:34:58","modified_gmt":"2021-07-23T15:34:58","slug":"las-infecciones-por-covid-19-en-pasadena-el-condado-de-los-angeles-alcanzan-los-niveles-mas-altos-desde-febrero","status":"publish","type":"post","link":"http:\/\/www.pasadenahoy.com\/primero\/la-comunidad\/las-infecciones-por-covid-19-en-pasadena-el-condado-de-los-angeles-alcanzan-los-niveles-mas-altos-desde-febrero\/","title":{"rendered":"Las infecciones por COVID-19 en Pasadena, el condado de Los \u00c1ngeles, alcanzan los niveles m\u00e1s altos desde febrero"},"content":{"rendered":"\n<figure class=\"wp-block-image alignnone size-large\"><figure class=\"alignnone\"><img loading=\"lazy\" width=\"740\" height=\"402\" src=\"http:\/\/www.pasadenahoy.com\/primero\/wp-content\/uploads\/2021\/07\/pic-5-2.png\" alt=\"\" class=\"wp-image-9961\" srcset=\"http:\/\/www.pasadenahoy.com\/primero\/wp-content\/uploads\/2021\/07\/pic-5-2.png 740w, http:\/\/www.pasadenahoy.com\/primero\/wp-content\/uploads\/2021\/07\/pic-5-2-300x163.png 300w, http:\/\/www.pasadenahoy.com\/primero\/wp-content\/uploads\/2021\/07\/pic-5-2-239x130.png 239w, http:\/\/www.pasadenahoy.com\/primero\/wp-content\/uploads\/2021\/07\/pic-5-2-331x180.png 331w, http:\/\/www.pasadenahoy.com\/primero\/wp-content\/uploads\/2021\/07\/pic-5-2-700x380.png 700w, http:\/\/www.pasadenahoy.com\/primero\/wp-content\/uploads\/2021\/07\/pic-5-2-360x196.png 360w, http:\/\/www.pasadenahoy.com\/primero\/wp-content\/uploads\/2021\/07\/pic-5-2-720x391.png 720w\" sizes=\"100vw\" \/><\/figure><\/figure>\n\n\n\n<p>COVID-19 continu\u00f3 ganando terreno en Pasadena y en todo el condado de Los \u00c1ngeles el jueves, ya que ambas jurisdicciones informaron el mayor n\u00famero de infecciones detectadas desde febrero.<\/p>\n\n\n\n<p>Treinta y cuatro nuevas infecciones en Pasadena elevaron el total de la ciudad a 11,627 casos del virus, seg\u00fan datos del Departamento de Salud P\u00fablica de Pasadena. Fue el mayor n\u00famero de casos registrados en un solo d\u00eda desde el 8 de febrero.<\/p>\n\n\n\n<p>No se informaron nuevas muertes y el n\u00famero de v\u00edctimas mortales se situ\u00f3 en 351.<\/p>\n\n\n\n<p>Durante la semana anterior, Pasadena vio un promedio de 18,1 nuevas infecciones de COVID-19 cada d\u00eda, seg\u00fan muestran los registros.<\/p>\n\n\n\n<p>El condado report\u00f3 2.767 nuevas infecciones por COVID el jueves, el n\u00famero diario m\u00e1s alto desde febrero. Los nuevos casos elevaron el total acumulado del condado desde que comenz\u00f3 la pandemia a 1.276.137. Fue el decimocuarto d\u00eda consecutivo en que el n\u00famero de casos diarios super\u00f3 los 1.000.<\/p>\n\n\n\n<p>Se informaron otras 13 muertes, lo que elev\u00f3 el n\u00famero total de muertos a 24,607.<\/p>\n\n\n\n<p>Seg\u00fan cifras estatales, hubo 655 personas hospitalizadas en el condado debido a COVID, frente a las 645 del mi\u00e9rcoles. Hab\u00eda 148 personas en cuidados intensivos, frente a las 140 del d\u00eda anterior.<\/p>\n\n\n\n<p>La tasa diaria promedio de personas que dieron positivo por el virus aument\u00f3 levemente al 5.26% el jueves, en comparaci\u00f3n con el 5.2% del d\u00eda anterior. La tasa de hace un mes era del 0,7%.<\/p>\n\n\n\n<p>Los funcionarios de salud han se\u00f1alado directamente a la cepa Delta altamente infecciosa de COVID-19 por el reciente aumento de casos a nivel local y en todo el pa\u00eds. La variante, detectada por primera vez en la India, ha aumentado su prevalencia en todo el estado y ahora representa la gran mayor\u00eda de las variantes confirmadas en el condado.<\/p>\n\n\n\n<p>Ferrer insisti\u00f3 nuevamente en que las vacunas actuales ofrecen una fuerte protecci\u00f3n contra la variante Delta y continu\u00f3 instando a los residentes a vacunarse. Los residentes j\u00f3venes negros y latinos siguen teniendo las tasas de vacunaci\u00f3n m\u00e1s bajas del condado.<\/p>\n\n\n\n<p>Los residentes negros tambi\u00e9n tuvieron la tasa m\u00e1s alta de nuevas infecciones durante el \u00faltimo mes, con 181 por cada 100,000 residentes. Los residentes latinos han tenido tradicionalmente una de las tasas de infecci\u00f3n m\u00e1s altas durante la pandemia, pero en los \u00faltimos meses, los residentes blancos acumularon una tasa m\u00e1s alta, 83 por cada 100,000 residentes. Los latinos ten\u00edan una tasa de infecci\u00f3n de 62 por cada 100.000 habitantes.<\/p>\n\n\n\n<p>Los residentes negros tambi\u00e9n tuvieron la tasa m\u00e1s alta de hospitalizaciones durante el mes, seguidos por los latinos y los blancos.<\/p>\n\n\n\n<p>El Departamento de Salud P\u00fablica de California inform\u00f3 el jueves 5,577 nuevas infecciones y 31 muertes en todo el estado, elevando el total a 3,778,047 casos de COVID-19 y 64,695 muertes.<\/p>\n\n\n\n<p>La tasa de positividad promedio del estado durante la semana anterior continu\u00f3 su aumento constante al 4.9%, seg\u00fan los datos del CDPH.<\/p>\n\n\n\n<p>Hasta el jueves, el condado de Los \u00c1ngeles representaba el 34% de las infecciones por COVID-19 de California y el 39% de las muertes del estado.<\/p>\n","protected":false},"excerpt":{"rendered":"<p>COVID-19 continu\u00f3 ganando terreno en Pasadena y en todo el condado de Los \u00c1ngeles el jueves, ya que ambas jurisdicciones informaron el mayor n\u00famero de infecciones detectadas desde febrero. Treinta y cuatro nuevas infecciones en Pasadena elevaron el total de la ciudad a 11,627 casos del virus, seg\u00fan datos del Departamento de Salud P\u00fablica de Pasadena. Fue el mayor n\u00famero de casos registrados en un solo d\u00eda desde el 8 de febrero. No se informaron nuevas muertes y el n\u00famero [&hellip;]<\/p>\n","protected":false},"author":4,"featured_media":0,"comment_status":"open","ping_status":"closed","sticky":false,"template":"","format":"standard","meta":[],"categories":[4],"tags":[],"acf":[],"_links":{"self":[{"href":"http:\/\/www.pasadenahoy.com\/primero\/wp-json\/wp\/v2\/posts\/9960"}],"collection":[{"href":"http:\/\/www.pasadenahoy.com\/primero\/wp-json\/wp\/v2\/posts"}],"about":[{"href":"http:\/\/www.pasadenahoy.com\/primero\/wp-json\/wp\/v2\/types\/post"}],"author":[{"embeddable":true,"href":"http:\/\/www.pasadenahoy.com\/primero\/wp-json\/wp\/v2\/users\/4"}],"replies":[{"embeddable":true,"href":"http:\/\/www.pasadenahoy.com\/primero\/wp-json\/wp\/v2\/comments?post=9960"}],"version-history":[{"count":2,"href":"http:\/\/www.pasadenahoy.com\/primero\/wp-json\/wp\/v2\/posts\/9960\/revisions"}],"predecessor-version":[{"id":9963,"href":"http:\/\/www.pasadenahoy.com\/primero\/wp-json\/wp\/v2\/posts\/9960\/revisions\/9963"}],"wp:attachment":[{"href":"http:\/\/www.pasadenahoy.com\/primero\/wp-json\/wp\/v2\/media?parent=9960"}],"wp:term":[{"taxonomy":"category","embeddable":true,"href":"http:\/\/www.pasadenahoy.com\/primero\/wp-json\/wp\/v2\/categories?post=9960"},{"taxonomy":"post_tag","embeddable":true,"href":"http:\/\/www.pasadenahoy.com\/primero\/wp-json\/wp\/v2\/tags?post=9960"}],"curies":[{"name":"wp","href":"https:\/\/api.w.org\/{rel}","templated":true}]}}