{"id":9975,"date":"2021-07-26T16:18:10","date_gmt":"2021-07-26T16:18:10","guid":{"rendered":"http:\/\/www.pasadenahoy.com\/primero\/?p=9975"},"modified":"2021-07-26T16:18:13","modified_gmt":"2021-07-26T16:18:13","slug":"poco-mas-de-la-mitad-de-los-empleados-de-la-ciudad-estan-completamente-vacunados-mientras-el-administrador-de-la-ciudad-prepara-una-politica-que-exige-que-todos","status":"publish","type":"post","link":"http:\/\/www.pasadenahoy.com\/primero\/la-comunidad\/poco-mas-de-la-mitad-de-los-empleados-de-la-ciudad-estan-completamente-vacunados-mientras-el-administrador-de-la-ciudad-prepara-una-politica-que-exige-que-todos\/","title":{"rendered":"Poco m\u00e1s de la mitad de los empleados de la ciudad est\u00e1n completamente vacunados, mientras el administrador de la ciudad prepara una pol\u00edtica que exige que todos"},"content":{"rendered":"\n<figure class=\"wp-block-image alignnone size-large\"><figure class=\"alignnone\"><img loading=\"lazy\" width=\"740\" height=\"400\" src=\"http:\/\/www.pasadenahoy.com\/primero\/wp-content\/uploads\/2021\/07\/pic-2-8.jpg\" alt=\"\" class=\"wp-image-9976\" srcset=\"http:\/\/www.pasadenahoy.com\/primero\/wp-content\/uploads\/2021\/07\/pic-2-8.jpg 740w, http:\/\/www.pasadenahoy.com\/primero\/wp-content\/uploads\/2021\/07\/pic-2-8-300x162.jpg 300w, http:\/\/www.pasadenahoy.com\/primero\/wp-content\/uploads\/2021\/07\/pic-2-8-241x130.jpg 241w, http:\/\/www.pasadenahoy.com\/primero\/wp-content\/uploads\/2021\/07\/pic-2-8-333x180.jpg 333w, http:\/\/www.pasadenahoy.com\/primero\/wp-content\/uploads\/2021\/07\/pic-2-8-700x378.jpg 700w, http:\/\/www.pasadenahoy.com\/primero\/wp-content\/uploads\/2021\/07\/pic-2-8-360x195.jpg 360w, http:\/\/www.pasadenahoy.com\/primero\/wp-content\/uploads\/2021\/07\/pic-2-8-720x389.jpg 720w\" sizes=\"100vw\" \/><\/figure><\/figure>\n\n\n\n<p>El administrador de la ciudad, Steve Mermell, quien est\u00e1 desarrollando una pol\u00edtica que requerir\u00eda que todos los trabajadores de la ciudad se vacunen contra el coronavirus, dijo que el 55% de los empleados afirman estar completamente vacunados.<\/p>\n\n\n\n<p>\u201cSeg\u00fan las autocertificaciones proporcionadas voluntariamente por los empleados de la Ciudad, aproximadamente el 55% declar\u00f3 que est\u00e1n completamente vacunados contra COVID-19\u201d, escribi\u00f3 Mermell en su bolet\u00edn semanal.<\/p>\n\n\n\n<p>\u201cSeg\u00fan Jennifer Curtis, directora de Recursos Humanos, este n\u00famero no incluye a los empleados que est\u00e1n parcialmente vacunados o completamente vacunados, pero que a\u00fan no han presentado la autocertificaci\u00f3n\u201d, escribi\u00f3 Mermell.<\/p>\n\n\n\n<p>\u201cNuestro Departamento de Salud lleva a cabo cl\u00ednicas de vacunaci\u00f3n casi todos los d\u00edas en lugares de la ciudad, e incluso han ido a lugares de trabajo espec\u00edficos para acomodar a los empleados y sus horarios\u201d, dijo la Oficial de Informaci\u00f3n P\u00fablica Lisa Derderian.<\/p>\n\n\n\n<p>\u201cNecesitamos ver esto como un tema de seguridad y respeto entre pares. As\u00ed como nuestros empleados se apoyan y se cuidan unos a otros en sus funciones diarias, necesitan cuidarse unos a otros a largo plazo, porque, lamentablemente, este virus no desaparecer\u00e1 pronto \u201d, dijo Derderian.<\/p>\n\n\n\n<p>Tras un fuerte aumento de casos, los funcionarios de la ciudad han restablecido las pautas que requieren que las personas usen m\u00e1scaras dentro de los negocios locales.<\/p>\n\n\n\n<p>La semana pasada, el alcalde V\u00edctor Gordo pidi\u00f3 al condado y a todas sus 88 ciudades que adopten una pol\u00edtica de vacunaci\u00f3n para los empleados del gobierno.<\/p>\n\n\n\n<p>\u201cInsto al condado de Los \u00c1ngeles y a las 88 ciudades dentro del condado de Los \u00c1ngeles, y a las que est\u00e1n m\u00e1s all\u00e1, a unirse a Pasadena en la implementaci\u00f3n de una pol\u00edtica similar para sus respectivas jurisdicciones.<\/p>\n\n\n\n<p>El gobierno local funciona como empleador y tenemos la responsabilidad de garantizar un entorno de trabajo seguro para todos los empleados \u201d, dijo Gordo.<\/p>\n\n\n\n<p>\u201cEsperamos que nuestro ejemplo anime a los empleadores privados a adoptar pol\u00edticas similares. La vacunaci\u00f3n es la \u00fanica herramienta que sabemos que funciona. Un\u00e1monos en este esfuerzo \u201d, dijo.<\/p>\n\n\n\n<p>Si se implementa, Pasadena ser\u00eda la primera ciudad del sur de California en exigir que sus empleados se vacunen. El sistema de la Universidad de California, el sistema de la Universidad Cal State y la ciudad y el condado de San Francisco anunciaron recientemente pol\u00edticas similares.<\/p>\n\n\n\n<p>Aproximadamente el 80% de la poblaci\u00f3n de la ciudad mayor de 12 a\u00f1os ha sido vacunada, seg\u00fan funcionarios de la ciudad.<\/p>\n\n\n\n<p>Seg\u00fan el anuncio sobre el enmascaramiento, &#8220;Pasadena ahora cumple con la definici\u00f3n de los CDC de &#8216;transmisi\u00f3n sustancial&#8217; de COVID-19&#8221;.<\/p>\n\n\n\n<p>Durante los \u00faltimos cuatro d\u00edas, el condado de L.A. ha tenido aumentos sustanciales en las infecciones. El condado ha reportado m\u00e1s de 2,000 nuevos casos del virus todos los d\u00edas desde el jueves pasado.<\/p>\n\n\n\n<p>Si bien las tasas de casos de Pasadena fueron m\u00e1s bajas que las del condado de Los \u00c1ngeles, las cifras locales continuaron aumentando.<\/p>\n\n\n\n<p>La resistencia a las vacunas sigue siendo un problema en todo el pa\u00eds. Hasta ahora, se ha vacunado alrededor del 50% del pa\u00eds. Pero las teor\u00edas de la conspiraci\u00f3n y las publicaciones inexactas en las redes sociales contin\u00faan plagando los esfuerzos para aumentar las vacunas.<\/p>\n\n\n\n<p>En una encuesta de Economist \/ YouGov realizada a principios de este mes, el 15% de los 1.500 participantes dijeron que era &#8220;probablemente cierto&#8221; que las vacunas contienen microchips, mientras que el 5% dijo que era &#8220;definitivamente cierto&#8221; que el gobierno usa vacunas COVID para poner microchips en las personas.<\/p>\n","protected":false},"excerpt":{"rendered":"<p>El administrador de la ciudad, Steve Mermell, quien est\u00e1 desarrollando una pol\u00edtica que requerir\u00eda que todos los trabajadores de la ciudad se vacunen contra el coronavirus, dijo que el 55% de los empleados afirman estar completamente vacunados. \u201cSeg\u00fan las autocertificaciones proporcionadas voluntariamente por los empleados de la Ciudad, aproximadamente el 55% declar\u00f3 que est\u00e1n completamente vacunados contra COVID-19\u201d, escribi\u00f3 Mermell en su bolet\u00edn semanal. \u201cSeg\u00fan Jennifer Curtis, directora de Recursos Humanos, este n\u00famero no incluye a los empleados que est\u00e1n [&hellip;]<\/p>\n","protected":false},"author":4,"featured_media":9976,"comment_status":"open","ping_status":"closed","sticky":false,"template":"","format":"standard","meta":[],"categories":[4],"tags":[],"acf":[],"_links":{"self":[{"href":"http:\/\/www.pasadenahoy.com\/primero\/wp-json\/wp\/v2\/posts\/9975"}],"collection":[{"href":"http:\/\/www.pasadenahoy.com\/primero\/wp-json\/wp\/v2\/posts"}],"about":[{"href":"http:\/\/www.pasadenahoy.com\/primero\/wp-json\/wp\/v2\/types\/post"}],"author":[{"embeddable":true,"href":"http:\/\/www.pasadenahoy.com\/primero\/wp-json\/wp\/v2\/users\/4"}],"replies":[{"embeddable":true,"href":"http:\/\/www.pasadenahoy.com\/primero\/wp-json\/wp\/v2\/comments?post=9975"}],"version-history":[{"count":2,"href":"http:\/\/www.pasadenahoy.com\/primero\/wp-json\/wp\/v2\/posts\/9975\/revisions"}],"predecessor-version":[{"id":9978,"href":"http:\/\/www.pasadenahoy.com\/primero\/wp-json\/wp\/v2\/posts\/9975\/revisions\/9978"}],"wp:featuredmedia":[{"embeddable":true,"href":"http:\/\/www.pasadenahoy.com\/primero\/wp-json\/wp\/v2\/media\/9976"}],"wp:attachment":[{"href":"http:\/\/www.pasadenahoy.com\/primero\/wp-json\/wp\/v2\/media?parent=9975"}],"wp:term":[{"taxonomy":"category","embeddable":true,"href":"http:\/\/www.pasadenahoy.com\/primero\/wp-json\/wp\/v2\/categories?post=9975"},{"taxonomy":"post_tag","embeddable":true,"href":"http:\/\/www.pasadenahoy.com\/primero\/wp-json\/wp\/v2\/tags?post=9975"}],"curies":[{"name":"wp","href":"https:\/\/api.w.org\/{rel}","templated":true}]}}