{"id":9983,"date":"2021-07-26T16:26:35","date_gmt":"2021-07-26T16:26:35","guid":{"rendered":"http:\/\/www.pasadenahoy.com\/primero\/?p=9983"},"modified":"2021-07-26T16:26:37","modified_gmt":"2021-07-26T16:26:37","slug":"camion-termina-en-las-vias-de-la-gold-line-el-lunes-por-la-manana-lo-que-genera-trafico-en-direccion-oeste-en-la-autopista-i-210-foothill-freeway","status":"publish","type":"post","link":"http:\/\/www.pasadenahoy.com\/primero\/la-comunidad\/camion-termina-en-las-vias-de-la-gold-line-el-lunes-por-la-manana-lo-que-genera-trafico-en-direccion-oeste-en-la-autopista-i-210-foothill-freeway\/","title":{"rendered":"Cami\u00f3n termina en las v\u00edas de la Gold Line el lunes por la ma\u00f1ana, lo que genera tr\u00e1fico en direcci\u00f3n oeste en la autopista I-210 Foothill Freeway"},"content":{"rendered":"\n<figure class=\"wp-block-image alignnone size-large\"><figure class=\"alignnone\"><img loading=\"lazy\" width=\"740\" height=\"400\" src=\"http:\/\/www.pasadenahoy.com\/primero\/wp-content\/uploads\/2021\/07\/pic-4-6.jpg\" alt=\"\" class=\"wp-image-9984\" srcset=\"http:\/\/www.pasadenahoy.com\/primero\/wp-content\/uploads\/2021\/07\/pic-4-6.jpg 740w, http:\/\/www.pasadenahoy.com\/primero\/wp-content\/uploads\/2021\/07\/pic-4-6-300x162.jpg 300w, http:\/\/www.pasadenahoy.com\/primero\/wp-content\/uploads\/2021\/07\/pic-4-6-241x130.jpg 241w, http:\/\/www.pasadenahoy.com\/primero\/wp-content\/uploads\/2021\/07\/pic-4-6-333x180.jpg 333w, http:\/\/www.pasadenahoy.com\/primero\/wp-content\/uploads\/2021\/07\/pic-4-6-700x378.jpg 700w, http:\/\/www.pasadenahoy.com\/primero\/wp-content\/uploads\/2021\/07\/pic-4-6-360x195.jpg 360w, http:\/\/www.pasadenahoy.com\/primero\/wp-content\/uploads\/2021\/07\/pic-4-6-720x389.jpg 720w\" sizes=\"100vw\" \/><figcaption><span class=\"caption-text\">(Fotos cortes\u00eda del Departamento de Bomberos de Pasadena)<\/span><\/figcaption><\/figure><\/figure>\n\n\n\n<p>Un semirremolque estilo caja sali\u00f3 de la autopista I-210 Foothill en direcci\u00f3n oeste al oeste de Sierra Madre Boulevard y termin\u00f3 volcado en las v\u00edas del tren ligero Metro Gold Line justo a las 4:30 a.m. del lunes.<\/p>\n\n\n\n<p>El conductor solo sufri\u00f3 heridas leves, dijeron las autoridades.<\/p>\n\n\n\n<p>Las unidades del Departamento de Bomberos de Pasadena aconsejaron al centro de operaciones ferroviarias de Metro que cierre todo el tr\u00e1fico ferroviario, seg\u00fan las autoridades.<\/p>\n\n\n\n<p>Posteriormente, Metro anunci\u00f3 que no hab\u00eda servicio de tren entre la estaci\u00f3n Sierra Madre y la avenida Allen y les dijo a los pasajeros que usaran el servicio de transporte en autob\u00fas o que consideraran Metro Micro.<\/p>\n\n\n\n<p>Un portavoz del Departamento de Bomberos de Pasadena dijo que despu\u00e9s de que los bomberos determinaron que el cami\u00f3n transportaba paquetes a granel de una empresa de comercio por Internet que no conten\u00edan nada peligroso, se retiraron del lugar.<\/p>\n\n\n\n<p>A partir de las 6:30 a.m., el tr\u00e1fico en direcci\u00f3n oeste se retrocedi\u00f3 hasta el paso elevado de Huntington Drive en Monrovia, seg\u00fan el sitio web Sigalert.<\/p>\n","protected":false},"excerpt":{"rendered":"<p>Un semirremolque estilo caja sali\u00f3 de la autopista I-210 Foothill en direcci\u00f3n oeste al oeste de Sierra Madre Boulevard y termin\u00f3 volcado en las v\u00edas del tren ligero Metro Gold Line justo a las 4:30 a.m. del lunes. El conductor solo sufri\u00f3 heridas leves, dijeron las autoridades. Las unidades del Departamento de Bomberos de Pasadena aconsejaron al centro de operaciones ferroviarias de Metro que cierre todo el tr\u00e1fico ferroviario, seg\u00fan las autoridades. Posteriormente, Metro anunci\u00f3 que no hab\u00eda servicio de [&hellip;]<\/p>\n","protected":false},"author":4,"featured_media":0,"comment_status":"open","ping_status":"closed","sticky":false,"template":"","format":"standard","meta":[],"categories":[4],"tags":[],"acf":[],"_links":{"self":[{"href":"http:\/\/www.pasadenahoy.com\/primero\/wp-json\/wp\/v2\/posts\/9983"}],"collection":[{"href":"http:\/\/www.pasadenahoy.com\/primero\/wp-json\/wp\/v2\/posts"}],"about":[{"href":"http:\/\/www.pasadenahoy.com\/primero\/wp-json\/wp\/v2\/types\/post"}],"author":[{"embeddable":true,"href":"http:\/\/www.pasadenahoy.com\/primero\/wp-json\/wp\/v2\/users\/4"}],"replies":[{"embeddable":true,"href":"http:\/\/www.pasadenahoy.com\/primero\/wp-json\/wp\/v2\/comments?post=9983"}],"version-history":[{"count":2,"href":"http:\/\/www.pasadenahoy.com\/primero\/wp-json\/wp\/v2\/posts\/9983\/revisions"}],"predecessor-version":[{"id":9986,"href":"http:\/\/www.pasadenahoy.com\/primero\/wp-json\/wp\/v2\/posts\/9983\/revisions\/9986"}],"wp:attachment":[{"href":"http:\/\/www.pasadenahoy.com\/primero\/wp-json\/wp\/v2\/media?parent=9983"}],"wp:term":[{"taxonomy":"category","embeddable":true,"href":"http:\/\/www.pasadenahoy.com\/primero\/wp-json\/wp\/v2\/categories?post=9983"},{"taxonomy":"post_tag","embeddable":true,"href":"http:\/\/www.pasadenahoy.com\/primero\/wp-json\/wp\/v2\/tags?post=9983"}],"curies":[{"name":"wp","href":"https:\/\/api.w.org\/{rel}","templated":true}]}}