{"id":9987,"date":"2021-07-26T16:30:49","date_gmt":"2021-07-26T16:30:49","guid":{"rendered":"http:\/\/www.pasadenahoy.com\/primero\/?p=9987"},"modified":"2021-07-26T16:30:51","modified_gmt":"2021-07-26T16:30:51","slug":"hombre-de-pasadena-acusado-de-secuestro-y-agresion-sexual-a-adolescente-en-corona","status":"publish","type":"post","link":"http:\/\/www.pasadenahoy.com\/primero\/la-comunidad\/hombre-de-pasadena-acusado-de-secuestro-y-agresion-sexual-a-adolescente-en-corona\/","title":{"rendered":"Hombre de Pasadena acusado de secuestro y agresi\u00f3n sexual a adolescente en Corona"},"content":{"rendered":"\n<figure class=\"wp-block-image alignnone size-large\"><figure class=\"alignnone\"><img loading=\"lazy\" width=\"740\" height=\"400\" src=\"http:\/\/www.pasadenahoy.com\/primero\/wp-content\/uploads\/2021\/07\/pic-5-9.jpg\" alt=\"\" class=\"wp-image-9988\" srcset=\"http:\/\/www.pasadenahoy.com\/primero\/wp-content\/uploads\/2021\/07\/pic-5-9.jpg 740w, http:\/\/www.pasadenahoy.com\/primero\/wp-content\/uploads\/2021\/07\/pic-5-9-300x162.jpg 300w, http:\/\/www.pasadenahoy.com\/primero\/wp-content\/uploads\/2021\/07\/pic-5-9-241x130.jpg 241w, http:\/\/www.pasadenahoy.com\/primero\/wp-content\/uploads\/2021\/07\/pic-5-9-333x180.jpg 333w, http:\/\/www.pasadenahoy.com\/primero\/wp-content\/uploads\/2021\/07\/pic-5-9-700x378.jpg 700w, http:\/\/www.pasadenahoy.com\/primero\/wp-content\/uploads\/2021\/07\/pic-5-9-360x195.jpg 360w, http:\/\/www.pasadenahoy.com\/primero\/wp-content\/uploads\/2021\/07\/pic-5-9-720x389.jpg 720w\" sizes=\"100vw\" \/><figcaption><span class=\"caption-text\">Andrew San Gabino, 25, de Pasadena, en una fotograf\u00eda proporcionada por el Departamento de Polic\u00eda de Corona.<\/span><\/figcaption><\/figure><\/figure>\n\n\n\n<p>Un hombre de Pasadena acusado de secuestrar a una adolescente y agredirla sexualmente en Corona fue arrestado y permaneci\u00f3 tras las rejas hoy en lugar de una fianza de $ 130,000.<\/p>\n\n\n\n<p>Andrew San Gabino, de 25 a\u00f1os, fue detenido el jueves e ingresado en el Centro de Detenci\u00f3n Robert Presley bajo sospecha de actos lascivos con un ni\u00f1o, agresi\u00f3n sexual de un ni\u00f1o y secuestro.<\/p>\n\n\n\n<p>Seg\u00fan el Departamento de Polic\u00eda de Corona, la v\u00edctima, una ni\u00f1a de 15 a\u00f1os, caminaba cerca de las avenidas Corona y Parkridge alrededor de las 2 p.m. El 15 de julio, cuando un hombre se acerc\u00f3 a ella, le pidi\u00f3 direcciones y le exigi\u00f3 que entrara.<br>su veh\u00edculo.<\/p>\n\n\n\n<p>La ni\u00f1a dijo a los investigadores que cumpli\u00f3 y el sospechoso la llev\u00f3 a un \u00e1rea residencial donde la agredi\u00f3 sexualmente.<\/p>\n\n\n\n<p>\u201cEsta investigaci\u00f3n a\u00fan est\u00e1 en curso y nuestro detective cree que puede haber incidentes no denunciados que involucren a San Gabino\u201d, dijo el cabo Tobias Kouroubacalis del Departamento de Polic\u00eda de Corona.<\/p>\n\n\n\n<p>Se inst\u00f3 a cualquier persona con informaci\u00f3n sobre este caso u otros incidentes relacionados con San Gabino que llamara a la detective principal Gail Gottfried al (951) 279-3623 o env\u00ede un correo electr\u00f3nico a Gail.Gottfried@CoronaCA.gov.<\/p>\n","protected":false},"excerpt":{"rendered":"<p>Un hombre de Pasadena acusado de secuestrar a una adolescente y agredirla sexualmente en Corona fue arrestado y permaneci\u00f3 tras las rejas hoy en lugar de una fianza de $ 130,000. Andrew San Gabino, de 25 a\u00f1os, fue detenido el jueves e ingresado en el Centro de Detenci\u00f3n Robert Presley bajo sospecha de actos lascivos con un ni\u00f1o, agresi\u00f3n sexual de un ni\u00f1o y secuestro. Seg\u00fan el Departamento de Polic\u00eda de Corona, la v\u00edctima, una ni\u00f1a de 15 a\u00f1os, caminaba [&hellip;]<\/p>\n","protected":false},"author":4,"featured_media":0,"comment_status":"open","ping_status":"closed","sticky":false,"template":"","format":"standard","meta":[],"categories":[4],"tags":[],"acf":[],"_links":{"self":[{"href":"http:\/\/www.pasadenahoy.com\/primero\/wp-json\/wp\/v2\/posts\/9987"}],"collection":[{"href":"http:\/\/www.pasadenahoy.com\/primero\/wp-json\/wp\/v2\/posts"}],"about":[{"href":"http:\/\/www.pasadenahoy.com\/primero\/wp-json\/wp\/v2\/types\/post"}],"author":[{"embeddable":true,"href":"http:\/\/www.pasadenahoy.com\/primero\/wp-json\/wp\/v2\/users\/4"}],"replies":[{"embeddable":true,"href":"http:\/\/www.pasadenahoy.com\/primero\/wp-json\/wp\/v2\/comments?post=9987"}],"version-history":[{"count":2,"href":"http:\/\/www.pasadenahoy.com\/primero\/wp-json\/wp\/v2\/posts\/9987\/revisions"}],"predecessor-version":[{"id":9990,"href":"http:\/\/www.pasadenahoy.com\/primero\/wp-json\/wp\/v2\/posts\/9987\/revisions\/9990"}],"wp:attachment":[{"href":"http:\/\/www.pasadenahoy.com\/primero\/wp-json\/wp\/v2\/media?parent=9987"}],"wp:term":[{"taxonomy":"category","embeddable":true,"href":"http:\/\/www.pasadenahoy.com\/primero\/wp-json\/wp\/v2\/categories?post=9987"},{"taxonomy":"post_tag","embeddable":true,"href":"http:\/\/www.pasadenahoy.com\/primero\/wp-json\/wp\/v2\/tags?post=9987"}],"curies":[{"name":"wp","href":"https:\/\/api.w.org\/{rel}","templated":true}]}}