{"id":9991,"date":"2021-07-26T16:35:06","date_gmt":"2021-07-26T16:35:06","guid":{"rendered":"http:\/\/www.pasadenahoy.com\/primero\/?p=9991"},"modified":"2021-07-26T16:35:08","modified_gmt":"2021-07-26T16:35:08","slug":"torneo-de-rosas-que-acepta-solicitudes-de-la-corte-real","status":"publish","type":"post","link":"http:\/\/www.pasadenahoy.com\/primero\/la-comunidad\/torneo-de-rosas-que-acepta-solicitudes-de-la-corte-real\/","title":{"rendered":"Torneo de rosas que acepta solicitudes de la corte real"},"content":{"rendered":"\n<figure class=\"wp-block-image alignnone size-large\"><figure class=\"alignnone\"><img loading=\"lazy\" width=\"740\" height=\"400\" src=\"http:\/\/www.pasadenahoy.com\/primero\/wp-content\/uploads\/2021\/07\/pic-6-9.jpg\" alt=\"\" class=\"wp-image-9992\" srcset=\"http:\/\/www.pasadenahoy.com\/primero\/wp-content\/uploads\/2021\/07\/pic-6-9.jpg 740w, http:\/\/www.pasadenahoy.com\/primero\/wp-content\/uploads\/2021\/07\/pic-6-9-300x162.jpg 300w, http:\/\/www.pasadenahoy.com\/primero\/wp-content\/uploads\/2021\/07\/pic-6-9-241x130.jpg 241w, http:\/\/www.pasadenahoy.com\/primero\/wp-content\/uploads\/2021\/07\/pic-6-9-333x180.jpg 333w, http:\/\/www.pasadenahoy.com\/primero\/wp-content\/uploads\/2021\/07\/pic-6-9-700x378.jpg 700w, http:\/\/www.pasadenahoy.com\/primero\/wp-content\/uploads\/2021\/07\/pic-6-9-360x195.jpg 360w, http:\/\/www.pasadenahoy.com\/primero\/wp-content\/uploads\/2021\/07\/pic-6-9-720x389.jpg 720w\" sizes=\"100vw\" \/><figcaption><span class=\"caption-text\">Las mujeres j\u00f3venes se comunican con los miembros y el personal del Torneo durante la primera ronda de pruebas para el Torneo de Rosas de Pasadena 2019 Royal Court y Rose Queen. [Foto de archivo de James Carbone]<\/span><\/figcaption><\/figure><\/figure>\n\n\n\n<p>El plazo de solicitud para el Torneo de las Rosas de la Corte Real se abrir\u00e1 el lunes.<br>No se seleccion\u00f3 ning\u00fan Tribunal Real el a\u00f1o pasado debido a la pandemia de COVID-19, que tambi\u00e9n oblig\u00f3 a cancelar el Desfile de las Rosas por primera vez desde la Segunda Guerra Mundial.<\/p>\n\n\n\n<p>Las solicitudes estar\u00e1n disponibles en el sitio web del Torneo de Rosas <a href=\"https:\/\/tournamentofroses.com\/about\/royal-court\/.\">https:\/\/tournamentofroses.com\/about\/royal-court\/.<\/a><\/p>\n\n\n\n<p>Los siete miembros de la Corte Real que finalmente sean seleccionados para presidir el 133\u00ba Rose Bowl y el 108\u00ba Rose Bowl Game recibir\u00e1n cada uno becas de $ 7,500 y servir\u00e1n como embajadores del Torneo de las Rosas.<\/p>\n\n\n\n<p>La primera ronda de entrevistas se realizar\u00e1 de 10 a.m. a 4 p.m. S\u00e1bado 11 de septiembre.<\/p>\n\n\n\n<p>Una segunda ronda se llevar\u00e1 a cabo de 15 a 18 horas. 13 de septiembre.<\/p>\n\n\n\n<p>Las entrevistas finales se realizar\u00e1n de 15 a 18 horas. 28 de septiembre.<\/p>\n\n\n\n<p>La Corte Real se anunciar\u00e1 a las 9 a.m. 4 de octubre y la Reina Rosa ser\u00e1 coronada a las 5 p.m. 26 de octubre.<\/p>\n","protected":false},"excerpt":{"rendered":"<p>El plazo de solicitud para el Torneo de las Rosas de la Corte Real se abrir\u00e1 el lunes.No se seleccion\u00f3 ning\u00fan Tribunal Real el a\u00f1o pasado debido a la pandemia de COVID-19, que tambi\u00e9n oblig\u00f3 a cancelar el Desfile de las Rosas por primera vez desde la Segunda Guerra Mundial. Las solicitudes estar\u00e1n disponibles en el sitio web del Torneo de Rosas https:\/\/tournamentofroses.com\/about\/royal-court\/. Los siete miembros de la Corte Real que finalmente sean seleccionados para presidir el 133\u00ba Rose Bowl [&hellip;]<\/p>\n","protected":false},"author":4,"featured_media":0,"comment_status":"open","ping_status":"closed","sticky":false,"template":"","format":"standard","meta":[],"categories":[4],"tags":[],"acf":[],"_links":{"self":[{"href":"http:\/\/www.pasadenahoy.com\/primero\/wp-json\/wp\/v2\/posts\/9991"}],"collection":[{"href":"http:\/\/www.pasadenahoy.com\/primero\/wp-json\/wp\/v2\/posts"}],"about":[{"href":"http:\/\/www.pasadenahoy.com\/primero\/wp-json\/wp\/v2\/types\/post"}],"author":[{"embeddable":true,"href":"http:\/\/www.pasadenahoy.com\/primero\/wp-json\/wp\/v2\/users\/4"}],"replies":[{"embeddable":true,"href":"http:\/\/www.pasadenahoy.com\/primero\/wp-json\/wp\/v2\/comments?post=9991"}],"version-history":[{"count":2,"href":"http:\/\/www.pasadenahoy.com\/primero\/wp-json\/wp\/v2\/posts\/9991\/revisions"}],"predecessor-version":[{"id":9994,"href":"http:\/\/www.pasadenahoy.com\/primero\/wp-json\/wp\/v2\/posts\/9991\/revisions\/9994"}],"wp:attachment":[{"href":"http:\/\/www.pasadenahoy.com\/primero\/wp-json\/wp\/v2\/media?parent=9991"}],"wp:term":[{"taxonomy":"category","embeddable":true,"href":"http:\/\/www.pasadenahoy.com\/primero\/wp-json\/wp\/v2\/categories?post=9991"},{"taxonomy":"post_tag","embeddable":true,"href":"http:\/\/www.pasadenahoy.com\/primero\/wp-json\/wp\/v2\/tags?post=9991"}],"curies":[{"name":"wp","href":"https:\/\/api.w.org\/{rel}","templated":true}]}}